{"id":19840,"date":"2020-11-09T12:19:29","date_gmt":"2020-11-09T18:19:29","guid":{"rendered":"https:\/\/www.zonaroja.com.mx\/?p=19840"},"modified":"2020-11-09T12:50:54","modified_gmt":"2020-11-09T18:50:54","slug":"la-omci-secuestra-tuxtepec-y-se-moviliza-en-la-capital-y-la-canada","status":"publish","type":"post","link":"https:\/\/zonaroja.com.mx\/?p=19840","title":{"rendered":"La OMCI \u201csecuestra\u201d Tuxtepec y se moviliza en la capital y la Ca\u00f1ada"},"content":{"rendered":"\n<p class=\"MsoNormal\">Yuridiana Sosa\/Zona Roja. <\/p>\n\n\n\n<p class=\"MsoNormal\">Oaxaca de Ju\u00e1rez, Oax., 9 de noviembre de 2020.- Habitantes del municipio de San Miguel Soyaltepec se manifestaron <a href=\"\/\/1\">este lunes<\/a> en las regiones Cuenca del Papaloapan, Ca\u00f1ada y Valles Centrales, para denunciar cobros excesivos de la Comisi\u00f3n Federal de Electricidad (CFE) en comunidades ind\u00edgenas, as\u00ed como para exigir servicios b\u00e1sicos al Gobierno del Estado.<\/p>\n\n\n\n<p class=\"MsoNormal\">Los pobladores originarios de la regi\u00f3n Cuenca, e integrantes de la Organizaci\u00f3n Mexicana de Comunidades Ind\u00edgenas (OMCI), se apoderaron de la estaci\u00f3n hidroel\u00e9ctrica de la CFE en Soyaltepec, conocido como Temascal.&nbsp;<\/p>\n\n\n\n<p class=\"MsoNormal\">Mientras que en San Juan Bautista Tuxtepec cerraron los accesos carreteros que comunican a los municipios de la regi\u00f3n con el estado de Veracruz. <\/p>\n\n\n\n<p class=\"MsoNormal\">Desde temprana hora, la organizaci\u00f3n bloque\u00f3 la carretera federal 175, en inmediaciones de la caseta de peaje Puente Caracol, as\u00ed como hicieron presencia para obstruir la vialidad en la carretera federal 145, en la caseta de cobro \u201cPapaloapan\u201d, con lo que tambi\u00e9n se afectan a automovilistas y transportistas de otros municipios vecinos de la Cuenca de Oaxaca y de Veracruz.<\/p>\n\n\n\n<p class=\"MsoNormal\">Pero los bloqueos tambi\u00e9n se activaron en la vialidad Tuxtepec-Jalapa de D\u00edaz, en la regi\u00f3n Ca\u00f1ada y en la capital oaxaque\u00f1a, en Valles Centrales, frente a Casa Oficial en la avenida Ju\u00e1rez, donde presionaron con un bloqueo para conseguir una mesa de di\u00e1logo con autoridades estatales.<\/p>\n\n\n\n<p class=\"MsoNormal\">LAS DEMANDAS<\/p>\n\n\n\n<p class=\"MsoNormal\">Diversas comunidades asentadas en islas de la presa Miguel Alem\u00e1n (Temascal) no cuentan con servicios de energ\u00eda el\u00e9ctrica o su servicio es irregular, pero a pesar de eso la CFE les cobra entre 80 y 100 mil pesos, denunciaron.<\/p>\n\n\n\n<p class=\"MsoNormal\">El dirigente de la OMCI, Marco Antonio G\u00f3mez Torres, se\u00f1al\u00f3 que en diferentes casos los habitantes en esos asentamientos no cuentan ni con refrigerador o televisiones, por lo que son irracionales los cobros de luz, mientras que en la cabecera de Soyaltepec sufren de apagones constantes que a veces tarden entre tres horas y hasta por una semana se quedan sin servicios.<\/p>\n\n\n\n<p class=\"MsoNormal\">Situaci\u00f3n por la que exigen al Gobierno del Estado su intervenci\u00f3n para que la CFE realice ajuste en sus tarifas y regularice el servicio en esas comunidades.<\/p>\n\n\n\n<p class=\"MsoNormal\">Mientras que por la falta de servicios b\u00e1sicos como son drenaje o agua potable, exigieron al gobierno intervenci\u00f3n inmediata a trav\u00e9s del Comit\u00e9 Estatal de Planeaci\u00f3n para el Desarrollo (Coplade), a cargo de Jorge Toledo Luis. <\/p>\n\n\n\n<p class=\"MsoNormal\">\u201cResponsabilizamos de estas movilizaciones al gobernador Alejandro Murat Hinojosa, Jorge Toledo Luis de Coplade y al Secretario General de Gobierno, Francisco Javier Garc\u00eda L\u00f3pez, por no atender las necesidades y por no responder al di\u00e1logo que respetuosamente esta organizaci\u00f3n solicit\u00f3 con anterioridad\u201d.<\/p>\n\n\n\n<p>En el caso de la capital, bloquearon la avenida Ju\u00e1rez desde las nueve de la ma\u00f1ana; d\u00eda horas despu\u00e9s liberaron para acudir a una reuni\u00f3n con funcionarios pero una hora despu\u00e9s volvieron a implementar su bloqueo. <\/p>\n","protected":false},"excerpt":{"rendered":"<p>Yuridiana Sosa\/Zona Roja. Oaxaca de Ju\u00e1rez, Oax., 9 de noviembre de 2020.- Habitantes del municipio&hellip;<\/p>\n","protected":false},"author":2,"featured_media":19839,"comment_status":"closed","ping_status":"open","sticky":false,"template":"","format":"standard","meta":{"_lmt_disableupdate":"","_lmt_disable":"","_jetpack_memberships_contains_paid_content":false,"footnotes":""},"categories":[109,47],"tags":[],"class_list":["post-19840","post","type-post","status-publish","format-standard","has-post-thumbnail","hentry","category-minuto-a-minuto","category-zona-gris"],"jetpack_featured_media_url":"https:\/\/zonaroja.com.mx\/wp-content\/uploads\/2020\/11\/98e06d13-5b93-46bf-b446-af15ef53e40c.jpg","jetpack_sharing_enabled":true,"_links":{"self":[{"href":"https:\/\/zonaroja.com.mx\/index.php?rest_route=\/wp\/v2\/posts\/19840","targetHints":{"allow":["GET"]}}],"collection":[{"href":"https:\/\/zonaroja.com.mx\/index.php?rest_route=\/wp\/v2\/posts"}],"about":[{"href":"https:\/\/zonaroja.com.mx\/index.php?rest_route=\/wp\/v2\/types\/post"}],"author":[{"embeddable":true,"href":"https:\/\/zonaroja.com.mx\/index.php?rest_route=\/wp\/v2\/users\/2"}],"replies":[{"embeddable":true,"href":"https:\/\/zonaroja.com.mx\/index.php?rest_route=%2Fwp%2Fv2%2Fcomments&post=19840"}],"version-history":[{"count":1,"href":"https:\/\/zonaroja.com.mx\/index.php?rest_route=\/wp\/v2\/posts\/19840\/revisions"}],"predecessor-version":[{"id":19841,"href":"https:\/\/zonaroja.com.mx\/index.php?rest_route=\/wp\/v2\/posts\/19840\/revisions\/19841"}],"wp:featuredmedia":[{"embeddable":true,"href":"https:\/\/zonaroja.com.mx\/index.php?rest_route=\/wp\/v2\/media\/19839"}],"wp:attachment":[{"href":"https:\/\/zonaroja.com.mx\/index.php?rest_route=%2Fwp%2Fv2%2Fmedia&parent=19840"}],"wp:term":[{"taxonomy":"category","embeddable":true,"href":"https:\/\/zonaroja.com.mx\/index.php?rest_route=%2Fwp%2Fv2%2Fcategories&post=19840"},{"taxonomy":"post_tag","embeddable":true,"href":"https:\/\/zonaroja.com.mx\/index.php?rest_route=%2Fwp%2Fv2%2Ftags&post=19840"}],"curies":[{"name":"wp","href":"https:\/\/api.w.org\/{rel}","templated":true}]}}