{"id":19843,"date":"2020-11-09T14:45:26","date_gmt":"2020-11-09T20:45:26","guid":{"rendered":"https:\/\/www.zonaroja.com.mx\/?p=19843"},"modified":"2020-11-09T14:45:29","modified_gmt":"2020-11-09T20:45:29","slug":"congreso-con-rumbo-conviccion-y-mayoria-horacio-sosa-en-segundo-informe","status":"publish","type":"post","link":"https:\/\/zonaroja.com.mx\/?p=19843","title":{"rendered":"\u201cCongreso con rumbo, convicci\u00f3n y mayor\u00eda\u201d: Horacio Sosa en segundo informe"},"content":{"rendered":"\n<p class=\"MsoNormal\">Yuridiana Sosa\/Zona Roja. <\/p>\n\n\n\n<p class=\"MsoNormal\">Oaxaca de Ju\u00e1rez, Oax., 9 de noviembre de 2020.- La 64 Legislatura de Oaxaca hace historia frente a las reformas de leyes que tambi\u00e9n se han convertido en referentes nacionales, lo que ha merecido el reconocimiento de ser un Congreso progresista, se\u00f1al\u00f3 el coordinador de la Fracci\u00f3n Parlamentaria del Partido Morena, Horacio Sosa Villavicencio.<\/p>\n\n\n\n<p class=\"MsoNormal\"><a href=\"\/\/1\">Este lunes<\/a>, el grupo parlamentario morenista en la 64 Legislatura, rindi\u00f3 su segundo informe de actividades, correspondientes al segundo a\u00f1o de trabajo, en el que los representantes populares se comprometieron a continuar por sus labores en el marco del di\u00e1logo, la unidad, la democracia y a favor del pueblo.<\/p>\n\n\n\n<p class=\"MsoNormal\">\u201cEste reconocimiento se debe a que a pesar de las diferencias que tuvimos (al interior del partido), tambi\u00e9n tuvimos la capacidad de unificarnos para la presentaci\u00f3n de iniciativas que ahora son ley\u201d, destac\u00f3 Sosa Villavicencio en su intervenci\u00f3n como primer orador en el informe.<\/p>\n\n\n\n<p class=\"MsoNormal\">Ante el presidente del Tribunal Superior de Justicia del Estado de Oaxaca (TSJE), Eduardo Pinacho S\u00e1nchez; Francisco Garc\u00eda L\u00f3pez, secretario General de Gobierno, en representaci\u00f3n del gobernador Alejandro Murat; diputados federales y senadores de Morena, el legislador local asever\u00f3 que el Congreso de Oaxaca, con mayor\u00eda de Morena, \u201cha sido cr\u00edtico y vigilante del trabajo del Poder Ejecutivo, organismo aut\u00f3nomos, ayuntamientos e incluso del Poder Judicial\u201d, lo cual mantendr\u00e1n en su \u00faltimo a\u00f1o.<\/p>\n\n\n\n<p class=\"MsoNormal\">El presidente de la Junta de Coordinaci\u00f3n Pol\u00edtica (Jucopo), reconoci\u00f3 y agradeci\u00f3 el apoyo de otros grupos parlamentarios en la construcci\u00f3n del di\u00e1logo y acuerdos para lograr los alcances en las leyes actuales.<\/p>\n\n\n\n<p class=\"MsoNormal\">\u201cEs un hecho hist\u00f3rico, hoy somos un Congreso democr\u00e1tico. Somos abiertos al dialogo\u201d, apunt\u00f3 Horacio Sosa al indicar que en el transcurso del \u00faltimo a\u00f1o sostuvieron decenas de reuniones con los diferentes sectores \u2013acad\u00e9micos, empresarios, funcionarios, sindicatos, pueblos ind\u00edgenas, sociedad civil-, a fin de alcanzar acuerdo a favor de la ciudadan\u00eda, como los dicta el proyecto de naci\u00f3n que encabeza Andr\u00e9s Manuel L\u00f3pez Obrador.<\/p>\n\n\n\n<p class=\"MsoNormal\">TRABAJO<\/p>\n\n\n\n<p class=\"MsoNormal\">En el segundo a\u00f1o legislativo, la fracci\u00f3n de Morena propuso diferentes reformas a las leyes, entre las que destac\u00f3 Sosa Villavicencio se encuentra la nueva ley de los pueblos ind\u00edgenas; ley electoral en materia de paridad y violencia de g\u00e9nero; reconocimiento constitucional a los pueblos ind\u00edgenas.<\/p>\n\n\n\n<p class=\"MsoNormal\">As\u00ed como la ley que proh\u00edbe la venta de bebidas azucaradas y alimentos con alto contenido cal\u00f3rico a menores de edad; la creaci\u00f3n de la Universidad Comunal, las cuales en su conjunto han sido referencias para otros congresos en M\u00e9xico.<\/p>\n\n\n\n<p class=\"MsoNormal\">\u201cEspero que en el \u00faltimo a\u00f1o legislativo se logre un marco jur\u00eddico hist\u00f3rico, tenemos rumbo, convicci\u00f3n y mayor\u00eda\u201d, puntualiz\u00f3.&nbsp;<\/p>\n\n\n\n<p class=\"MsoNormal\">En lo personal, dijo, en su segundo a\u00f1o de trabajo present\u00f3 22 iniciativas, 28 puntos de acuerdos.&nbsp;<\/p>\n\n\n\n<p class=\"MsoNormal\">Una de sus propuestas aprobadas y que ya entr\u00f3 en vigor es la Ley para la Prevenci\u00f3n y Gesti\u00f3n Integral de los Residuos S\u00f3lidos, que proh\u00edbe en todo el estado la venta, distribuci\u00f3n o uso de botellas desechables de pl\u00e1stico, as\u00ed como de envases y embalajes desechables de unicel, con el fin de prevenir la contaminaci\u00f3n ambiental que generan esos materiales.<\/p>\n","protected":false},"excerpt":{"rendered":"<p>Yuridiana Sosa\/Zona Roja. Oaxaca de Ju\u00e1rez, Oax., 9 de noviembre de 2020.- La 64 Legislatura&hellip;<\/p>\n","protected":false},"author":2,"featured_media":19842,"comment_status":"closed","ping_status":"open","sticky":false,"template":"","format":"standard","meta":{"_lmt_disableupdate":"","_lmt_disable":"","_jetpack_memberships_contains_paid_content":false,"footnotes":""},"categories":[109,46],"tags":[444],"class_list":["post-19843","post","type-post","status-publish","format-standard","has-post-thumbnail","hentry","category-minuto-a-minuto","category-zona-blanca","tag-horacio-sosa-villavicencio"],"jetpack_featured_media_url":"https:\/\/zonaroja.com.mx\/wp-content\/uploads\/2020\/11\/de54d1fe-e928-4ba9-9d82-06096fd3cf89.jpg","jetpack_sharing_enabled":true,"_links":{"self":[{"href":"https:\/\/zonaroja.com.mx\/index.php?rest_route=\/wp\/v2\/posts\/19843","targetHints":{"allow":["GET"]}}],"collection":[{"href":"https:\/\/zonaroja.com.mx\/index.php?rest_route=\/wp\/v2\/posts"}],"about":[{"href":"https:\/\/zonaroja.com.mx\/index.php?rest_route=\/wp\/v2\/types\/post"}],"author":[{"embeddable":true,"href":"https:\/\/zonaroja.com.mx\/index.php?rest_route=\/wp\/v2\/users\/2"}],"replies":[{"embeddable":true,"href":"https:\/\/zonaroja.com.mx\/index.php?rest_route=%2Fwp%2Fv2%2Fcomments&post=19843"}],"version-history":[{"count":1,"href":"https:\/\/zonaroja.com.mx\/index.php?rest_route=\/wp\/v2\/posts\/19843\/revisions"}],"predecessor-version":[{"id":19844,"href":"https:\/\/zonaroja.com.mx\/index.php?rest_route=\/wp\/v2\/posts\/19843\/revisions\/19844"}],"wp:featuredmedia":[{"embeddable":true,"href":"https:\/\/zonaroja.com.mx\/index.php?rest_route=\/wp\/v2\/media\/19842"}],"wp:attachment":[{"href":"https:\/\/zonaroja.com.mx\/index.php?rest_route=%2Fwp%2Fv2%2Fmedia&parent=19843"}],"wp:term":[{"taxonomy":"category","embeddable":true,"href":"https:\/\/zonaroja.com.mx\/index.php?rest_route=%2Fwp%2Fv2%2Fcategories&post=19843"},{"taxonomy":"post_tag","embeddable":true,"href":"https:\/\/zonaroja.com.mx\/index.php?rest_route=%2Fwp%2Fv2%2Ftags&post=19843"}],"curies":[{"name":"wp","href":"https:\/\/api.w.org\/{rel}","templated":true}]}}