{"id":19845,"date":"2020-11-09T16:43:00","date_gmt":"2020-11-09T22:43:00","guid":{"rendered":"http:\/\/www.zonaroja.com.mx\/?p=19845"},"modified":"2020-11-09T16:43:06","modified_gmt":"2020-11-09T22:43:06","slug":"piden-considerar-en-oaxaca-dia-de-la-comunidad-trans-exigen-respeto-a-derechos","status":"publish","type":"post","link":"https:\/\/zonaroja.com.mx\/?p=19845","title":{"rendered":"Piden considerar en Oaxaca \u201cD\u00eda de la Comunidad Trans\u201d; exigen respeto a derechos"},"content":{"rendered":"\n<p>Evlin Arag\u00f3n\/Zona Roja.<\/p>\n\n\n\n<p>Oaxaca de Ju\u00e1rez, Oax., 9 de noviembre de 2020.- Colectivos de mujeres en pro de la diversidad sexual, solicitaron a la diputaci\u00f3n local que se apruebe el 13 de noviembre como el \u201cD\u00eda de la Comunidad Trans\u201d, con la intenci\u00f3n de visibilizar a las personas transexuales, transg\u00e9nero y travesti como parte importante de la sociedad.&nbsp;<\/p>\n\n\n\n<p>En conferencia de prensa, explicaron que examinan una alianza a nivel nacional para hacer visible a la poblaci\u00f3n trans, tal y como sucede ya en la Ciudad de M\u00e9xico, de ah\u00ed que han buscado el acercamiento con integrantes del Poder Legislativo para que puedan implementar un d\u00eda al a\u00f1o en el que se les reconozca.<\/p>\n\n\n\n<p>Ivette Fern\u00e1ndez Feria, Valkis L\u00f3pez y Megan Yadira Garc\u00eda L\u00f3pez, activistas independientes, indicaron que es fundamental reconocer p\u00fablicamente la existencia de la comunidad trans, toda vez que lo que no se nombra, no existe, situaci\u00f3n que da pie a la doble o triple discriminaci\u00f3n de la que son v\u00edctimas.<\/p>\n\n\n\n<figure class=\"wp-block-embed-twitter wp-block-embed is-type-rich is-provider-twitter\"><div class=\"wp-block-embed__wrapper\">\n<div class=\"twitter-tweet\"><blockquote class=\"twitter-tweet\" data-lang=\"es\"><p lang=\"es\" dir=\"ltr\"><a href=\"https:\/\/twitter.com\/hashtag\/ENVIVO?src=hash&amp;ref_src=twsrc%5Etfw\">#ENVIVO<\/a><br>Oaxaca de Ju\u00e1rez, Oax., 9 de noviembre de 2020.- Conferencia de prensa de grupos de la diversidad sexual.\u00f1, por parte de personas transexuales. <br><br>Aqu\u00ed la transmisi\u00f3n: \ud83d\udc47<a href=\"https:\/\/t.co\/PNV5g8Lubt\">https:\/\/t.co\/PNV5g8Lubt<\/a> <a href=\"https:\/\/t.co\/wGRKwopT7D\">pic.twitter.com\/wGRKwopT7D<\/a><\/p>&mdash; Zona Roja Oaxaca (@MexRoja) <a href=\"https:\/\/twitter.com\/MexRoja\/status\/1325827454259355648?ref_src=twsrc%5Etfw\">9 de noviembre de 2020<\/a><\/blockquote><\/div>\n<\/div><\/figure>\n\n\n\n<p>Indicaron que actualmente hay muchos cr\u00edmenes de odio, que no pasionales, en contra de mujeres trans, de ah\u00ed la necesidad de reconocer que son personas como cualquier otra, con derecho a una vida digna y llena de dicha.&nbsp;<\/p>\n\n\n\n<p>\u201cLas personas trans tenemos derecho a vivir, a tener familia, un trabajo digno, no s\u00f3lo podemos ser estilistas o trabajadoras sexuales, tenemos carreras universitarias, queremos ejercerlas y aspirar a ser felices\u201d, dijo Megan Yadira Garc\u00eda L\u00f3pez.<\/p>\n\n\n\n<p>Aunque reconocen los altos niveles de violencia hacia su grupo identitario en Oaxaca y todo el pa\u00eds, explicaron que las estad\u00edsticas no siempre reflejan la brutalidad en contra de las mujeres trans a quienes asesinan por el odio a su condici\u00f3n.<\/p>\n\n\n\n<p>Manifestaron que es la falta de reconocimiento a su identidad, la que impide cifras correctas en torno a la violencia a la que se enfrenta, ya que cuando son detenidas, golpeadas, incluso asesinadas, el registro queda con el nombre de var\u00f3n o mujer que ellas no reconocen o que no asumen.\u00a0<\/p>\n\n\n\n<figure class=\"wp-block-embed-twitter wp-block-embed is-type-rich is-provider-twitter\"><div class=\"wp-block-embed__wrapper\">\n<div class=\"twitter-tweet\"><blockquote class=\"twitter-tweet\" data-lang=\"es\"><p lang=\"es\" dir=\"ltr\"><a href=\"https:\/\/twitter.com\/hashtag\/%C3%9AltimoMinuto?src=hash&amp;ref_src=twsrc%5Etfw\">#\u00daltimoMinuto<\/a> <br>Con una marcha en el z\u00f3calo de la ciudad de <a href=\"https:\/\/twitter.com\/hashtag\/Oaxaca?src=hash&amp;ref_src=twsrc%5Etfw\">#Oaxaca<\/a> culmin\u00f3 la conferencia de personas <a href=\"https:\/\/twitter.com\/hashtag\/transexuales?src=hash&amp;ref_src=twsrc%5Etfw\">#transexuales<\/a>, que demandan reconocimiento pleno de sus derechos; lamentan que haya incremento de cr\u00edmenes de odio y agresiones contra ese segmento poblacional. <a href=\"https:\/\/t.co\/era3w3U3Hw\">pic.twitter.com\/era3w3U3Hw<\/a><\/p>&mdash; Zona Roja Oaxaca (@MexRoja) <a href=\"https:\/\/twitter.com\/MexRoja\/status\/1325848691698176003?ref_src=twsrc%5Etfw\">9 de noviembre de 2020<\/a><\/blockquote><\/div>\n<\/div><\/figure>\n\n\n\n<p>Por todo la anterior, a nivel nacional tambi\u00e9n cabildean que pueda existir una fecha de reconocimiento que, junto a la legalidad de asumir su propia identidad, permita que exista mayor informaci\u00f3n de su condici\u00f3n, rompa los estigmas y termine con la discriminaci\u00f3n.&nbsp;&nbsp;<\/p>\n\n\n\n<p>Finalmente, hicieron un llamado a los medios de comunicaci\u00f3n para dejar de lado t\u00e9rminos peyorativos para dirigirse a las mujeres trans, ya que pueden ayudar con el cambio de mentalidad y la aceptaci\u00f3n de este grupo poblacional doblemente discriminado.&nbsp;&nbsp;&nbsp;<\/p>\n\n\n\n<p>Por su parte la diputada Aleida Serrano Toledo recibi\u00f3 el documento y se comprometi\u00f3 a llevarlo al interior del Congreso local en donde dijo se encuentra vigente el tema de la garant\u00eda de derechos para toda la comunidad de la diversidad sexual.<\/p>\n","protected":false},"excerpt":{"rendered":"<p>Evlin Arag\u00f3n\/Zona Roja. Oaxaca de Ju\u00e1rez, Oax., 9 de noviembre de 2020.- Colectivos de mujeres&hellip;<\/p>\n","protected":false},"author":2,"featured_media":19846,"comment_status":"closed","ping_status":"open","sticky":false,"template":"","format":"standard","meta":{"_lmt_disableupdate":"","_lmt_disable":"","_jetpack_memberships_contains_paid_content":false,"footnotes":""},"categories":[109,46],"tags":[2192],"class_list":["post-19845","post","type-post","status-publish","format-standard","has-post-thumbnail","hentry","category-minuto-a-minuto","category-zona-blanca","tag-personas-transexuales-oaxaca"],"jetpack_featured_media_url":"https:\/\/zonaroja.com.mx\/wp-content\/uploads\/2020\/11\/Conferencia-transexuales.jpg","jetpack_sharing_enabled":true,"_links":{"self":[{"href":"https:\/\/zonaroja.com.mx\/index.php?rest_route=\/wp\/v2\/posts\/19845","targetHints":{"allow":["GET"]}}],"collection":[{"href":"https:\/\/zonaroja.com.mx\/index.php?rest_route=\/wp\/v2\/posts"}],"about":[{"href":"https:\/\/zonaroja.com.mx\/index.php?rest_route=\/wp\/v2\/types\/post"}],"author":[{"embeddable":true,"href":"https:\/\/zonaroja.com.mx\/index.php?rest_route=\/wp\/v2\/users\/2"}],"replies":[{"embeddable":true,"href":"https:\/\/zonaroja.com.mx\/index.php?rest_route=%2Fwp%2Fv2%2Fcomments&post=19845"}],"version-history":[{"count":1,"href":"https:\/\/zonaroja.com.mx\/index.php?rest_route=\/wp\/v2\/posts\/19845\/revisions"}],"predecessor-version":[{"id":19847,"href":"https:\/\/zonaroja.com.mx\/index.php?rest_route=\/wp\/v2\/posts\/19845\/revisions\/19847"}],"wp:featuredmedia":[{"embeddable":true,"href":"https:\/\/zonaroja.com.mx\/index.php?rest_route=\/wp\/v2\/media\/19846"}],"wp:attachment":[{"href":"https:\/\/zonaroja.com.mx\/index.php?rest_route=%2Fwp%2Fv2%2Fmedia&parent=19845"}],"wp:term":[{"taxonomy":"category","embeddable":true,"href":"https:\/\/zonaroja.com.mx\/index.php?rest_route=%2Fwp%2Fv2%2Fcategories&post=19845"},{"taxonomy":"post_tag","embeddable":true,"href":"https:\/\/zonaroja.com.mx\/index.php?rest_route=%2Fwp%2Fv2%2Ftags&post=19845"}],"curies":[{"name":"wp","href":"https:\/\/api.w.org\/{rel}","templated":true}]}}