{"id":19848,"date":"2020-11-09T17:50:12","date_gmt":"2020-11-09T23:50:12","guid":{"rendered":"http:\/\/www.zonaroja.com.mx\/?p=19848"},"modified":"2020-11-09T17:50:16","modified_gmt":"2020-11-09T23:50:16","slug":"magisterio-protesta-y-exige-pagos-de-incidencias-administrativas-de-2015","status":"publish","type":"post","link":"https:\/\/zonaroja.com.mx\/?p=19848","title":{"rendered":"Magisterio protesta y exige pagos de incidencias administrativas de 2015"},"content":{"rendered":"\n<p>Yuridiana Sosa\/Zona Roja.<\/p>\n\n\n\n<p>Oaxaca de Ju\u00e1rez, Oax., 9 de noviembre de 2020.- Docentes de la Secci\u00f3n 22 del Sindicato Nacional de Trabajadores de la Educaci\u00f3n (SNTE) \u201ctomaron\u201d oficinas del Instituto Estatal de Educaci\u00f3n P\u00fablica de Oaxaca (IEEPO) para exigir el pago de incidencias administrativas para m\u00e1s de tres mil trabajadores.<\/p>\n\n\n\n<p>Una representaci\u00f3n de los afectados arrib\u00f3 la ma\u00f1ana de este lunes al edificio de Inform\u00e1tica en la capital, para exigir al titular del IEEPO, \u00c1ngel Villareal, que destine a los trabajadores de la educaci\u00f3n m\u00e1s de 250 millones de pesos para dicho concepto, mismo que dieron a conocer desde hace varios meses que se encontraban disponibles.<\/p>\n\n\n\n<p>El portavoz de los inconformes, Said Landa, se\u00f1al\u00f3 que son tres mil 125 los trabajadores de los distintos niveles educativos afectados con pagos pendientes desde el 2015, cuando se aplic\u00f3 de la reforma educativa en Oaxaca y entr\u00f3 en vigor del decreto por el que el gobierno federal toma control del IEEPO, desconociendo los acuerdos previos que el gobierno del estado pact\u00f3 con el magisterio.<\/p>\n\n\n\n<p>En junio de este a\u00f1o, tanto la Secci\u00f3n 22 del SNTE como el IEEPO anunciaron el arranque de pagos para los afectados, lo cual se realizar\u00eda de forma escalonada conforme al orden alfab\u00e9tico.<\/p>\n\n\n\n<p>\u201cEl gobierno de Oaxaca a trav\u00e9s del IEEPO, reconoce al magisterio su alta vocaci\u00f3n social con la educaci\u00f3n de los ni\u00f1os, ni\u00f1as y j\u00f3venes, por lo que de manera conjunta y en suma de esfuerzos con el gobierno federal, contin\u00faa la ruta acordada en la atenci\u00f3n de las incidencias administrativas de los a\u00f1os 2014 y 2015\u201d, anunci\u00f3 el Gobierno del Estado en un bolet\u00edn de prensa el 22 de junio.<\/p>\n\n\n\n<p>En el comunicado, la instituci\u00f3n inform\u00f3 que los docentes de nivel de Secundarias Generales, con apellido inicial con la letra A, acudieron a la pagadur\u00eda de San Felipe del Agua, para hacer efectivo el tr\u00e1mite, con un total 411 beneficiados.<\/p>\n\n\n\n<p>Sin embargo, los manifestantes se\u00f1alaron que no existen pagos, o al menos se dejaron de efectuar, por lo que continuar\u00e1n en su exigencia hasta obtener respuesta y soluci\u00f3n a sus demandas.<\/p>\n","protected":false},"excerpt":{"rendered":"<p>Yuridiana Sosa\/Zona Roja. Oaxaca de Ju\u00e1rez, Oax., 9 de noviembre de 2020.- Docentes de la&hellip;<\/p>\n","protected":false},"author":2,"featured_media":19849,"comment_status":"closed","ping_status":"open","sticky":false,"template":"","format":"standard","meta":{"_lmt_disableupdate":"","_lmt_disable":"","_jetpack_memberships_contains_paid_content":false,"footnotes":""},"categories":[109,47],"tags":[599],"class_list":["post-19848","post","type-post","status-publish","format-standard","has-post-thumbnail","hentry","category-minuto-a-minuto","category-zona-gris","tag-instituto-estatal-de-educacion-publica-de-oaxaca"],"jetpack_featured_media_url":"https:\/\/zonaroja.com.mx\/wp-content\/uploads\/2020\/11\/Protesta-profesores-Oaxaca.jpg","jetpack_sharing_enabled":true,"_links":{"self":[{"href":"https:\/\/zonaroja.com.mx\/index.php?rest_route=\/wp\/v2\/posts\/19848","targetHints":{"allow":["GET"]}}],"collection":[{"href":"https:\/\/zonaroja.com.mx\/index.php?rest_route=\/wp\/v2\/posts"}],"about":[{"href":"https:\/\/zonaroja.com.mx\/index.php?rest_route=\/wp\/v2\/types\/post"}],"author":[{"embeddable":true,"href":"https:\/\/zonaroja.com.mx\/index.php?rest_route=\/wp\/v2\/users\/2"}],"replies":[{"embeddable":true,"href":"https:\/\/zonaroja.com.mx\/index.php?rest_route=%2Fwp%2Fv2%2Fcomments&post=19848"}],"version-history":[{"count":1,"href":"https:\/\/zonaroja.com.mx\/index.php?rest_route=\/wp\/v2\/posts\/19848\/revisions"}],"predecessor-version":[{"id":19850,"href":"https:\/\/zonaroja.com.mx\/index.php?rest_route=\/wp\/v2\/posts\/19848\/revisions\/19850"}],"wp:featuredmedia":[{"embeddable":true,"href":"https:\/\/zonaroja.com.mx\/index.php?rest_route=\/wp\/v2\/media\/19849"}],"wp:attachment":[{"href":"https:\/\/zonaroja.com.mx\/index.php?rest_route=%2Fwp%2Fv2%2Fmedia&parent=19848"}],"wp:term":[{"taxonomy":"category","embeddable":true,"href":"https:\/\/zonaroja.com.mx\/index.php?rest_route=%2Fwp%2Fv2%2Fcategories&post=19848"},{"taxonomy":"post_tag","embeddable":true,"href":"https:\/\/zonaroja.com.mx\/index.php?rest_route=%2Fwp%2Fv2%2Ftags&post=19848"}],"curies":[{"name":"wp","href":"https:\/\/api.w.org\/{rel}","templated":true}]}}