{"id":19851,"date":"2020-11-10T08:00:05","date_gmt":"2020-11-10T14:00:05","guid":{"rendered":"http:\/\/www.zonaroja.com.mx\/?p=19851"},"modified":"2020-11-09T18:31:40","modified_gmt":"2020-11-10T00:31:40","slug":"destaca-grupo-parlamentario-de-morena-unidad-en-segundo-informe-de-resultados","status":"publish","type":"post","link":"https:\/\/zonaroja.com.mx\/?p=19851","title":{"rendered":"Destaca grupo parlamentario de Morena unidad en segundo informe de resultados"},"content":{"rendered":"\n<p>Redacci\u00f3n\/Zona Roja.<\/p>\n\n\n\n<p>Oaxaca de Ju\u00e1rez, Oax., 10 de noviembre de 2020.- Con la presencia de representantes de los poderes Ejecutivo y Judicial de Oaxaca, y en un ambiente de unidad, diputadas y diputados integrantes de la 64 Legislatura del Congreso, pertenecientes al grupo parlamentario de Morena, rindieron su Segundo Informe de Resultados Legislativos ante al pueblo oaxaque\u00f1o.<\/p>\n\n\n\n<p>Al acto realizado en el recinto legislativo se dieron cita, adem\u00e1s, servidores p\u00fablicos de los diferentes \u00f3rdenes de gobierno, congresistas federales, dirigentes pol\u00edticos, activistas sociales y representantes de la sociedad civil, entre otros, quienes escucharon con atenci\u00f3n una a una las tareas que las legisladoras y legisladores del grupo parlamentario dieron a conocer.<\/p>\n\n\n\n<p>Presente, tambi\u00e9n el presidente de la Mesa Directiva de la C\u00e1mara de Diputados, Jorge Villaca\u00f1a Jim\u00e9nez, as\u00ed como representantes de los dem\u00e1s grupos parlamentarios.<\/p>\n\n\n\n<p>Al dar apertura a este acto de rendici\u00f3n de cuentas, el coordinador del grupo parlamentario y presidente de la Junta de Coordinaci\u00f3n Pol\u00edtica (Jucopo), Horacio Sosa Villavicencio, resalt\u00f3 que durante el segundo a\u00f1o de actividades se ha superado cualquier diferencia para empe\u00f1ar su esfuerzo en asuntos centrales que beneficien al pueblo de Oaxaca y fortalezcan el bienestar del pueblo, inspirados en la Cuarta Transformaci\u00f3n que encabeza el presidente Andr\u00e9s Manuel L\u00f3pez Obrador.<\/p>\n\n\n\n<p>En consecuencia, resumi\u00f3, hoy el Congreso de Oaxaca es reconocido a nivel nacional como un \u00f3rgano progresista, que legisla desde una perspectiva de izquierda, para desterrar para siempre, con la orientaci\u00f3n pol\u00edtica e ideol\u00f3gica que triunf\u00f3 en julio del 2018, al viejo sistema de injusticia, corrupci\u00f3n y autoritarismo por prevalec\u00eda en M\u00e9xico.<\/p>\n\n\n\n<p>Refiri\u00f3 que por el trabajo impulsado por los y las diputadas de la mayor\u00eda, as\u00ed como el apoyo de los otros grupos parlamentarios para la construcci\u00f3n de acuerdos, se han avalado adem\u00e1s de iniciativas, reformas y leyes locales diversas, las cinco minutas remitidas al Congreso de la Uni\u00f3n.<\/p>\n\n\n\n<p>Resalt\u00f3, como logros obtenidos, gracias al consenso, la aprobaci\u00f3n de la Ley de Consulta Ind\u00edgena, las amplias reformas a la ley electoral en materia de paridad y violencia pol\u00edtica en raz\u00f3n de g\u00e9nero, y a la prohibici\u00f3n de bebidas azucaradas y alimentos de alto contenido cal\u00f3rico a menores de edad.<\/p>\n\n\n\n<p>Indic\u00f3 que el Grupo Parlamentario de Morena se ha comportado vigilante y cr\u00edtico de las acciones del Poder Ejecutivo estatal, de los organismos aut\u00f3nomos como la Fiscal\u00eda General del Estado, e incluso del Poder Judicial, acciones con las que lograron hacer realidad el sistema democr\u00e1tico basado en el principio de separaci\u00f3n de poderes.<\/p>\n\n\n\n<p>La apertura al di\u00e1logo con diferentes sectores sociales como mecanismo indispensable para la acci\u00f3n p\u00fablica, tambi\u00e9n ha sido caracter\u00edstico de esta Legislatura. El di\u00e1logo y la construcci\u00f3n de acuerdos han sido muy importantes para la toma de decisiones en el Congreso de Oaxaca, refiri\u00f3 Sosa Villavicencio.<\/p>\n\n\n\n<figure class=\"wp-block-embed-twitter wp-block-embed is-type-rich is-provider-twitter\"><div class=\"wp-block-embed__wrapper\">\n<div class=\"twitter-tweet\"><blockquote class=\"twitter-tweet\" data-lang=\"es\"><p lang=\"es\" dir=\"ltr\"><a href=\"https:\/\/twitter.com\/hashtag\/ENVIVO?src=hash&amp;ref_src=twsrc%5Etfw\">#ENVIVO<\/a><br>San Raymundo Jalapan, Oax., 9 de noviembre de 2020.- Informe de labores de la fracci\u00f3n parlamentaria del Partido Morena en el Congreso de Oaxaca. Presentes, senadores, legisladores federales y funcionarios estatales. <br><br>Transmisi\u00f3n \ud83d\udc47<a href=\"https:\/\/t.co\/HVcDz8xEHE\">https:\/\/t.co\/HVcDz8xEHE<\/a> <a href=\"https:\/\/t.co\/D8wegApLiT\">pic.twitter.com\/D8wegApLiT<\/a><\/p>&mdash; Zona Roja Oaxaca (@MexRoja) <a href=\"https:\/\/twitter.com\/MexRoja\/status\/1325852589800513538?ref_src=twsrc%5Etfw\">9 de noviembre de 2020<\/a><\/blockquote><\/div>\n<\/div><\/figure>\n\n\n\n<p>LOS RESULTADOS<\/p>\n\n\n\n<p>Respecto a su trabajo legislativo, el presidente de la Jucopo present\u00f3 en este Segundo A\u00f1o de Ejercicio 22 iniciativas y 28 puntos de acuerdo, de los cuales el Pleno tuvo a bien aprobar dos iniciativas significativas.<\/p>\n\n\n\n<p>La primera es la Ley de residuos s\u00f3lidos que proh\u00edben envases desechables de PET y de unicel, la cual entr\u00f3 en vigor el d\u00eda 25 de octubre de este a\u00f1o, y la reforma a la Ley de Fomento a las Actividades Artesanales del Estado de Oaxaca, por las cuales ahora se obliga al gobierno del estado a asesorar y asistir a las y los artesanos del estado en materia fiscal y administrativa.<\/p>\n\n\n\n<p>En el Segundo Informe de Actividades Legislativas, rindieron cuentas las diputadas, Laura Estrada Mauro, Elisa Zepeda Lagunas, Griselda Sosa V\u00e1squez, Migdalia Espinosa Manuel, Hilda Graciela P\u00e9rez Luis, Magaly L\u00f3pez Dom\u00ednguez, Gloria S\u00e1nchez L\u00f3pez, Delfina Elizabeth Guzm\u00e1n D\u00edas, In\u00e9s Leal Pel\u00e1ez Juana Aguilar Espinoza, Elena Cuevas Hern\u00e1ndez, Arcelia L\u00f3pez Hern\u00e1ndez y Roc\u00edo Machuca Rojas.<\/p>\n\n\n\n<p>Asimismo, los congresistas, Horacio Sosa Villavicencio, Mauro Cruz S\u00e1nchez, Oth\u00f3n Cuevas C\u00f3rdova, Luis Alfonso Silva Romo, \u00c1ngel Dom\u00ednguez Escobar, P\u00e1vel Mel\u00e9ndez Cruz, Timoteo Cruz V\u00e1squez, Fredie Delf\u00edn Avenda\u00f1o y Emilio Joaqu\u00edn Garc\u00eda Aguilar.<\/p>\n\n\n\n<p>Como invitados especiales, constataron el Segundo Informe de Resultados, Eduardo Pinacho S\u00e1nchez, Magistrado presidente del Tribunal Superior de Justicia del Estado y Francisco Javier Garc\u00eda L\u00f3pez, secretario General de Gobierno, en representaci\u00f3n del gobernador del Estado, Alejandro Murat Hinojosa.<\/p>\n\n\n\n<p>Asimismo, las y los senadores de la Rep\u00fablica, Susana Harp Iturribarr\u00eda y Salom\u00f3n Jara Cruz; la diputada federal, Irma Juan Carlos; Sesul Bola\u00f1os L\u00f3pez y Elizabeth Reyes, presidente y secretaria general del partido Morena, en Oaxaca, Concepci\u00f3n Rueda y Adolfo G\u00f3mez Hern\u00e1ndez, senadora y senador suplente y Flavio Sosa Villavicencio, dirigente de la organizaci\u00f3n Comuna, entre otros.<\/p>\n\n\n\n<p>Durante el evento, en el que tambi\u00e9n se hizo un reconocimiento a todo el personal m\u00e9dico que est\u00e1 en el frente de batalla en la lucha contra la pandemia causada por la Covid-19, la cantante Rub\u00ed L\u00f3pez, interpret\u00f3 m\u00fasica oaxaque\u00f1a. Con profundo respeto se guard\u00f3 un minuto de silencio en memoria del se\u00f1or Benito Escobar Moreno, abuelo del diputado \u00c1ngel Dom\u00ednguez.&nbsp;<\/p>\n","protected":false},"excerpt":{"rendered":"<p>Redacci\u00f3n\/Zona Roja. Oaxaca de Ju\u00e1rez, Oax., 10 de noviembre de 2020.- Con la presencia de&hellip;<\/p>\n","protected":false},"author":2,"featured_media":19852,"comment_status":"closed","ping_status":"open","sticky":false,"template":"","format":"standard","meta":{"_lmt_disableupdate":"","_lmt_disable":"","_jetpack_memberships_contains_paid_content":false,"footnotes":""},"categories":[109,46],"tags":[213],"class_list":["post-19851","post","type-post","status-publish","format-standard","has-post-thumbnail","hentry","category-minuto-a-minuto","category-zona-blanca","tag-64-legislatura-de-oaxaca"],"jetpack_featured_media_url":"https:\/\/zonaroja.com.mx\/wp-content\/uploads\/2020\/11\/Segundo-Informe-de-Actividades-Legislativas-del-GP-Morena.jpg","jetpack_sharing_enabled":true,"_links":{"self":[{"href":"https:\/\/zonaroja.com.mx\/index.php?rest_route=\/wp\/v2\/posts\/19851","targetHints":{"allow":["GET"]}}],"collection":[{"href":"https:\/\/zonaroja.com.mx\/index.php?rest_route=\/wp\/v2\/posts"}],"about":[{"href":"https:\/\/zonaroja.com.mx\/index.php?rest_route=\/wp\/v2\/types\/post"}],"author":[{"embeddable":true,"href":"https:\/\/zonaroja.com.mx\/index.php?rest_route=\/wp\/v2\/users\/2"}],"replies":[{"embeddable":true,"href":"https:\/\/zonaroja.com.mx\/index.php?rest_route=%2Fwp%2Fv2%2Fcomments&post=19851"}],"version-history":[{"count":1,"href":"https:\/\/zonaroja.com.mx\/index.php?rest_route=\/wp\/v2\/posts\/19851\/revisions"}],"predecessor-version":[{"id":19853,"href":"https:\/\/zonaroja.com.mx\/index.php?rest_route=\/wp\/v2\/posts\/19851\/revisions\/19853"}],"wp:featuredmedia":[{"embeddable":true,"href":"https:\/\/zonaroja.com.mx\/index.php?rest_route=\/wp\/v2\/media\/19852"}],"wp:attachment":[{"href":"https:\/\/zonaroja.com.mx\/index.php?rest_route=%2Fwp%2Fv2%2Fmedia&parent=19851"}],"wp:term":[{"taxonomy":"category","embeddable":true,"href":"https:\/\/zonaroja.com.mx\/index.php?rest_route=%2Fwp%2Fv2%2Fcategories&post=19851"},{"taxonomy":"post_tag","embeddable":true,"href":"https:\/\/zonaroja.com.mx\/index.php?rest_route=%2Fwp%2Fv2%2Ftags&post=19851"}],"curies":[{"name":"wp","href":"https:\/\/api.w.org\/{rel}","templated":true}]}}