{"id":19854,"date":"2020-11-09T18:39:10","date_gmt":"2020-11-10T00:39:10","guid":{"rendered":"http:\/\/www.zonaroja.com.mx\/?p=19854"},"modified":"2020-11-09T18:39:13","modified_gmt":"2020-11-10T00:39:13","slug":"ya-van-227-migrantes-oaxaquenos-que-mueren-en-estados-unidos-por-covid","status":"publish","type":"post","link":"https:\/\/zonaroja.com.mx\/?p=19854","title":{"rendered":"Ya van 227 migrantes oaxaque\u00f1os que mueren en Estados Unidos por Covid"},"content":{"rendered":"\n<p>Redacci\u00f3n\/Zona Roja.<\/p>\n\n\n\n<p>Oaxaca de Ju\u00e1rez, Oax., 9 de noviembre de 2020.- Al corte del 6 de noviembre, se tienen contabilizados un total de 227 migrantes originarios de Oaxaca fallecidos por Covid-19 en los Estados Unidos de Norteam\u00e9rica.<\/p>\n\n\n\n<p>El Gobierno del Estado, a trav\u00e9s del Instituto Oaxaque\u00f1o de Atenci\u00f3n al Migrante (IOAM), inform\u00f3 que la entidad ocupa el tercer lugar en decesos por esta contingencia, tan solo por debajo de Guerrero con 257 y Puebla con 568 casos.<\/p>\n\n\n\n<p>La directora general del IOAM, A\u00edda Ruiz Garc\u00eda, agradeci\u00f3 el apoyo del gobernador Alejandro Murat Hinojosa, as\u00ed como la coordinaci\u00f3n que se ha tenido con la Canciller\u00eda para establecer mecanismos de colaboraci\u00f3n a fin de atender a los mexicanos en el exterior.<\/p>\n\n\n\n<p>En un comunicado, detall\u00f3 que en lo que va de este 2020, el instituto a su cargo ha logrado la gesti\u00f3n y repatriaci\u00f3n de 334 oaxaque\u00f1os; 273 hombres y 61 mujeres, de los cuales, cuatro corresponden a la regi\u00f3n de la Ca\u00f1ada, 52 a la Costa, 11 Istmo, 83 Mixteca, 15 Cuenca, 29 Sierra Norte, 48 Sierra Sur y 92 Valles Centrales.<\/p>\n\n\n\n<p>Mencion\u00f3 que se ha logrado la gesti\u00f3n para la repatriaci\u00f3n de 150 personas por muerte natural, 49 por muerte accidental, 26 por muerte violenta, 15 por muerte en el intento, 29 se investigan y 65 por Covid-19, lo anterior, toda vez que la mayor\u00eda de los restos han sido reclamados por familiares en la uni\u00f3n americana.<\/p>\n\n\n\n<p>Exhort\u00f3 a quienes decidan migrar hacia los Estados Unidos, evitar poner en peligro su vida, dado que, ante la pandemia ocasionada por el virus y la falta de empleo en el vecino pa\u00eds, se hace a\u00fan m\u00e1s dificultoso alcanzar el sue\u00f1o americano, por lo cual, hizo un llamado a la poblaci\u00f3n para continuar usando el cubrebocas de manera correcta.<\/p>\n\n\n\n<p>Finalmente, record\u00f3 que desde el inicio de la contingencia el Instituto Oaxaque\u00f1o de Atenci\u00f3n al Migrante, habilit\u00f3 el correo: ioam.juridico.2004@gmail.com y el n\u00famero 951 127 5499 para brindar acompa\u00f1amiento y asesor\u00eda jur\u00eddica a quien lo requiera; al igual que el correo: ioam.traslados20@gmail.com, o bien, el n\u00famero telef\u00f3nico 951 242 51 14, para el caso de que alguna familia haya sufrido la irreparable p\u00e9rdida de un ser querido.<\/p>\n","protected":false},"excerpt":{"rendered":"<p>Redacci\u00f3n\/Zona Roja. Oaxaca de Ju\u00e1rez, Oax., 9 de noviembre de 2020.- Al corte del 6&hellip;<\/p>\n","protected":false},"author":2,"featured_media":14995,"comment_status":"closed","ping_status":"open","sticky":false,"template":"","format":"standard","meta":{"_lmt_disableupdate":"","_lmt_disable":"","_jetpack_memberships_contains_paid_content":false,"footnotes":""},"categories":[109,47],"tags":[1228],"class_list":["post-19854","post","type-post","status-publish","format-standard","has-post-thumbnail","hentry","category-minuto-a-minuto","category-zona-gris","tag-instituto-oaxaqueno-de-atencion-al-migrante"],"jetpack_featured_media_url":"https:\/\/zonaroja.com.mx\/wp-content\/uploads\/2020\/07\/Migrantes-IOAM.png","jetpack_sharing_enabled":true,"_links":{"self":[{"href":"https:\/\/zonaroja.com.mx\/index.php?rest_route=\/wp\/v2\/posts\/19854","targetHints":{"allow":["GET"]}}],"collection":[{"href":"https:\/\/zonaroja.com.mx\/index.php?rest_route=\/wp\/v2\/posts"}],"about":[{"href":"https:\/\/zonaroja.com.mx\/index.php?rest_route=\/wp\/v2\/types\/post"}],"author":[{"embeddable":true,"href":"https:\/\/zonaroja.com.mx\/index.php?rest_route=\/wp\/v2\/users\/2"}],"replies":[{"embeddable":true,"href":"https:\/\/zonaroja.com.mx\/index.php?rest_route=%2Fwp%2Fv2%2Fcomments&post=19854"}],"version-history":[{"count":1,"href":"https:\/\/zonaroja.com.mx\/index.php?rest_route=\/wp\/v2\/posts\/19854\/revisions"}],"predecessor-version":[{"id":19855,"href":"https:\/\/zonaroja.com.mx\/index.php?rest_route=\/wp\/v2\/posts\/19854\/revisions\/19855"}],"wp:featuredmedia":[{"embeddable":true,"href":"https:\/\/zonaroja.com.mx\/index.php?rest_route=\/wp\/v2\/media\/14995"}],"wp:attachment":[{"href":"https:\/\/zonaroja.com.mx\/index.php?rest_route=%2Fwp%2Fv2%2Fmedia&parent=19854"}],"wp:term":[{"taxonomy":"category","embeddable":true,"href":"https:\/\/zonaroja.com.mx\/index.php?rest_route=%2Fwp%2Fv2%2Fcategories&post=19854"},{"taxonomy":"post_tag","embeddable":true,"href":"https:\/\/zonaroja.com.mx\/index.php?rest_route=%2Fwp%2Fv2%2Ftags&post=19854"}],"curies":[{"name":"wp","href":"https:\/\/api.w.org\/{rel}","templated":true}]}}