{"id":19856,"date":"2020-11-09T19:04:39","date_gmt":"2020-11-10T01:04:39","guid":{"rendered":"http:\/\/www.zonaroja.com.mx\/?p=19856"},"modified":"2020-11-09T19:04:42","modified_gmt":"2020-11-10T01:04:42","slug":"violencia-feminicida-no-es-prioridad-para-el-gobierno-de-murat-consorcio","status":"publish","type":"post","link":"https:\/\/zonaroja.com.mx\/?p=19856","title":{"rendered":"Violencia feminicida no es prioridad para el gobierno de Murat: Consorcio"},"content":{"rendered":"\n<p>Redacci\u00f3n\/Zona Roja.<\/p>\n\n\n\n<p>Oaxaca de Ju\u00e1rez, Oax., 9 de noviembre de 2020.- En el marco del D\u00eda Internacional de la Eliminaci\u00f3n de la Violencia contra la Mujer, que se conmemora cada 25 de noviembre, Consorcio para el Di\u00e1logo Parlamentario y la Equidad Oaxaca, se\u00f1al\u00f3 que el respeto a los derechos humanos y la erradicaci\u00f3n de cualquier forma de violencia en contra de las mujeres no es prioridad para el gobierno estatal.<\/p>\n\n\n\n<p>En un comunicado, expuso que con datos recuperados de la Plataforma de Violencia Feminicida en Oaxaca, del 1 de diciembre de 2016 al 9 de noviembre de 2020 fueron agredidas dos mil 299 mujeres por raz\u00f3n de g\u00e9nero, de las cuales, el 43 por ciento (978) han sido desaparecidas.<\/p>\n\n\n\n<p>El 57% restante (mil 321 casos) corresponde a 467 feminicidios; 408 casos de violencia familiar; 320 delitos sexuales; 75 suicidios y 51 casos de violencia pol\u00edtica de g\u00e9nero.<\/p>\n\n\n\n<p>A\u00f1adi\u00f3 que durante la administraci\u00f3n muratista \u201cel incremento de la violencia feminicida es alarmante\u201d, pues tan s\u00f3lo en 2020 han desaparecido 296 mujeres y 86 han sido v\u00edctimas de feminicidio.<\/p>\n\n\n\n<p>A esta cifra se sumar\u00eda el reciente asesinato de Alma Itzel R., de 21 a\u00f1os, quien desapareci\u00f3 el pasado 3 de noviembre de 2020 en el municipio de Santa Cruz Itundujia, en la Sierra Sur de Oaxaca, y cuyo cuerpo fue encontrado con huellas de violencia en el r\u00edo \u201cGrande\u201d del paraje \u201cEl pescadillo\u201d, el s\u00e1bado 7 de noviembre.<\/p>\n\n\n\n<p>Consorcio Oaxaca destaco que, en cuatro a\u00f1os de mandato de Alejandro Murat, el 90% de la violencia feminicida ha sido permanente en cinco regiones: Valles Centrales, con 963 casos; Mixteca, con 343; Istmo, con 294 casos; Costa, con 241 y la Cuenca del Papaloapam, con 237.<\/p>\n\n\n\n<p>Tan s\u00f3lo en los casos de feminicidio, violencia familiar, violencia sexual y violencia pol\u00edtica de g\u00e9nero (mil 246 de diciembre de 2016 a la fecha) es posible conocer el tipo de violencia que han vivido las mujeres agredidas:<\/p>\n\n\n\n<p>&#8212; 35% agredidas con violencia f\u00edsica (440 casos); 30% con violencia emocional (376 casos) y 26% con violencia sexual (324 casos)<\/p>\n\n\n\n<p>&#8212; El 31% (385 casos) fueron v\u00edctimas de dos o m\u00e1s tipos de violencia (f\u00edsica, emocional y sexual).<\/p>\n\n\n\n<p>&#8211;Del total de amenazas de muerte&nbsp; contra mujeres, (21 casos) 10 ocurrieron en el \u00e1mbito familiar y 11 en el \u00e1mbito pol\u00edtico.<\/p>\n\n\n\n<p>&#8211;Del total de casos de violencia familiar, 3% sobrevivieron al intento de feminicidio (36 casos), las mujeres fueron amagadas, golpeadas o lesionadas con arma de fuego o arma blanca, quemadas, calcinadas y\/o mutiladas.<\/p>\n\n\n\n<p>\u201cCasi se cumplen cuatro a\u00f1os de que el gobernador Alejandro Murat Hinojosa asumiera el cargo y a\u00fan se desconocen cifras reales que coadyuven al respeto irrestricto del derecho de las mujeres a una vida libre de violencia.<\/p>\n\n\n\n<p>\u201cEs urgente que el Estado y la Fiscal\u00eda General de Oaxaca muestren la evaluaci\u00f3n de resultados que derivan de las acciones de prevenci\u00f3n, sanci\u00f3n y no repetici\u00f3n implementadas en este sexenio, para que la eliminaci\u00f3n de toda forma de violencia contra mujeres y ni\u00f1as sea una realidad.<\/p>\n\n\n\n<p>\u201cDe igual manera, resulta indispensable saber c\u00f3mo se ha venido ejecutando el presupuesto para la implementaci\u00f3n del mecanismo de Alerta de Violencia de Genero contra las Mujeres, el cual fue declarado en 40 municipios de Oaxaca desde agosto de 2018\u201d, detall\u00f3.<\/p>\n","protected":false},"excerpt":{"rendered":"<p>Redacci\u00f3n\/Zona Roja. Oaxaca de Ju\u00e1rez, Oax., 9 de noviembre de 2020.- En el marco del&hellip;<\/p>\n","protected":false},"author":2,"featured_media":19857,"comment_status":"closed","ping_status":"open","sticky":false,"template":"","format":"standard","meta":{"_lmt_disableupdate":"","_lmt_disable":"","_jetpack_memberships_contains_paid_content":false,"footnotes":""},"categories":[109,47],"tags":[1093],"class_list":["post-19856","post","type-post","status-publish","format-standard","has-post-thumbnail","hentry","category-minuto-a-minuto","category-zona-gris","tag-consorcio-para-el-dialogo-oaxaca"],"jetpack_featured_media_url":"https:\/\/zonaroja.com.mx\/wp-content\/uploads\/2020\/11\/1-1.png","jetpack_sharing_enabled":true,"_links":{"self":[{"href":"https:\/\/zonaroja.com.mx\/index.php?rest_route=\/wp\/v2\/posts\/19856","targetHints":{"allow":["GET"]}}],"collection":[{"href":"https:\/\/zonaroja.com.mx\/index.php?rest_route=\/wp\/v2\/posts"}],"about":[{"href":"https:\/\/zonaroja.com.mx\/index.php?rest_route=\/wp\/v2\/types\/post"}],"author":[{"embeddable":true,"href":"https:\/\/zonaroja.com.mx\/index.php?rest_route=\/wp\/v2\/users\/2"}],"replies":[{"embeddable":true,"href":"https:\/\/zonaroja.com.mx\/index.php?rest_route=%2Fwp%2Fv2%2Fcomments&post=19856"}],"version-history":[{"count":1,"href":"https:\/\/zonaroja.com.mx\/index.php?rest_route=\/wp\/v2\/posts\/19856\/revisions"}],"predecessor-version":[{"id":19858,"href":"https:\/\/zonaroja.com.mx\/index.php?rest_route=\/wp\/v2\/posts\/19856\/revisions\/19858"}],"wp:featuredmedia":[{"embeddable":true,"href":"https:\/\/zonaroja.com.mx\/index.php?rest_route=\/wp\/v2\/media\/19857"}],"wp:attachment":[{"href":"https:\/\/zonaroja.com.mx\/index.php?rest_route=%2Fwp%2Fv2%2Fmedia&parent=19856"}],"wp:term":[{"taxonomy":"category","embeddable":true,"href":"https:\/\/zonaroja.com.mx\/index.php?rest_route=%2Fwp%2Fv2%2Fcategories&post=19856"},{"taxonomy":"post_tag","embeddable":true,"href":"https:\/\/zonaroja.com.mx\/index.php?rest_route=%2Fwp%2Fv2%2Ftags&post=19856"}],"curies":[{"name":"wp","href":"https:\/\/api.w.org\/{rel}","templated":true}]}}