{"id":19859,"date":"2020-11-09T20:59:42","date_gmt":"2020-11-10T02:59:42","guid":{"rendered":"http:\/\/www.zonaroja.com.mx\/?p=19859"},"modified":"2020-11-09T20:59:45","modified_gmt":"2020-11-10T02:59:45","slug":"rinden-en-tehuantepec-homenaje-postumo-a-don-arturo-lona-reyes","status":"publish","type":"post","link":"https:\/\/zonaroja.com.mx\/?p=19859","title":{"rendered":"Rinden en Tehuantepec homenaje p\u00f3stumo a don Arturo Lona Reyes"},"content":{"rendered":"\n<p>Yuridiana Sosa\/Zona Roja.<\/p>\n\n\n\n<p>Oaxaca de Ju\u00e1rez, Oax., 9 de noviembre de 2020.- A nueve d\u00edas de su fallecimiento, la comunidad religiosa y sociedad civil de Santo Domingo Tehuantepec rindieron un homenaje p\u00f3stumo al obispo em\u00e9rito Arturo Lona Reyes.<\/p>\n\n\n\n<p>En el atrio de la iglesia de Tehuantepec se congregaron decenas de personas para recordar al monse\u00f1or que, a decir de los oradores, fund\u00f3 \u201cuna iglesia m\u00e1s din\u00e1mica y comprometida con la sociedad, desde abajo, ante un pa\u00eds en crisis\u201d.<\/p>\n\n\n\n<p>El homenaje se llev\u00f3 a cabo la ma\u00f1ana de este lunes y posteriormente una misa. En la explanada se reunieron integrantes de la Uni\u00f3n de Comunidades Ind\u00edgenas de la Regi\u00f3n del Istmo, del Centro de Derechos Humanos \u201cTepeyac\u201d, fundado por Lona Reyes, as\u00ed como participaron grupos folcl\u00f3ricos y la artista oaxaque\u00f1a Martha Toledo.<\/p>\n\n\n\n<p>Durante la ceremonia se leyeron las condolencias por parte del Papa Francisco para la comunidad y para los familiares del obispo em\u00e9rito, quien muri\u00f3 el pasado 31 de octubre, presuntamente v\u00edctima de Covid-19.<\/p>\n\n\n\n<figure class=\"wp-block-embed-twitter wp-block-embed is-type-rich is-provider-twitter\"><div class=\"wp-block-embed__wrapper\">\n<div class=\"twitter-tweet\"><blockquote class=\"twitter-tweet\" data-lang=\"es\"><p lang=\"es\" dir=\"ltr\">En la catedral de Santo Domingo <a href=\"https:\/\/twitter.com\/hashtag\/Tehuantepec?src=hash&amp;ref_src=twsrc%5Etfw\">#Tehuantepec<\/a>, <a href=\"https:\/\/twitter.com\/hashtag\/Oaxaca?src=hash&amp;ref_src=twsrc%5Etfw\">#Oaxaca<\/a>, por cerca de dos horas se rindi\u00f3 un homenaje al obispo em\u00e9rito Arturo Lona Reyes, acaecido el pasado 31 de octubre; hubo m\u00fasica y bailes al estilo istme\u00f1o, adem\u00e1s de un p\u00e1nel y un servicio religioso. <a href=\"https:\/\/t.co\/DyzEXV6wTG\">pic.twitter.com\/DyzEXV6wTG<\/a><\/p>&mdash; Zona Roja Oaxaca (@MexRoja) <a href=\"https:\/\/twitter.com\/MexRoja\/status\/1325975223229960193?ref_src=twsrc%5Etfw\">10 de noviembre de 2020<\/a><\/blockquote><\/div>\n<\/div><\/figure>\n\n\n\n<p>Desde su llegada a Tehuantepec, en 1971, Lona Reyes fue din\u00e1mico y desde el primer momento lanz\u00f3 un mensaje contundente, recordaron integrantes del Comit\u00e9 de Derechos Humanos \u201cTepeyac\u201d.<\/p>\n\n\n\n<p>\u201cHe venido a servir a los pobres\u201d y \u201cA los ricos del Istmo los invito a que me ayuden a ayudar a los pobres\u201d, fueron sus palabras en aquel tiempo, lo cual con el paso de los a\u00f1os fue reconocido por el pueblo como \u201cel Obispo de los pobres\u201d.<\/p>\n\n\n\n<p>El Centro de Derechos Humanos que fund\u00f3, dio a conocer en el homenaje que continuar\u00e1 con su labor, con el mismo compromiso y responsabilidad con el que se conduc\u00edan cuando estaba presente Lona Reyes.<\/p>\n\n\n\n<p>El obispo em\u00e9rito de Tehuantepec, originario de Aguascalientes, naci\u00f3 el 1 de noviembre de 1925, falleci\u00f3 un d\u00eda antes de cumplir sus 95 a\u00f1os de edad, luego de varios d\u00edas de permanecer hospitalizado, delicado de salud. Fue ordenado sacerdote el 15 de agosto de 1952 y consagrado obispo de Tehuantepec el 15 de agosto de 1971.<\/p>\n","protected":false},"excerpt":{"rendered":"<p>Yuridiana Sosa\/Zona Roja. Oaxaca de Ju\u00e1rez, Oax., 9 de noviembre de 2020.- A nueve d\u00edas&hellip;<\/p>\n","protected":false},"author":2,"featured_media":19860,"comment_status":"closed","ping_status":"open","sticky":false,"template":"","format":"standard","meta":{"_lmt_disableupdate":"","_lmt_disable":"","_jetpack_memberships_contains_paid_content":false,"footnotes":""},"categories":[109,46],"tags":[2126],"class_list":["post-19859","post","type-post","status-publish","format-standard","has-post-thumbnail","hentry","category-minuto-a-minuto","category-zona-blanca","tag-arturo-lona-reyes"],"jetpack_featured_media_url":"https:\/\/zonaroja.com.mx\/wp-content\/uploads\/2020\/11\/Arturo-Lona-Reyes.jpg","jetpack_sharing_enabled":true,"_links":{"self":[{"href":"https:\/\/zonaroja.com.mx\/index.php?rest_route=\/wp\/v2\/posts\/19859","targetHints":{"allow":["GET"]}}],"collection":[{"href":"https:\/\/zonaroja.com.mx\/index.php?rest_route=\/wp\/v2\/posts"}],"about":[{"href":"https:\/\/zonaroja.com.mx\/index.php?rest_route=\/wp\/v2\/types\/post"}],"author":[{"embeddable":true,"href":"https:\/\/zonaroja.com.mx\/index.php?rest_route=\/wp\/v2\/users\/2"}],"replies":[{"embeddable":true,"href":"https:\/\/zonaroja.com.mx\/index.php?rest_route=%2Fwp%2Fv2%2Fcomments&post=19859"}],"version-history":[{"count":1,"href":"https:\/\/zonaroja.com.mx\/index.php?rest_route=\/wp\/v2\/posts\/19859\/revisions"}],"predecessor-version":[{"id":19861,"href":"https:\/\/zonaroja.com.mx\/index.php?rest_route=\/wp\/v2\/posts\/19859\/revisions\/19861"}],"wp:featuredmedia":[{"embeddable":true,"href":"https:\/\/zonaroja.com.mx\/index.php?rest_route=\/wp\/v2\/media\/19860"}],"wp:attachment":[{"href":"https:\/\/zonaroja.com.mx\/index.php?rest_route=%2Fwp%2Fv2%2Fmedia&parent=19859"}],"wp:term":[{"taxonomy":"category","embeddable":true,"href":"https:\/\/zonaroja.com.mx\/index.php?rest_route=%2Fwp%2Fv2%2Fcategories&post=19859"},{"taxonomy":"post_tag","embeddable":true,"href":"https:\/\/zonaroja.com.mx\/index.php?rest_route=%2Fwp%2Fv2%2Ftags&post=19859"}],"curies":[{"name":"wp","href":"https:\/\/api.w.org\/{rel}","templated":true}]}}