{"id":19862,"date":"2020-11-09T22:11:28","date_gmt":"2020-11-10T04:11:28","guid":{"rendered":"http:\/\/www.zonaroja.com.mx\/?p=19862"},"modified":"2020-11-09T22:11:32","modified_gmt":"2020-11-10T04:11:32","slug":"a-casi-ocho-meses-de-pandemia-registra-oaxaca-22-mil-105-casos-de-covid","status":"publish","type":"post","link":"https:\/\/zonaroja.com.mx\/?p=19862","title":{"rendered":"A casi ocho meses de pandemia, registra Oaxaca 22 mil 105 casos de Covid"},"content":{"rendered":"\n<p>Redacci\u00f3n\/Zona Roja.<\/p>\n\n\n\n<p>Oaxaca de Ju\u00e1rez, Oax., 9 de noviembre de 2020.- Los Servicios de Salud de Oaxaca (SSO) registran al corte epidemiol\u00f3gico de este lunes 9 de noviembre, 63 casos nuevos de Covid-19, que suman 22 mil 105 casos acumulados en toda la entidad.<\/p>\n\n\n\n<p>En un comunicado, la dependencia detall\u00f3 que se han notificado 35 mil 268 casos, de los cuales nueve mil 567 han sido negativos, tres mil 596 son sospechosos, 19 mil 927 se han recuperado y lamentablemente, se contabilizan cuatro decesos que suman mil 762 defunciones.<\/p>\n\n\n\n<p>Refiri\u00f3 que la Jurisdicci\u00f3n Sanitaria n\u00famero uno Valles Centrales contabiliza 14 mil 766 casos acumulados y 872 defunciones; Istmo dos mil 168 y 312 defunciones; Tuxtepec mil 834 y 256 defunciones; Mixteca mil 611 y 147 defunciones; Costa mil 124 y 113 defunciones, y en la Sierra 602 y 62 defunciones.<\/p>\n\n\n\n<p>Sostuvo que los 63 casos nuevos se distribuyen en 31 municipios de la entidad, siendo los que mayor n\u00famero de casos presentan, Juchit\u00e1n de Zaragoza con siete, Tlacolula de Matamoros seis, Salina Cruz, Santa Mar\u00eda Huatulco, y Mat\u00edas Romero Avenda\u00f1o cinco cada uno, San Jer\u00f3nimo Tlacochahuaya cuatro, Asunci\u00f3n Ixtaltepec tres, el resto dos y uno.<\/p>\n\n\n\n<p>Se\u00f1al\u00f3 que hay 422 casos activos, la Jurisdicci\u00f3n Sanitaria n\u00famero uno Valles Centrales registra 328, Mixteca 42, Costa 22, Sierra 16, Istmo ocho, y Tuxtepec seis.<\/p>\n\n\n\n<p>Dijo que hay una ocupaci\u00f3n hospitalaria global para la atenci\u00f3n de pacientes con COVID-19 del 32.9%, de los cuales el 37.2% es sin ventilador y el 25.5% de camas con ventilador.<\/p>\n\n\n\n<p>Hizo hincapi\u00e9 en que se contin\u00faen con las medidas preventivas como el uso de cubrebocas de manera correcta, aplicar la sana distancia y lavado de manos con frecuencia, ya que la pandemia a\u00fan continua activa.<\/p>\n","protected":false},"excerpt":{"rendered":"<p>Redacci\u00f3n\/Zona Roja. Oaxaca de Ju\u00e1rez, Oax., 9 de noviembre de 2020.- Los Servicios de Salud&hellip;<\/p>\n","protected":false},"author":2,"featured_media":19863,"comment_status":"closed","ping_status":"open","sticky":false,"template":"","format":"standard","meta":{"_lmt_disableupdate":"","_lmt_disable":"","_jetpack_memberships_contains_paid_content":false,"footnotes":""},"categories":[109,47],"tags":[1512],"class_list":["post-19862","post","type-post","status-publish","format-standard","has-post-thumbnail","hentry","category-minuto-a-minuto","category-zona-gris","tag-coronavirus-oaxaca"],"jetpack_featured_media_url":"https:\/\/zonaroja.com.mx\/wp-content\/uploads\/2020\/11\/SSO-1-1.jpeg","jetpack_sharing_enabled":true,"_links":{"self":[{"href":"https:\/\/zonaroja.com.mx\/index.php?rest_route=\/wp\/v2\/posts\/19862","targetHints":{"allow":["GET"]}}],"collection":[{"href":"https:\/\/zonaroja.com.mx\/index.php?rest_route=\/wp\/v2\/posts"}],"about":[{"href":"https:\/\/zonaroja.com.mx\/index.php?rest_route=\/wp\/v2\/types\/post"}],"author":[{"embeddable":true,"href":"https:\/\/zonaroja.com.mx\/index.php?rest_route=\/wp\/v2\/users\/2"}],"replies":[{"embeddable":true,"href":"https:\/\/zonaroja.com.mx\/index.php?rest_route=%2Fwp%2Fv2%2Fcomments&post=19862"}],"version-history":[{"count":1,"href":"https:\/\/zonaroja.com.mx\/index.php?rest_route=\/wp\/v2\/posts\/19862\/revisions"}],"predecessor-version":[{"id":19864,"href":"https:\/\/zonaroja.com.mx\/index.php?rest_route=\/wp\/v2\/posts\/19862\/revisions\/19864"}],"wp:featuredmedia":[{"embeddable":true,"href":"https:\/\/zonaroja.com.mx\/index.php?rest_route=\/wp\/v2\/media\/19863"}],"wp:attachment":[{"href":"https:\/\/zonaroja.com.mx\/index.php?rest_route=%2Fwp%2Fv2%2Fmedia&parent=19862"}],"wp:term":[{"taxonomy":"category","embeddable":true,"href":"https:\/\/zonaroja.com.mx\/index.php?rest_route=%2Fwp%2Fv2%2Fcategories&post=19862"},{"taxonomy":"post_tag","embeddable":true,"href":"https:\/\/zonaroja.com.mx\/index.php?rest_route=%2Fwp%2Fv2%2Ftags&post=19862"}],"curies":[{"name":"wp","href":"https:\/\/api.w.org\/{rel}","templated":true}]}}