{"id":19865,"date":"2020-11-09T22:28:51","date_gmt":"2020-11-10T04:28:51","guid":{"rendered":"http:\/\/www.zonaroja.com.mx\/?p=19865"},"modified":"2020-11-09T22:28:54","modified_gmt":"2020-11-10T04:28:54","slug":"asesinan-a-dos-personas-este-lunes-en-oaxaca-una-de-ellas-a-balazos","status":"publish","type":"post","link":"https:\/\/zonaroja.com.mx\/?p=19865","title":{"rendered":"Asesinan a dos personas este lunes en Oaxaca, una de ellas a balazos"},"content":{"rendered":"\n<p>Redacci\u00f3n\/Zona Roja.<\/p>\n\n\n\n<p>Oaxaca de Ju\u00e1rez, Oax., 9 de noviembre de 2020.- Dos personas del sexo masculino fueron asesinadas este lunes, una de ellas por disparos de arma de fuego, en las regiones Valles Centrales y Sierra Sur de Oaxaca.<\/p>\n\n\n\n<p>En San Antonio de la Cal, municipio conurbado a la capital oaxaque\u00f1a, fue atacado con arma blanca un individuo, en la calle Amapola y 20 de Noviembre.<\/p>\n\n\n\n<p>La v\u00edctima fue identificada como Jos\u00e9 Manuel, quien perdi\u00f3 la vida en el interior de su domicilio, mientras recib\u00eda los primeros auxilios; a\u00fan se desconoce la identidad del o los agresores.<\/p>\n\n\n\n<p>Por otra parte, en la comunidad de Monjas, Miahuatl\u00e1n, regi\u00f3n Sierra Sur, fue asesinado Jes\u00fas Luis Franco Cruz, de 46 a\u00f1os de edad, en un ataque a balazos.<\/p>\n\n\n\n<p>El crimen se perpetr\u00f3 en un domicilio de la calle Sabino sin n\u00famero de la agencia municipal Los Pocitos, del municipio de Monjas.<\/p>\n\n\n\n<p>Hasta el momento tampoco se tienen indicios del o los responsables del crimen.<\/p>\n\n\n\n<p>Mientras que en Puerto Escondido, la ma\u00f1ana de hoy una mujer presuntamente se suicid\u00f3, en un domicilio de la avenida Guelatao, colonia Benito Ju\u00e1rez.<\/p>\n\n\n\n<p>La v\u00edctima fue identificada como Rubicela E. J., de 35 a\u00f1os de edad, y a\u00fan se ignoran los motivos por los cuales se habr\u00eda quitado la vida.<\/p>\n\n\n\n<p>Por \u00faltimo, en una presa de Teotitl\u00e1n de Flores Mag\u00f3n, en la regi\u00f3n Valles Centrales, un menor de edad se ahog\u00f3; el cuerpo sin vida fue rescatado elementos del Heroico Cuerpo de Bomberos.<\/p>\n","protected":false},"excerpt":{"rendered":"<p>Redacci\u00f3n\/Zona Roja. Oaxaca de Ju\u00e1rez, Oax., 9 de noviembre de 2020.- Dos personas del sexo&hellip;<\/p>\n","protected":false},"author":2,"featured_media":19866,"comment_status":"closed","ping_status":"open","sticky":false,"template":"","format":"standard","meta":{"_lmt_disableupdate":"","_lmt_disable":"","_jetpack_memberships_contains_paid_content":false,"footnotes":""},"categories":[109,51],"tags":[2193,875],"class_list":["post-19865","post","type-post","status-publish","format-standard","has-post-thumbnail","hentry","category-minuto-a-minuto","category-zona-roja","tag-monjas","tag-san-antonio-de-la-cal"],"jetpack_featured_media_url":"https:\/\/zonaroja.com.mx\/wp-content\/uploads\/2020\/11\/Asesinado-Monjas-Miahuatlan.jpg","jetpack_sharing_enabled":true,"_links":{"self":[{"href":"https:\/\/zonaroja.com.mx\/index.php?rest_route=\/wp\/v2\/posts\/19865","targetHints":{"allow":["GET"]}}],"collection":[{"href":"https:\/\/zonaroja.com.mx\/index.php?rest_route=\/wp\/v2\/posts"}],"about":[{"href":"https:\/\/zonaroja.com.mx\/index.php?rest_route=\/wp\/v2\/types\/post"}],"author":[{"embeddable":true,"href":"https:\/\/zonaroja.com.mx\/index.php?rest_route=\/wp\/v2\/users\/2"}],"replies":[{"embeddable":true,"href":"https:\/\/zonaroja.com.mx\/index.php?rest_route=%2Fwp%2Fv2%2Fcomments&post=19865"}],"version-history":[{"count":1,"href":"https:\/\/zonaroja.com.mx\/index.php?rest_route=\/wp\/v2\/posts\/19865\/revisions"}],"predecessor-version":[{"id":19867,"href":"https:\/\/zonaroja.com.mx\/index.php?rest_route=\/wp\/v2\/posts\/19865\/revisions\/19867"}],"wp:featuredmedia":[{"embeddable":true,"href":"https:\/\/zonaroja.com.mx\/index.php?rest_route=\/wp\/v2\/media\/19866"}],"wp:attachment":[{"href":"https:\/\/zonaroja.com.mx\/index.php?rest_route=%2Fwp%2Fv2%2Fmedia&parent=19865"}],"wp:term":[{"taxonomy":"category","embeddable":true,"href":"https:\/\/zonaroja.com.mx\/index.php?rest_route=%2Fwp%2Fv2%2Fcategories&post=19865"},{"taxonomy":"post_tag","embeddable":true,"href":"https:\/\/zonaroja.com.mx\/index.php?rest_route=%2Fwp%2Fv2%2Ftags&post=19865"}],"curies":[{"name":"wp","href":"https:\/\/api.w.org\/{rel}","templated":true}]}}