{"id":19869,"date":"2020-11-10T07:49:06","date_gmt":"2020-11-10T13:49:06","guid":{"rendered":"http:\/\/www.zonaroja.com.mx\/?p=19869"},"modified":"2020-11-10T07:49:10","modified_gmt":"2020-11-10T13:49:10","slug":"visita-oaxaca-la-cantante-mon-laferte-graba-con-mujeres-del-viento-florido","status":"publish","type":"post","link":"https:\/\/zonaroja.com.mx\/?p=19869","title":{"rendered":"Visita Oaxaca la cantante Mon Laferte; graba con \u201cMujeres del viento florido\u201d"},"content":{"rendered":"\n<p>Ismael Garc\u00eda M.\/Zona Roja. Fotos: Mayra Ortiz<\/p>\n\n\n\n<p>Oaxaca de Ju\u00e1rez, Oax., 10 de noviembre de 2020.- La famosa cantante chilena Mon Laferte estuvo en Oaxaca el pasado fin de semana.<\/p>\n\n\n\n<p>A trav\u00e9s de redes sociales, difundi\u00f3 fotograf\u00edas de su presencia en Santa Mar\u00eda Tlahuitoltepec Mixe, para grabar un video con la banda de \u201cMujeres del viento florido\u201d.<\/p>\n\n\n\n<p>\u201c\u00a1\u00a1\u00a1Ayer tuve uno de los d\u00edas m\u00e1s lindos de mi vida!!! &nbsp;Ayer (domingo) fuimos a Oaxaca a grabar a @vientoflorido ellas son una banda de mujeres de distintos pueblos de Oaxaca.<\/p>\n\n\n\n<p>\u201cEsta Banda es liderada por la maestra Leticia Gallardo y est\u00e1n cambiando el mundo, hace no mucho tiempo las mujeres de su pueblo no pod\u00edan ser parte de la banda y hoy son m\u00e1s de 40.<\/p>\n\n\n\n<p>\u201cC\u00f3mo les dije ayer, las amo y ya las extra\u00f1o, gracias por tanto amor, por sus regalitos, por la comidita deliciosa, por peinarme y prestarme su ropa hermosa. Gracias por cambiar el mundo. Ustedes me inspiran\u201d, difundi\u00f3 la artista.<\/p>\n\n\n\n<figure class=\"wp-block-embed-twitter wp-block-embed is-type-rich is-provider-twitter\"><div class=\"wp-block-embed__wrapper\">\n<div class=\"twitter-tweet\"><blockquote class=\"twitter-tweet\" data-lang=\"es\"><p lang=\"es\" dir=\"ltr\"><a href=\"https:\/\/twitter.com\/hashtag\/%C3%9AltimoMinuto?src=hash&amp;ref_src=twsrc%5Etfw\">#\u00daltimoMinuto<\/a><br>La famosa cantante chilena Mon Laferte estuvo este fin de semana en Santa Mar\u00eda <a href=\"https:\/\/twitter.com\/hashtag\/Tlahuitoltepec?src=hash&amp;ref_src=twsrc%5Etfw\">#Tlahuitoltepec<\/a>, <a href=\"https:\/\/twitter.com\/hashtag\/Oaxaca?src=hash&amp;ref_src=twsrc%5Etfw\">#Oaxaca<\/a>, para grabar melod\u00edas con la banda de \u201cMujeres del viento florido\u201d; \u201ctuve uno de los d\u00edas m\u00e1s lindos de mi vida\u201d, poste\u00f3 la artista.<br>Fotos: <a href=\"https:\/\/twitter.com\/mayraortizph?ref_src=twsrc%5Etfw\">@mayraortizph<\/a> <a href=\"https:\/\/t.co\/jQJLLmjpZz\">pic.twitter.com\/jQJLLmjpZz<\/a><\/p>&mdash; Zona Roja Oaxaca (@MexRoja) <a href=\"https:\/\/twitter.com\/MexRoja\/status\/1326011279589269504?ref_src=twsrc%5Etfw\">10 de noviembre de 2020<\/a><\/blockquote><\/div>\n<\/div><\/figure>\n\n\n\n<p>Norma Monserrat Bustamante Laferte naci\u00f3 en Vi\u00f1a del Mar, Chile, el 2 de mayo de 1983; conocida art\u00edsticamente como Mon Laferte, es una cantautora, m\u00fasica, compositora, y activista chilena.<\/p>\n\n\n\n<p>Toca diferentes instrumentos y se caracteriza por la confluencia de numerosas formas y g\u00e9neros como la balada, el pop rock, el heavy metal, principalmente a ra\u00edz de su actividad como cantante entre 2012 y 2014 de las bandas \u201cMystica Girls\u201d y \u201cAbaddo\u201d,\u200b el bolero, el vals, la cumbia, el reggae o el ska, entre otros.<\/p>\n\n\n\n<p>Ha sido la artista chilena con m\u00e1s nominaciones en una sola edici\u00f3n de los Grammy Latinos (cinco en 2017),\u200b as\u00ed como la segunda en conseguir m\u00e1s de estas en los mencionados premios (nueve en cuatro ocasiones).<\/p>\n\n\n\n<p>Por su parte, \u201cMujeres del viento florido\u201d es una agrupaci\u00f3n musical que dirige la profesora Leticia Gallardo, integrada exclusivamente por mujeres, en su mayor\u00eda de la regi\u00f3n Sierra Norte y algunas de Valles Centrales.<\/p>\n","protected":false},"excerpt":{"rendered":"<p>Ismael Garc\u00eda M.\/Zona Roja. Fotos: Mayra Ortiz Oaxaca de Ju\u00e1rez, Oax., 10 de noviembre de&hellip;<\/p>\n","protected":false},"author":2,"featured_media":19870,"comment_status":"closed","ping_status":"open","sticky":false,"template":"","format":"standard","meta":{"_lmt_disableupdate":"","_lmt_disable":"","_jetpack_memberships_contains_paid_content":false,"footnotes":""},"categories":[109,49],"tags":[2195,2194,1018],"class_list":["post-19869","post","type-post","status-publish","format-standard","has-post-thumbnail","hentry","category-minuto-a-minuto","category-zona-fresa","tag-mujeres-del-viento-florido","tag-mon-laferte","tag-santa-maria-tlauitoltepec-mixe"],"jetpack_featured_media_url":"https:\/\/zonaroja.com.mx\/wp-content\/uploads\/2020\/11\/Mon-Laferte-1.png","jetpack_sharing_enabled":true,"_links":{"self":[{"href":"https:\/\/zonaroja.com.mx\/index.php?rest_route=\/wp\/v2\/posts\/19869","targetHints":{"allow":["GET"]}}],"collection":[{"href":"https:\/\/zonaroja.com.mx\/index.php?rest_route=\/wp\/v2\/posts"}],"about":[{"href":"https:\/\/zonaroja.com.mx\/index.php?rest_route=\/wp\/v2\/types\/post"}],"author":[{"embeddable":true,"href":"https:\/\/zonaroja.com.mx\/index.php?rest_route=\/wp\/v2\/users\/2"}],"replies":[{"embeddable":true,"href":"https:\/\/zonaroja.com.mx\/index.php?rest_route=%2Fwp%2Fv2%2Fcomments&post=19869"}],"version-history":[{"count":1,"href":"https:\/\/zonaroja.com.mx\/index.php?rest_route=\/wp\/v2\/posts\/19869\/revisions"}],"predecessor-version":[{"id":19871,"href":"https:\/\/zonaroja.com.mx\/index.php?rest_route=\/wp\/v2\/posts\/19869\/revisions\/19871"}],"wp:featuredmedia":[{"embeddable":true,"href":"https:\/\/zonaroja.com.mx\/index.php?rest_route=\/wp\/v2\/media\/19870"}],"wp:attachment":[{"href":"https:\/\/zonaroja.com.mx\/index.php?rest_route=%2Fwp%2Fv2%2Fmedia&parent=19869"}],"wp:term":[{"taxonomy":"category","embeddable":true,"href":"https:\/\/zonaroja.com.mx\/index.php?rest_route=%2Fwp%2Fv2%2Fcategories&post=19869"},{"taxonomy":"post_tag","embeddable":true,"href":"https:\/\/zonaroja.com.mx\/index.php?rest_route=%2Fwp%2Fv2%2Ftags&post=19869"}],"curies":[{"name":"wp","href":"https:\/\/api.w.org\/{rel}","templated":true}]}}