{"id":1987,"date":"2019-07-02T22:01:44","date_gmt":"2019-07-03T03:01:44","guid":{"rendered":"http:\/\/www.zonaroja.com.mx\/?p=1987"},"modified":"2019-07-02T22:01:46","modified_gmt":"2019-07-03T03:01:46","slug":"un-ejecutado-y-asalto-sangriento-en-octavo-dia-con-nuevo-titular-de-sspo","status":"publish","type":"post","link":"https:\/\/zonaroja.com.mx\/?p=1987","title":{"rendered":"Un ejecutado y asalto sangriento, en octavo d\u00eda con nuevo titular de SSPO"},"content":{"rendered":"\n<p>Ismael\nGarc\u00eda M.<\/p>\n\n\n\n<p>Oaxaca de\nJu\u00e1rez, Oax., 2 de julio de 2019.- Una persona torturada, maniatada y ejecutada\nen el Istmo, y un asalto sangriento en la capital, es el saldo del octavo d\u00eda\ndel nuevo titular de la Secretar\u00eda de Seguridad P\u00fablica de Oaxaca (SSPO), Ra\u00fal\nErnesto Salcedo Rosales, experto en espionaje, al haber trabajado dos d\u00e9cadas\nen el Cisen.<\/p>\n\n\n\n<p>Por la\nma\u00f1ana, camino a la localidad de Paso Guayabo, en el municipio de Mat\u00edas Romero\nAvenda\u00f1o, fue localizado el cuerpo de un individuo identificado como Emerson\nReyes, alias \u201cEl Virus\u201d, cuyas manos y pies se hallaban atados con alambre\nrecocido.<\/p>\n\n\n\n<p>Asimismo,\npresentaba huellas de tortura y disparos de arma de fuego en distintas partes\ndel cuerpo, incluyendo la cabeza. La Vicefiscal\u00eda Regional del Istmo inici\u00f3 las\nindagatorias del caso pero no hay personas detenidas al respecto.<\/p>\n\n\n\n<p>VIOLENTO\nASALTO<\/p>\n\n\n\n<p>Por otra parte, por segundo d\u00eda consecutivo, en la capital del estado se registr\u00f3 un violento asalto a un cuentahabiente.<\/p>\n\n\n\n<figure class=\"wp-block-embed-twitter wp-block-embed is-type-rich is-provider-twitter\"><div class=\"wp-block-embed__wrapper\">\n<div class=\"twitter-tweet\"><blockquote class=\"twitter-tweet\" data-lang=\"es\"><p lang=\"es\" dir=\"ltr\"><a href=\"https:\/\/twitter.com\/hashtag\/OaxacaRojo?src=hash&amp;ref_src=twsrc%5Etfw\">#OaxacaRojo<\/a><br>Delincuencia imparable. Este es el momento en que atienden al baleado y asaltado, tras salir de un banco, en la calzada Porfirio D\u00edaz, colonia Reforma, ciudad de Oaxaca. Ayer ocurri\u00f3 otro hecho similar en el centro comercial Plaza Oaxaca. <a href=\"https:\/\/twitter.com\/Tomas7J?ref_src=twsrc%5Etfw\">@Tomas7J<\/a> <a href=\"https:\/\/twitter.com\/Gelosnivon?ref_src=twsrc%5Etfw\">@Gelosnivon<\/a> <a href=\"https:\/\/t.co\/GBO3jvfFoY\">pic.twitter.com\/GBO3jvfFoY<\/a><\/p>&mdash; Zona Roja Oaxaca (@MexRoja) <a href=\"https:\/\/twitter.com\/MexRoja\/status\/1146151118885597188?ref_src=twsrc%5Etfw\">2 de julio de 2019<\/a><\/blockquote><\/div>\n<\/div><\/figure>\n\n\n\n<p>El individuo\nhab\u00eda salido poco despu\u00e9s de las 13:00 horas de este martes del banco Banorte,\nubicado en la calzada Porfirio D\u00edaz; camin\u00f3 hacia el sur para abordar su unidad\nde motor pero metros adelante fue abordado por al menos dos sujetos a bordo de\nuna motocicleta.<\/p>\n\n\n\n<p>Tras\ndispararle con un arma de fuego en la pierna, se dieron a la fuga. La v\u00edctima,\na quien le robaron aproximadamente 25 mil pesos, fue atendida por personal de\nla Cruz Roja Mexicana y llevada a un hospital, donde se reporta estable.<\/p>\n\n\n\n<p>El hecho\nocurri\u00f3 horas despu\u00e9s de que elementos de la Polic\u00eda Municipal y Vial de Oaxaca\nde Ju\u00e1rez efectuaron un paro parcial de labores, para exigir bonos y mejoras en\nequipos y unidades de motor de trabajo.<\/p>\n\n\n\n<p>Ayer alrededor del mediod\u00eda, en el centro comercial Plaza Oaxaca, ocurri\u00f3 un hecho similar, en contra de una persona que reci\u00e9n hab\u00eda retirado aproximadamente 35 mil pesos de una sucursal de Banorte. En ambos casos no hay personas detenidas.<\/p>\n\n\n\n<figure class=\"wp-block-embed-twitter wp-block-embed is-type-rich is-provider-twitter\"><div class=\"wp-block-embed__wrapper\">\n<div class=\"twitter-tweet\"><blockquote class=\"twitter-tweet\" data-lang=\"es\"><p lang=\"es\" dir=\"ltr\"><a href=\"https:\/\/twitter.com\/hashtag\/ENVIVO?src=hash&amp;ref_src=twsrc%5Etfw\">#ENVIVO<\/a><br>Ciudad de Oaxaca.<br>En la calzada Porfirio D\u00edaz, colonia Reforma, ocurri\u00f3 un asalto a un cuentahabiente. De manera preliminar, la v\u00edctima recibi\u00f3 un disparo de arma de fuego en la pierna y le robaron 25 mil pesos. <br>\ud83d\udc49<a href=\"https:\/\/t.co\/vMDmXERhjq\">https:\/\/t.co\/vMDmXERhjq<\/a> <a href=\"https:\/\/t.co\/I1w38oCAwl\">pic.twitter.com\/I1w38oCAwl<\/a><\/p>&mdash; Zona Roja Oaxaca (@MexRoja) <a href=\"https:\/\/twitter.com\/MexRoja\/status\/1146141017047011328?ref_src=twsrc%5Etfw\">2 de julio de 2019<\/a><\/blockquote><\/div>\n<\/div><\/figure>\n","protected":false},"excerpt":{"rendered":"<p>Ismael Garc\u00eda M. Oaxaca de Ju\u00e1rez, Oax., 2 de julio de 2019.- Una persona torturada,&hellip;<\/p>\n","protected":false},"author":2,"featured_media":1988,"comment_status":"closed","ping_status":"open","sticky":false,"template":"","format":"standard","meta":{"_lmt_disableupdate":"","_lmt_disable":"","_jetpack_memberships_contains_paid_content":false,"footnotes":""},"categories":[109,51],"tags":[292,228,58],"class_list":["post-1987","post","type-post","status-publish","format-standard","has-post-thumbnail","hentry","category-minuto-a-minuto","category-zona-roja","tag-asalto-calzada-porfirio-diaz-ciudad-de-oaxaca","tag-matias-romero-avendano","tag-oaxaca"],"jetpack_featured_media_url":"https:\/\/zonaroja.com.mx\/wp-content\/uploads\/2019\/07\/IMG_5250.jpg","jetpack_sharing_enabled":true,"_links":{"self":[{"href":"https:\/\/zonaroja.com.mx\/index.php?rest_route=\/wp\/v2\/posts\/1987","targetHints":{"allow":["GET"]}}],"collection":[{"href":"https:\/\/zonaroja.com.mx\/index.php?rest_route=\/wp\/v2\/posts"}],"about":[{"href":"https:\/\/zonaroja.com.mx\/index.php?rest_route=\/wp\/v2\/types\/post"}],"author":[{"embeddable":true,"href":"https:\/\/zonaroja.com.mx\/index.php?rest_route=\/wp\/v2\/users\/2"}],"replies":[{"embeddable":true,"href":"https:\/\/zonaroja.com.mx\/index.php?rest_route=%2Fwp%2Fv2%2Fcomments&post=1987"}],"version-history":[{"count":1,"href":"https:\/\/zonaroja.com.mx\/index.php?rest_route=\/wp\/v2\/posts\/1987\/revisions"}],"predecessor-version":[{"id":1989,"href":"https:\/\/zonaroja.com.mx\/index.php?rest_route=\/wp\/v2\/posts\/1987\/revisions\/1989"}],"wp:featuredmedia":[{"embeddable":true,"href":"https:\/\/zonaroja.com.mx\/index.php?rest_route=\/wp\/v2\/media\/1988"}],"wp:attachment":[{"href":"https:\/\/zonaroja.com.mx\/index.php?rest_route=%2Fwp%2Fv2%2Fmedia&parent=1987"}],"wp:term":[{"taxonomy":"category","embeddable":true,"href":"https:\/\/zonaroja.com.mx\/index.php?rest_route=%2Fwp%2Fv2%2Fcategories&post=1987"},{"taxonomy":"post_tag","embeddable":true,"href":"https:\/\/zonaroja.com.mx\/index.php?rest_route=%2Fwp%2Fv2%2Ftags&post=1987"}],"curies":[{"name":"wp","href":"https:\/\/api.w.org\/{rel}","templated":true}]}}