{"id":19875,"date":"2020-11-10T09:58:37","date_gmt":"2020-11-10T15:58:37","guid":{"rendered":"http:\/\/www.zonaroja.com.mx\/?p=19875"},"modified":"2020-11-10T11:11:37","modified_gmt":"2020-11-10T17:11:37","slug":"sabia-que-oaxaca-tendra-mas-largo-de-latinoamerica-sera-en-ixtlan","status":"publish","type":"post","link":"https:\/\/zonaroja.com.mx\/?p=19875","title":{"rendered":"\u00bfSab\u00eda que Oaxaca tendr\u00e1 el mirador m\u00e1s largo de Latinoam\u00e9rica? Ser\u00e1 en Ixtl\u00e1n"},"content":{"rendered":"\n<p>Evlin Arag\u00f3n\/Zona Roja.<\/p>\n\n\n\n<p>Oaxaca de Ju\u00e1rez, Oax., 10 de noviembre de 2020.- El municipio de Ixtl\u00e1n de Ju\u00e1rez, ubicado en la Sierra Ju\u00e1rez de Oaxaca, se alista para ofrecer a las y los visitantes un nuevo atractivo tur\u00edstico, mismo que definen como referente en toda Latinoam\u00e9rica.&nbsp;&nbsp;<\/p>\n\n\n\n<p>Se trata de un mirador panor\u00e1mico de cristal, desde donde se podr\u00e1n observar los maravillosos y enormes paisajes que hacen de la zona, la regi\u00f3n m\u00e1s visitadas por el turismo de aventura.&nbsp;<\/p>\n\n\n\n<p>\u201cEl d\u00eda de hoy se est\u00e1 realizando el montaje de la estructura del mirador panor\u00e1mico de cristal m\u00e1s largo de latinoamericano, nuestra admiraci\u00f3n y reconocimiento a la empresa Ecoturixtlan y al comisariado de Bienes Comunales as\u00ed como al equipo de ingenieros y trabajadores que han hecho posible esta obra de la ingenier\u00eda\u201d, refieren a trav\u00e9s de la p\u00e1gina de Facebook Turismo Ixtl\u00e1n.<\/p>\n\n\n\n<p>De acuerdo con las autoridades del lugar, el proyecto instalado en el cerro de Cuachirindoo inicio hace m\u00e1s de 18 meses y es encabezado por la empresa Ecoturixtl\u00e1n y al comisariado de Bienes Comunales del municipio de Ixtl\u00e1n de Ju\u00e1rez, quienes le han dedicado tiempo y esfuerzo a la obra.&nbsp;<\/p>\n\n\n\n<p>As\u00ed mismo, se contempla que est\u00e9 completamente concluido en el mes de diciembre, mientras que el acceso al p\u00fablico en general depender\u00e1 de las disposiciones federales y estatales ante la pandemia por Covid-19 que tiene parado el flujo de visitantes.&nbsp;&nbsp;<\/p>\n\n\n\n<p>\u201c\u00bfComo la ven? Dec\u00edan que era imposible, pero no. Nada m\u00e1s hay que saber calcular estructuras\u201d, se puede escuchar en la transmisi\u00f3n en vivo realiz\u00f3 \u00c1ngel Olivera Dom\u00ednguez, de la instalaci\u00f3n de la estructura met\u00e1lica que requiri\u00f3 la participaci\u00f3n de decena de personas.&nbsp;&nbsp;<\/p>\n\n\n\n<p>Mientras que Diego P\u00e9rez S\u00e1nchez, integrante de la empresa Ecoturixtl\u00e1n, celebr\u00f3 que, con el trabajo en conjunto, se est\u00e9n cristalizando ideas, platicas, reuniones y m\u00e1s reuniones para lograr la gran obra tur\u00edstica que pondr\u00e1 de nueva cuenta los ojos del mundo en la Sierra Ju\u00e1rez.&nbsp;<\/p>\n\n\n\n<p>\u201cLa visi\u00f3n sin acci\u00f3n es un sue\u00f1o. Acci\u00f3n sin visi\u00f3n es simplemente pasar el tiempo. Acci\u00f3n con visi\u00f3n es hacer la diferencia. Instalaci\u00f3n del mirador del cerro de Cuachirindoo en Ixtl\u00e1n de Ju\u00e1rez Oax. Estamos trabajando para ofrecerte m\u00e1s y mejores servicios. (En poco tiempo est\u00e1 para listo para que nos visites) #travel#travesias#IxtlandeJuarez#Ecoturixtlan\u201d.<\/p>\n\n\n\n<p>La publicaci\u00f3n de las fotograf\u00edas con respecto a la instalaci\u00f3n del mirador fue celebrada por cientos de personas, quienes compartieron las im\u00e1genes a trav\u00e9s de las redes sociales y celebraron la pr\u00f3xima inauguraci\u00f3n del atractivo tur\u00edstico que prev\u00e9n potencie la derrama econ\u00f3mica en la zona.&nbsp;<\/p>\n","protected":false},"excerpt":{"rendered":"<p>Evlin Arag\u00f3n\/Zona Roja. Oaxaca de Ju\u00e1rez, Oax., 10 de noviembre de 2020.- El municipio de&hellip;<\/p>\n","protected":false},"author":2,"featured_media":19877,"comment_status":"closed","ping_status":"open","sticky":false,"template":"","format":"standard","meta":{"_lmt_disableupdate":"","_lmt_disable":"","_jetpack_memberships_contains_paid_content":false,"footnotes":""},"categories":[109,46],"tags":[2196],"class_list":["post-19875","post","type-post","status-publish","format-standard","has-post-thumbnail","hentry","category-minuto-a-minuto","category-zona-blanca","tag-ixtlan-de-juarez"],"jetpack_featured_media_url":"https:\/\/zonaroja.com.mx\/wp-content\/uploads\/2020\/11\/Observatorio-Ixtlan-cristal.jpg","jetpack_sharing_enabled":true,"_links":{"self":[{"href":"https:\/\/zonaroja.com.mx\/index.php?rest_route=\/wp\/v2\/posts\/19875","targetHints":{"allow":["GET"]}}],"collection":[{"href":"https:\/\/zonaroja.com.mx\/index.php?rest_route=\/wp\/v2\/posts"}],"about":[{"href":"https:\/\/zonaroja.com.mx\/index.php?rest_route=\/wp\/v2\/types\/post"}],"author":[{"embeddable":true,"href":"https:\/\/zonaroja.com.mx\/index.php?rest_route=\/wp\/v2\/users\/2"}],"replies":[{"embeddable":true,"href":"https:\/\/zonaroja.com.mx\/index.php?rest_route=%2Fwp%2Fv2%2Fcomments&post=19875"}],"version-history":[{"count":2,"href":"https:\/\/zonaroja.com.mx\/index.php?rest_route=\/wp\/v2\/posts\/19875\/revisions"}],"predecessor-version":[{"id":19885,"href":"https:\/\/zonaroja.com.mx\/index.php?rest_route=\/wp\/v2\/posts\/19875\/revisions\/19885"}],"wp:featuredmedia":[{"embeddable":true,"href":"https:\/\/zonaroja.com.mx\/index.php?rest_route=\/wp\/v2\/media\/19877"}],"wp:attachment":[{"href":"https:\/\/zonaroja.com.mx\/index.php?rest_route=%2Fwp%2Fv2%2Fmedia&parent=19875"}],"wp:term":[{"taxonomy":"category","embeddable":true,"href":"https:\/\/zonaroja.com.mx\/index.php?rest_route=%2Fwp%2Fv2%2Fcategories&post=19875"},{"taxonomy":"post_tag","embeddable":true,"href":"https:\/\/zonaroja.com.mx\/index.php?rest_route=%2Fwp%2Fv2%2Ftags&post=19875"}],"curies":[{"name":"wp","href":"https:\/\/api.w.org\/{rel}","templated":true}]}}