{"id":19879,"date":"2020-11-10T10:16:22","date_gmt":"2020-11-10T16:16:22","guid":{"rendered":"http:\/\/www.zonaroja.com.mx\/?p=19879"},"modified":"2020-11-10T11:38:15","modified_gmt":"2020-11-10T17:38:15","slug":"en-cancun-reprimen-a-balazos-protestas-a-raiz-de-feminicidio-hay-heridos","status":"publish","type":"post","link":"https:\/\/zonaroja.com.mx\/?p=19879","title":{"rendered":"En Canc\u00fan reprimen a balazos protestas a ra\u00edz de feminicidio; hay heridos"},"content":{"rendered":"\n<p>Redacci\u00f3n\/Zona Roja Cdmx.<\/p>\n\n\n\n<p>Ciudad de M\u00e9xico, 10 de noviembre de 2020.- Con disparos al aire, polic\u00edas en Canc\u00fan intentaron reprimir una protesta contra los feminicidios en el municipio, gobernado por Mara Lezama, lo que dej\u00f3 al menos dos heridos.<\/p>\n\n\n\n<p>Tras la desaparici\u00f3n y asesinato de Bianca Alejandrina Alexis, el 7 de noviembre, diversos grupos feministas acudieron al palacio de gobierno del municipio de Benito Ju\u00e1rez a exigir justicia por la joven de 20 a\u00f1os, que fue encontrada sin vida este lunes en el fraccionamiento Vista Real.<\/p>\n\n\n\n<p>De acuerdo con sus amigos cercanos, Alexis sali\u00f3 de su domicilio para vender un cigarro electr\u00f3nico cerca del fraccionamiento La Joya, sitio del que no volvi\u00f3.<\/p>\n\n\n\n<figure class=\"wp-block-embed-twitter wp-block-embed is-type-rich is-provider-twitter\"><div class=\"wp-block-embed__wrapper\">\n<div class=\"twitter-tweet\"><blockquote class=\"twitter-tweet\" data-lang=\"es\"><p lang=\"es\" dir=\"ltr\"><a href=\"https:\/\/twitter.com\/hashtag\/%C3%9AltimoMinuto?src=hash&amp;ref_src=twsrc%5Etfw\">#\u00daltimoMinuto<\/a> <br>A balazos reprimi\u00f3 la polic\u00eda de <a href=\"https:\/\/twitter.com\/hashtag\/Canc%C3%BAn?src=hash&amp;ref_src=twsrc%5Etfw\">#Canc\u00fan<\/a>, Quintana Roo, una protesta de feministas, que exig\u00edan <a href=\"https:\/\/twitter.com\/hashtag\/JusticiaParaAlexis?src=hash&amp;ref_src=twsrc%5Etfw\">#JusticiaParaAlexis<\/a>, asesinada anteayer; hay varias lesionadas. <a href=\"https:\/\/twitter.com\/brujasdelmar?ref_src=twsrc%5Etfw\">@brujasdelmar<\/a> <a href=\"https:\/\/twitter.com\/mujeresdelasal?ref_src=twsrc%5Etfw\">@mujeresdelasal<\/a> <a href=\"https:\/\/twitter.com\/consorciooaxaca?ref_src=twsrc%5Etfw\">@consorciooaxaca<\/a> <a href=\"https:\/\/twitter.com\/OCNF?ref_src=twsrc%5Etfw\">@OCNF<\/a> <a href=\"https:\/\/twitter.com\/LunaDelSurAcOax?ref_src=twsrc%5Etfw\">@LunaDelSurAcOax<\/a> <a href=\"https:\/\/twitter.com\/jarquinedgar?ref_src=twsrc%5Etfw\">@jarquinedgar<\/a> <a href=\"https:\/\/t.co\/jBP76wHdO8\">pic.twitter.com\/jBP76wHdO8<\/a><\/p>&mdash; Zona Roja Oaxaca (@MexRoja) <a href=\"https:\/\/twitter.com\/MexRoja\/status\/1325992442005479424?ref_src=twsrc%5Etfw\">10 de noviembre de 2020<\/a><\/blockquote><\/div>\n<\/div><\/figure>\n\n\n\n<p>Ayer, grupos convocaron a manifestarse en una acci\u00f3n conjunta en todos los municipios del estado. En Canc\u00fan, vandalizaron el interior del Palacio Municipal, por lo que elementos del Mando \u00danico Operativo efectuaron disparos al aire.<\/p>\n\n\n\n<p>La alcaldesa Mara Lezama se deslind\u00f3 de los hechos y dijo que presentar\u00e1 las denuncias correspondientes para que la Fiscal\u00eda General del Estado indague y castigue a quienes resulten responsables.<\/p>\n\n\n\n<p>La titular de la Secretar\u00eda de Gobernaci\u00f3n, Olga S\u00e1nchez Cordero, reprob\u00f3 los hechos y dijo que estar\u00e1 al pendiente para que se investiguen y sancione como corresponda.<\/p>\n","protected":false},"excerpt":{"rendered":"<p>Redacci\u00f3n\/Zona Roja Cdmx. Ciudad de M\u00e9xico, 10 de noviembre de 2020.- Con disparos al aire,&hellip;<\/p>\n","protected":false},"author":2,"featured_media":19886,"comment_status":"closed","ping_status":"open","sticky":false,"template":"","format":"standard","meta":{"_lmt_disableupdate":"","_lmt_disable":"","_jetpack_memberships_contains_paid_content":false,"footnotes":""},"categories":[109,47],"tags":[2198],"class_list":["post-19879","post","type-post","status-publish","format-standard","has-post-thumbnail","hentry","category-minuto-a-minuto","category-zona-gris","tag-represion-feministas-cancun"],"jetpack_featured_media_url":"https:\/\/zonaroja.com.mx\/wp-content\/uploads\/2020\/11\/img_2021.jpg","jetpack_sharing_enabled":true,"_links":{"self":[{"href":"https:\/\/zonaroja.com.mx\/index.php?rest_route=\/wp\/v2\/posts\/19879","targetHints":{"allow":["GET"]}}],"collection":[{"href":"https:\/\/zonaroja.com.mx\/index.php?rest_route=\/wp\/v2\/posts"}],"about":[{"href":"https:\/\/zonaroja.com.mx\/index.php?rest_route=\/wp\/v2\/types\/post"}],"author":[{"embeddable":true,"href":"https:\/\/zonaroja.com.mx\/index.php?rest_route=\/wp\/v2\/users\/2"}],"replies":[{"embeddable":true,"href":"https:\/\/zonaroja.com.mx\/index.php?rest_route=%2Fwp%2Fv2%2Fcomments&post=19879"}],"version-history":[{"count":1,"href":"https:\/\/zonaroja.com.mx\/index.php?rest_route=\/wp\/v2\/posts\/19879\/revisions"}],"predecessor-version":[{"id":19880,"href":"https:\/\/zonaroja.com.mx\/index.php?rest_route=\/wp\/v2\/posts\/19879\/revisions\/19880"}],"wp:featuredmedia":[{"embeddable":true,"href":"https:\/\/zonaroja.com.mx\/index.php?rest_route=\/wp\/v2\/media\/19886"}],"wp:attachment":[{"href":"https:\/\/zonaroja.com.mx\/index.php?rest_route=%2Fwp%2Fv2%2Fmedia&parent=19879"}],"wp:term":[{"taxonomy":"category","embeddable":true,"href":"https:\/\/zonaroja.com.mx\/index.php?rest_route=%2Fwp%2Fv2%2Fcategories&post=19879"},{"taxonomy":"post_tag","embeddable":true,"href":"https:\/\/zonaroja.com.mx\/index.php?rest_route=%2Fwp%2Fv2%2Ftags&post=19879"}],"curies":[{"name":"wp","href":"https:\/\/api.w.org\/{rel}","templated":true}]}}