{"id":19881,"date":"2020-11-10T10:27:27","date_gmt":"2020-11-10T16:27:27","guid":{"rendered":"http:\/\/www.zonaroja.com.mx\/?p=19881"},"modified":"2020-11-10T10:27:30","modified_gmt":"2020-11-10T16:27:30","slug":"ni-una-asesinada-mas-pide-poeta-oaxaquena-tras-feminicidio-de-alma-itzel","status":"publish","type":"post","link":"https:\/\/zonaroja.com.mx\/?p=19881","title":{"rendered":"Ni una asesinada m\u00e1s, pide poeta oaxaque\u00f1a, tras feminicidio de Alma Itzel"},"content":{"rendered":"\n<p>Evlin Arag\u00f3n\/Zona Roja.<\/p>\n\n\n\n<p>Oaxaca de Ju\u00e1rez, Oax., 10 de noviembre de 2020.- \u201cMe llena de coraje, de impotencia, me llena de rabia, porque todos los d\u00edas estamos desapareciendo, todos los d\u00edas se nos criminaliza, todos los d\u00edas se nos viola, se nos mata\u2026\u201d.<\/p>\n\n\n\n<p>Son las sentidas palabras de la joven, pero ampliamente reconocida poeta mixteca, Nadia L\u00f3pez Garc\u00eda, quien con l\u00e1grimas en los ojos lament\u00f3 el reciente asesinato de Alma Itzel Romero Garc\u00eda, cuyo cuerpo fue localizado sin vida el s\u00e1bado y con signos de violencia sexual en inmediaciones del r\u00edo ubicado en el paraje \u201cEl Pescadillo\u201d, perteneciente a Santa Cruz Intundujia.\u00a0<\/p>\n\n\n\n<p>Deplor\u00f3 que, pese a que la joven fue reportada como desaparecida por sus familiares, la Fiscal\u00eda General de Justicia de Oaxaca no emiti\u00f3 la ficha de b\u00fasqueda de manera inmediata y no falt\u00f3 la gente que se atrevi\u00f3 a decir que andaba de \u00abloca\u00bb y que de alguna forma se hab\u00eda buscado \u201csu suerte\u201d.<\/p>\n\n\n\n<p>La cercan\u00eda del caso la conmueve, dado que Alma Itzel era prima de un amigo muy cercano, sin embargo, reconoce que en la actualidad cualquier mujer est\u00e1 en riesgo de ser desaparecida, violada y asesinada, situaci\u00f3n que asusta y debe ser tomada en cuenta por la sociedad y las autoridades.&nbsp;<\/p>\n\n\n\n<p>\u201cYa basta de que se nos criminalice, yo misma tengo miedo de ciertas personas que siempre est\u00e1n ah\u00ed criminalizando, juzgando. Tambi\u00e9n ya basta de que tengamos miedo, ya basta de que nos de miedo florecer para que a otros no les moleste\u201d, refiri\u00f3 la Premio Nacional de la Juventud en un mensaje que emiti\u00f3 a trav\u00e9s de sus redes sociales.&nbsp;&nbsp;&nbsp;<\/p>\n\n\n\n<p>Nadia L\u00f3pez indic\u00f3 que la sociedad entera deber\u00eda de indignarse por lo sucedido, y porque adem\u00e1s se han vuelto cotidianas las desapariciones de mujeres y los feminicidios, situaci\u00f3n que no puede continuar as\u00ed, ya que las mujeres no merecen sentir miedo a cada paso que dan. \u201cMo deber\u00edamos vivir en un mundo donde nos de miedo ser mujeres\u201d, dijo.\u00a0<\/p>\n\n\n\n<figure class=\"wp-block-image size-large\"><img decoding=\"async\" width=\"800\" height=\"562\" src=\"http:\/\/www.zonaroja.com.mx\/wp-content\/uploads\/2020\/11\/Justicia-para-Alma-Itzel.jpg\" alt=\"\" class=\"wp-image-19883\" srcset=\"https:\/\/zonaroja.com.mx\/wp-content\/uploads\/2020\/11\/Justicia-para-Alma-Itzel.jpg 800w, https:\/\/zonaroja.com.mx\/wp-content\/uploads\/2020\/11\/Justicia-para-Alma-Itzel-300x211.jpg 300w, https:\/\/zonaroja.com.mx\/wp-content\/uploads\/2020\/11\/Justicia-para-Alma-Itzel-768x540.jpg 768w, https:\/\/zonaroja.com.mx\/wp-content\/uploads\/2020\/11\/Justicia-para-Alma-Itzel-585x411.jpg 585w\" sizes=\"(max-width: 800px) 100vw, 800px\" \/><\/figure>\n\n\n\n<p>As\u00ed mismo, alent\u00f3 a sus seguidores y a la poblaci\u00f3n en general a unirse en la exigencia de justicia para todas las mujeres v\u00edctima de violencia, as\u00ed como a creerles y no minimizar las denuncias de quienes argumenten sentirse en peligro, toda vez que eso puede salvarles la vida.&nbsp;<\/p>\n\n\n\n<p>De forma particular, pidi\u00f3 a los varones que antes de criminalicen a una mujer en redes sociales o de boca en boca, piensen que est\u00e1n generando en la sociedad y si es lo que quieren para las mujeres que son parte de su familia y su vida, puesto que de ellos dependen que la violencia de g\u00e9nero y feminicidia sea erradicada.&nbsp;<\/p>\n\n\n\n<p>\u201cNi una m\u00e1s no puede ser tanta violencia y tanta indiferencia. Alma Itzel solo va a descansar hasta que haya justicia, as\u00ed que hay que exigir que se haga justicia. Ya basta que siempre se ponga en duda nuestra palabra, nuestro caminar, nuestro trabajo, hasta nuestra familia. \u00a1Ya basta! \u00a1Ni una m\u00e1s!\u201d, sentenci\u00f3.&nbsp;<\/p>\n\n\n\n<p>La joven poeta aprovech\u00f3 el espacio para alentar a las mujeres a denunciar cualquier tipo de violencia, particularmente el acoso y hostigamiento que muchas veces se minimiza pero que es el inicio de un ciclo violento que puede culminar en cosas m\u00e1s graves, incluso el feminicidio.&nbsp;<\/p>\n\n\n\n<p>\u201cSi t\u00fa te sientes acosada, si sientes que te est\u00e1n violentando, si sienes que alguien eta persigui\u00e9ndote de alguna forma, quiz\u00e1 no f\u00edsica, pero si simb\u00f3lica, con palabras o mensajes, hay que decirlo. Muchas veces una no dice nada para que los dem\u00e1s no piensen que estas exagerando. Pero ya basta de callarnos, hay que alzar la voz.&nbsp;<\/p>\n\n\n\n<p>Finalmente, y a modo de homenaje le dedic\u00f3 el siguiente poema a Alma Itzel, a la par que pidi\u00f3 justicia para ella.&nbsp;<\/p>\n\n\n\n<p>Savi<\/p>\n\n\n\n<p>He visto mujeres de ojos negros&nbsp;<\/p>\n\n\n\n<p>y lluvia.<\/p>\n\n\n\n<p>He visto mujeres que lloran y r\u00eden<\/p>\n\n\n\n<p>mujeres agua y tierra.<\/p>\n\n\n\n<p>Mujeres despojadas y mujeres p\u00e1jaro,&nbsp;<\/p>\n\n\n\n<p>he visto mujeres palabra, mujeres cielo,<\/p>\n\n\n\n<p>mujeres r\u00edo&nbsp;<\/p>\n\n\n\n<p>Rezo por mujeres siempre,<\/p>\n\n\n\n<p>mujeres que digan su palabra&nbsp;<\/p>\n\n\n\n<p>en este ancho cielo&nbsp;<\/p>\n\n\n\n<p>como j\u00edcaras con mucha agua.&nbsp;<\/p>\n\n\n\n<p>J\u00edcaras que mojan la semilla de la tierra&nbsp;<\/p>\n\n\n\n<p>y florecen en lo sagrado.&nbsp;<\/p>\n","protected":false},"excerpt":{"rendered":"<p>Evlin Arag\u00f3n\/Zona Roja. Oaxaca de Ju\u00e1rez, Oax., 10 de noviembre de 2020.- \u201cMe llena de&hellip;<\/p>\n","protected":false},"author":2,"featured_media":19882,"comment_status":"closed","ping_status":"open","sticky":false,"template":"","format":"standard","meta":{"_lmt_disableupdate":"","_lmt_disable":"","_jetpack_memberships_contains_paid_content":false,"footnotes":""},"categories":[109,47],"tags":[2186,2197],"class_list":["post-19881","post","type-post","status-publish","format-standard","has-post-thumbnail","hentry","category-minuto-a-minuto","category-zona-gris","tag-alma-itzel-romero-garcia","tag-nadia-lopez-garcia"],"jetpack_featured_media_url":"https:\/\/zonaroja.com.mx\/wp-content\/uploads\/2020\/11\/Alma-Itzel-Santa-Cruz-Itundujia.jpg","jetpack_sharing_enabled":true,"_links":{"self":[{"href":"https:\/\/zonaroja.com.mx\/index.php?rest_route=\/wp\/v2\/posts\/19881","targetHints":{"allow":["GET"]}}],"collection":[{"href":"https:\/\/zonaroja.com.mx\/index.php?rest_route=\/wp\/v2\/posts"}],"about":[{"href":"https:\/\/zonaroja.com.mx\/index.php?rest_route=\/wp\/v2\/types\/post"}],"author":[{"embeddable":true,"href":"https:\/\/zonaroja.com.mx\/index.php?rest_route=\/wp\/v2\/users\/2"}],"replies":[{"embeddable":true,"href":"https:\/\/zonaroja.com.mx\/index.php?rest_route=%2Fwp%2Fv2%2Fcomments&post=19881"}],"version-history":[{"count":1,"href":"https:\/\/zonaroja.com.mx\/index.php?rest_route=\/wp\/v2\/posts\/19881\/revisions"}],"predecessor-version":[{"id":19884,"href":"https:\/\/zonaroja.com.mx\/index.php?rest_route=\/wp\/v2\/posts\/19881\/revisions\/19884"}],"wp:featuredmedia":[{"embeddable":true,"href":"https:\/\/zonaroja.com.mx\/index.php?rest_route=\/wp\/v2\/media\/19882"}],"wp:attachment":[{"href":"https:\/\/zonaroja.com.mx\/index.php?rest_route=%2Fwp%2Fv2%2Fmedia&parent=19881"}],"wp:term":[{"taxonomy":"category","embeddable":true,"href":"https:\/\/zonaroja.com.mx\/index.php?rest_route=%2Fwp%2Fv2%2Fcategories&post=19881"},{"taxonomy":"post_tag","embeddable":true,"href":"https:\/\/zonaroja.com.mx\/index.php?rest_route=%2Fwp%2Fv2%2Ftags&post=19881"}],"curies":[{"name":"wp","href":"https:\/\/api.w.org\/{rel}","templated":true}]}}