{"id":19891,"date":"2020-11-10T16:06:51","date_gmt":"2020-11-10T22:06:51","guid":{"rendered":"http:\/\/www.zonaroja.com.mx\/?p=19891"},"modified":"2020-11-10T16:06:55","modified_gmt":"2020-11-10T22:06:55","slug":"morena-demanda-que-ine-atraiga-comicio-local-para-elecciones-pacificas","status":"publish","type":"post","link":"https:\/\/zonaroja.com.mx\/?p=19891","title":{"rendered":"Morena demanda que INE atraiga comicio local para elecciones pac\u00edficas"},"content":{"rendered":"\n<p>Yuridiana Sosa\/Zona Roja.<\/p>\n\n\n\n<p>Oaxaca de Ju\u00e1rez, Oax., 10 de noviembre de 2020.- Por actos que han transgredido la vida pol\u00edtica en Oaxaca e irregularidades por parte del IEEPCO que pueden empa\u00f1ar el proceso electoral 2021, el Partido Morena anunci\u00f3 que solicitar\u00e1 al INE atraiga la organizaci\u00f3n y vigilancia de las elecciones.<\/p>\n\n\n\n<p>En conferencia de prensa, el Comit\u00e9 Ejecutivo Estatal de dicho instituto pol\u00edtico y los representantes del partido ante los \u00f3rganos electorales a nivel local y federal, dieron a conocer que iniciar\u00e1n el proceso correspondiente, pues en diciembre arranca el lapso comicial a nivel estatal.<\/p>\n\n\n\n<p>El presidente de Morena en Oaxaca, Sesul Bola\u00f1os L\u00f3pez, se\u00f1al\u00f3 que existe preocupaci\u00f3n por parte de este organismo sobre la capacidad del Instituto Estatal Electoral y de Participaci\u00f3n Ciudadana de Oaxaca (IEEPCO) para llevar a cabo el proceso.<\/p>\n\n\n\n<p>Flavio Sosa Villavicencio, representante de Morena ante el Consejo Local del Instituto Nacional Electoral (INE) asever\u00f3 que existen se\u00f1ales pol\u00edticas del PRI que tratan de empa\u00f1ar las elecciones, principalmente con campa\u00f1as que han ido dirigidas al partido que representa.<\/p>\n\n\n\n<figure class=\"wp-block-embed-twitter wp-block-embed is-type-rich is-provider-twitter\"><div class=\"wp-block-embed__wrapper\">\n<div class=\"twitter-tweet\"><blockquote class=\"twitter-tweet\" data-lang=\"es\"><p lang=\"es\" dir=\"ltr\"><a href=\"https:\/\/twitter.com\/hashtag\/ENVIVO?src=hash&amp;ref_src=twsrc%5Etfw\">#ENVIVO<\/a><br>Oaxaca de Ju\u00e1rez, Oax., 10 de noviembre de 2020.- Conferencia de prensa del Comit\u00e9 Ejecutivo Estatal del Partido Morena; exige que el <a href=\"https:\/\/twitter.com\/INEEmx?ref_src=twsrc%5Etfw\">@INEEmx<\/a> lleve las elecciones, ante desconfianza en el <a href=\"https:\/\/twitter.com\/IEEPCO?ref_src=twsrc%5Etfw\">@IEEPCO<\/a>.<br><br>Siga la transmisi\u00f3n en este enlace. \ud83d\udc47<a href=\"https:\/\/t.co\/A8v7KR83iQ\">https:\/\/t.co\/A8v7KR83iQ<\/a> <a href=\"https:\/\/t.co\/pO8vPTnv2D\">pic.twitter.com\/pO8vPTnv2D<\/a><\/p>&mdash; Zona Roja Oaxaca (@MexRoja) <a href=\"https:\/\/twitter.com\/MexRoja\/status\/1326227432429346816?ref_src=twsrc%5Etfw\">10 de noviembre de 2020<\/a><\/blockquote><\/div>\n<\/div><\/figure>\n\n\n\n<p>\u201cLas elecciones en Oaxaca nunca han sido pac\u00edficas, siempre hay brotes de violencia, asesinatos y no queremos que vuelva a ocurrir\u201d, indic\u00f3 Sosa al referir que las elecciones del 2021 ser\u00e1n complejas.<\/p>\n\n\n\n<p>Desde el an\u00e1lisis de Morena, es el Partido Revolucionario Institucional el que ha empezado con una serie de actos para desestabilizar el ambiente pol\u00edtico en la entidad, lo cual tambi\u00e9n obedece desde que el Congreso de Oaxaca llam\u00f3 la atenci\u00f3n para sancionar a los funcionarios que participaron en actos proselitistas del PRI en la Cuenca.<\/p>\n\n\n\n<p>En la capital, dijo, se han colgado cuerpos de trapo y mantas que vinculan a Morena con muerte; en el Istmo tambi\u00e9n a trav\u00e9s de lonas se pretenden relaciones de dirigentes morenistas con la delincuencia organizada.<\/p>\n\n\n\n<p>Pero un claro ejemplo de la posible incapacidad del IEEPCO para enfrentar este proceso fue el error que cometi\u00f3 al confundir al presidente de Morena en su p\u00e1gina oficial, indic\u00f3.<\/p>\n\n\n\n<p>La petici\u00f3n al INE se encuentra dentro de los marcos legales de la Ley Electoral, por lo que esperan que el organismo valore la posibilidad de atraer el caso.<\/p>\n\n\n\n<p>\u201cNo queremos que nos favorezca, queremos que se act\u00fae con respeto al principio de legalidad\u201d, destac\u00f3 Sosa Villavicencio.<\/p>\n\n\n\n<figure class=\"wp-block-embed-twitter wp-block-embed is-type-rich is-provider-twitter\"><div class=\"wp-block-embed__wrapper\">\n<div class=\"twitter-tweet\"><blockquote class=\"twitter-tweet\" data-lang=\"es\"><p lang=\"es\" dir=\"ltr\">En la conferencia de prensa de la dirigencia de Morena, el representante del partido ante el <a href=\"https:\/\/twitter.com\/INE_Oaxaca?ref_src=twsrc%5Etfw\">@INE_Oaxaca<\/a>, <a href=\"https:\/\/twitter.com\/flaviososavilla?ref_src=twsrc%5Etfw\">@flaviososavilla<\/a>, confirm\u00f3 la desconfianza hacia el <a href=\"https:\/\/twitter.com\/IEEPCO?ref_src=twsrc%5Etfw\">@IEEPCO<\/a>; se\u00f1al\u00f3 las m\u00faltiples acciones de pri\u00edstas y del gobierno para desacreditar al instituto pol\u00edtico y a morenistas. <a href=\"https:\/\/t.co\/3Ll3yWp3SJ\">pic.twitter.com\/3Ll3yWp3SJ<\/a><\/p>&mdash; Zona Roja Oaxaca (@MexRoja) <a href=\"https:\/\/twitter.com\/MexRoja\/status\/1326236853972815872?ref_src=twsrc%5Etfw\">10 de noviembre de 2020<\/a><\/blockquote><\/div>\n<\/div><\/figure>\n","protected":false},"excerpt":{"rendered":"<p>Yuridiana Sosa\/Zona Roja. Oaxaca de Ju\u00e1rez, Oax., 10 de noviembre de 2020.- Por actos que&hellip;<\/p>\n","protected":false},"author":2,"featured_media":19892,"comment_status":"closed","ping_status":"open","sticky":false,"template":"","format":"standard","meta":{"_lmt_disableupdate":"","_lmt_disable":"","_jetpack_memberships_contains_paid_content":false,"footnotes":""},"categories":[109,46],"tags":[729],"class_list":["post-19891","post","type-post","status-publish","format-standard","has-post-thumbnail","hentry","category-minuto-a-minuto","category-zona-blanca","tag-comite-ejecutivo-estatal-morena"],"jetpack_featured_media_url":"https:\/\/zonaroja.com.mx\/wp-content\/uploads\/2020\/11\/Conferencia-Morena.jpg","jetpack_sharing_enabled":true,"_links":{"self":[{"href":"https:\/\/zonaroja.com.mx\/index.php?rest_route=\/wp\/v2\/posts\/19891","targetHints":{"allow":["GET"]}}],"collection":[{"href":"https:\/\/zonaroja.com.mx\/index.php?rest_route=\/wp\/v2\/posts"}],"about":[{"href":"https:\/\/zonaroja.com.mx\/index.php?rest_route=\/wp\/v2\/types\/post"}],"author":[{"embeddable":true,"href":"https:\/\/zonaroja.com.mx\/index.php?rest_route=\/wp\/v2\/users\/2"}],"replies":[{"embeddable":true,"href":"https:\/\/zonaroja.com.mx\/index.php?rest_route=%2Fwp%2Fv2%2Fcomments&post=19891"}],"version-history":[{"count":1,"href":"https:\/\/zonaroja.com.mx\/index.php?rest_route=\/wp\/v2\/posts\/19891\/revisions"}],"predecessor-version":[{"id":19893,"href":"https:\/\/zonaroja.com.mx\/index.php?rest_route=\/wp\/v2\/posts\/19891\/revisions\/19893"}],"wp:featuredmedia":[{"embeddable":true,"href":"https:\/\/zonaroja.com.mx\/index.php?rest_route=\/wp\/v2\/media\/19892"}],"wp:attachment":[{"href":"https:\/\/zonaroja.com.mx\/index.php?rest_route=%2Fwp%2Fv2%2Fmedia&parent=19891"}],"wp:term":[{"taxonomy":"category","embeddable":true,"href":"https:\/\/zonaroja.com.mx\/index.php?rest_route=%2Fwp%2Fv2%2Fcategories&post=19891"},{"taxonomy":"post_tag","embeddable":true,"href":"https:\/\/zonaroja.com.mx\/index.php?rest_route=%2Fwp%2Fv2%2Ftags&post=19891"}],"curies":[{"name":"wp","href":"https:\/\/api.w.org\/{rel}","templated":true}]}}