{"id":19894,"date":"2020-11-10T17:35:01","date_gmt":"2020-11-10T23:35:01","guid":{"rendered":"http:\/\/www.zonaroja.com.mx\/?p=19894"},"modified":"2020-11-10T17:35:06","modified_gmt":"2020-11-10T23:35:06","slug":"autoridades-dieron-tiempo-a-que-escaparan-madre-de-alma-itzel","status":"publish","type":"post","link":"https:\/\/zonaroja.com.mx\/?p=19894","title":{"rendered":"\u201cAutoridades dieron tiempo a que escaparan\u201d: Madre de Alma Itzel"},"content":{"rendered":"\n<p>Yuridiana Sosa\/Zona Roja.<\/p>\n\n\n\n<p>Oaxaca de Ju\u00e1rez, Oax., 10 de noviembre de 2020.- En medio del dolor por el asesinato de su hija, la madre de Alma Itzel Romero Garc\u00eda, v\u00edctima de desaparici\u00f3n y feminicidio, alz\u00f3 la voz para exigir justicia a la Fiscal\u00eda General de Oaxaca, instancia que ha guardado hermetismo.<\/p>\n\n\n\n<p>Alma fue reportada como desaparecida, vista por \u00faltima vez el pasado 3 de noviembre, en la comunidad de La Victoria en el municipio de Santa Cruz Itundij\u00eda, en la Sierra Sur.<\/p>\n\n\n\n<p>El 7 de noviembre se dio a conocer sobre su localizaci\u00f3n sin vida en el r\u00edo ubicado en el paraje \u201cEl Pescadillo\u201d, en la colindancia con la comunidad de Allende. El hecho constern\u00f3 a la poblaci\u00f3n, pues tambi\u00e9n se unieron a la b\u00fasqueda de la joven de 21 a\u00f1os.<\/p>\n\n\n\n<p>LA \u00daLTIMA DESPEDIDA<\/p>\n\n\n\n<p>La mam\u00e1 de Alma cont\u00f3 parte de la historia sobre la desaparici\u00f3n de su hija, en la que responsabiliz\u00f3 a las autoridades auxiliares de La Victoria y las municipales de Santa Cruz Itundujia, por no detener a los presuntos responsables cuando se dieron a conocer los hechos.<\/p>\n\n\n\n<p>Posterior al sepelio de la joven, la mujer se arm\u00f3 de valor, y sosteniendo el llanto record\u00f3 el tr\u00e1gico episodio que inici\u00f3 durante la celebraci\u00f3n del D\u00eda de Muertos.<\/p>\n\n\n\n<p>El pasado 2 de noviembre, Alma Itzel sali\u00f3 de casa para asistir a un convivio a la comunidad de La Victoria. Por ella, a la puerta de casa, asisti\u00f3 Arturo Ram\u00edrez Pe\u00f1a, primo de Javier, ex compa\u00f1ero de bachillerato de la joven, quien la invit\u00f3.<\/p>\n\n\n\n<p>Por la noche, por medio de un mensaje, Alma avis\u00f3 a su mam\u00e1 que se quedar\u00eda a dormir en La Victoria. Pero durante todo el d\u00eda 3 de noviembre, la mujer no logr\u00f3 hacer comunicaci\u00f3n con su hija; no constataba, ni mensajes ni llamadas.<\/p>\n\n\n\n<p>Desesperada y angustiada por saber sobre Alma, la mujer se traslad\u00f3 a la comunidad vecina cerca de las 6:00 horas del 4 de noviembre.<\/p>\n\n\n\n<p>Ah\u00ed, Javier, ex compa\u00f1ero de su hija, indic\u00f3 que Alma ya no se encontraba en el lugar desde el d\u00eda 3, cuando pidi\u00f3 a su primo Nicanor Ram\u00edrez Pe\u00f1a llevarla de regreso.<\/p>\n\n\n\n<figure class=\"wp-block-embed-twitter wp-block-embed is-type-rich is-provider-twitter\"><div class=\"wp-block-embed__wrapper\">\n<div class=\"twitter-tweet\"><blockquote class=\"twitter-tweet\" data-lang=\"es\"><p lang=\"es\" dir=\"ltr\"><a href=\"https:\/\/twitter.com\/hashtag\/JusticiaParaAlmaItzel?src=hash&amp;ref_src=twsrc%5Etfw\">#JusticiaParaAlmaItzel<\/a> <br>Durante el sepelio de Alma Itzel  Romero Garc\u00eda, la joven desaparecida y despu\u00e9s hallada muerta en Santa Cruz Itundujia, lament\u00f3 la tardanza de la <a href=\"https:\/\/twitter.com\/FISCALIA_GobOax?ref_src=twsrc%5Etfw\">@FISCALIA_GobOax<\/a> para indagar los hechos, lo que dio tiempo a la fuga de uno de los probables responsables. <a href=\"https:\/\/t.co\/0HnqMCbG03\">pic.twitter.com\/0HnqMCbG03<\/a><\/p>&mdash; Zona Roja Oaxaca (@MexRoja) <a href=\"https:\/\/twitter.com\/MexRoja\/status\/1326199068654067712?ref_src=twsrc%5Etfw\">10 de noviembre de 2020<\/a><\/blockquote><\/div>\n<\/div><\/figure>\n\n\n\n<p>CONFESI\u00d3N Y OMISI\u00d3N<\/p>\n\n\n\n<p>Luego de varias horas para localizar a Nicanor, el joven confes\u00f3 a la mam\u00e1 que Alma hab\u00eda desaparecido luego de estar con \u00e9l.<\/p>\n\n\n\n<p>El hombre indic\u00f3 que la llevaba de regreso a bordo de una moto, pero antes de llegar al r\u00edo, \u00e9l se detuvo para ir al ba\u00f1o. A su regreso, Alma ya no estaba; supuestamente trat\u00f3 de buscar su rastro hasta la comunidad vecina de La Primavera, pero nunca la encontr\u00f3.<\/p>\n\n\n\n<p>\u201cEnseguida fui con la autoridad de La Victoria para que lo detuvieran, pero ah\u00ed hablaron a la sindicatura de Itundujia, donde dijeron que no pod\u00edan hacer nada, porque no hab\u00eda motivos\u201d, relat\u00f3 la mujer.<\/p>\n\n\n\n<p>\u201c\u00c9l era el inmediato responsable. Les dieron tiempo para que escaparan\u201d, se\u00f1al\u00f3 con profundo dolor la mujer, quien desde su comunidad tuvo que trasladarse a la cabecera municipal para acudir a la Fiscal\u00eda General del Estado a emitir la ficha de b\u00fasqueda.<\/p>\n\n\n\n<p>CLAMA JUSTICIA<\/p>\n\n\n\n<p>Rodeada por sus vecinos, familiares y amigos que acompa\u00f1aron a la familia de Alma al sepelio, la mam\u00e1 exigi\u00f3 a la Fiscal\u00eda de Oaxaca justicia por este feminicidio.<\/p>\n\n\n\n<p>\u201cNo queremos venganza, queremos justicia. No siento rencor, siento dolor\u201d, aclar\u00f3 la valiente mujer, quien agradeci\u00f3 a las comunidades por participar en la b\u00fasqueda de su hija.<\/p>\n\n\n\n<p>\u201cNada me va a devolver a mi hija, pero s\u00ed nos pueden devolver la seguridad para otros ni\u00f1os, porque teniendo a una persona as\u00ed (asesina) en nuestra comunidad no estaremos tranquilo\u201d, expres\u00f3.<\/p>\n\n\n\n<p>La mujer insisti\u00f3 en la responsabilidad de las autoridades locales en no actuar a favor de Alma. \u201cLes pido que busquen a los presuntos responsables, pues nadie tiene el derecho de destruir una familia, as\u00ed, de destruir el coraz\u00f3n de una madre\u201d, expres\u00f3 la mujer.<\/p>\n\n\n\n<p>Arturo y Nicanor se desconoce su paradero, mientras que hasta el momento no existe informaci\u00f3n de la FGO sobre el proceso para este caso. Presuntamente uno de ellos hab\u00eda sido detenido inicialmente por la comunidad; sin embargo, por parte de la Fiscal\u00eda a\u00fan no hay confirmaci\u00f3n del hecho.<\/p>\n","protected":false},"excerpt":{"rendered":"<p>Yuridiana Sosa\/Zona Roja. Oaxaca de Ju\u00e1rez, Oax., 10 de noviembre de 2020.- En medio del&hellip;<\/p>\n","protected":false},"author":2,"featured_media":19883,"comment_status":"closed","ping_status":"open","sticky":false,"template":"","format":"standard","meta":{"_lmt_disableupdate":"","_lmt_disable":"","_jetpack_memberships_contains_paid_content":false,"footnotes":""},"categories":[109,47],"tags":[2186],"class_list":["post-19894","post","type-post","status-publish","format-standard","has-post-thumbnail","hentry","category-minuto-a-minuto","category-zona-gris","tag-alma-itzel-romero-garcia"],"jetpack_featured_media_url":"https:\/\/zonaroja.com.mx\/wp-content\/uploads\/2020\/11\/Justicia-para-Alma-Itzel.jpg","jetpack_sharing_enabled":true,"_links":{"self":[{"href":"https:\/\/zonaroja.com.mx\/index.php?rest_route=\/wp\/v2\/posts\/19894","targetHints":{"allow":["GET"]}}],"collection":[{"href":"https:\/\/zonaroja.com.mx\/index.php?rest_route=\/wp\/v2\/posts"}],"about":[{"href":"https:\/\/zonaroja.com.mx\/index.php?rest_route=\/wp\/v2\/types\/post"}],"author":[{"embeddable":true,"href":"https:\/\/zonaroja.com.mx\/index.php?rest_route=\/wp\/v2\/users\/2"}],"replies":[{"embeddable":true,"href":"https:\/\/zonaroja.com.mx\/index.php?rest_route=%2Fwp%2Fv2%2Fcomments&post=19894"}],"version-history":[{"count":1,"href":"https:\/\/zonaroja.com.mx\/index.php?rest_route=\/wp\/v2\/posts\/19894\/revisions"}],"predecessor-version":[{"id":19895,"href":"https:\/\/zonaroja.com.mx\/index.php?rest_route=\/wp\/v2\/posts\/19894\/revisions\/19895"}],"wp:featuredmedia":[{"embeddable":true,"href":"https:\/\/zonaroja.com.mx\/index.php?rest_route=\/wp\/v2\/media\/19883"}],"wp:attachment":[{"href":"https:\/\/zonaroja.com.mx\/index.php?rest_route=%2Fwp%2Fv2%2Fmedia&parent=19894"}],"wp:term":[{"taxonomy":"category","embeddable":true,"href":"https:\/\/zonaroja.com.mx\/index.php?rest_route=%2Fwp%2Fv2%2Fcategories&post=19894"},{"taxonomy":"post_tag","embeddable":true,"href":"https:\/\/zonaroja.com.mx\/index.php?rest_route=%2Fwp%2Fv2%2Ftags&post=19894"}],"curies":[{"name":"wp","href":"https:\/\/api.w.org\/{rel}","templated":true}]}}