{"id":19896,"date":"2020-11-10T19:01:24","date_gmt":"2020-11-11T01:01:24","guid":{"rendered":"http:\/\/www.zonaroja.com.mx\/?p=19896"},"modified":"2020-11-10T19:01:44","modified_gmt":"2020-11-11T01:01:44","slug":"resultados-de-la-4t-se-mediran-en-oaxaca-afirma-diputado","status":"publish","type":"post","link":"https:\/\/zonaroja.com.mx\/?p=19896","title":{"rendered":"Resultados de la 4T se medir\u00e1n en Oaxaca, afirma diputado"},"content":{"rendered":"\n<p>Evlin Arag\u00f3n\/Zona Roja.<\/p>\n\n\n\n<p>Oaxaca de Ju\u00e1rez, Oax., 10 de noviembre de 2020.- \u201cEl proyecto de la Cuarta Transformaci\u00f3n se tienen que medir en Oaxaca, donde est\u00e1 puesto el coraz\u00f3n del presidente\u201d, dijo el diputado local Oth\u00f3n Cuevas C\u00f3rdova, en el marco del segundo informe de actividades de los integrantes de la bancada de Morena en la 64 Legislatura local.<\/p>\n\n\n\n<p>Para el legislador, el compromiso de la bancada morenista ha sido responder a la confianza que les otorg\u00f3 la poblaci\u00f3n al votar de forma mayoritaria por el proyecto que encabeza Andr\u00e9s Manuel L\u00f3pez Obrador a nivel nacional y a nivel estatal, particularmente en el sur de M\u00e9xico.<\/p>\n\n\n\n<p>Explic\u00f3 que de forma personal, present\u00f3 48 iniciativas durante el \u00faltimo a\u00f1o, de las cuales 20 fueron aprobadas, as\u00ed como 50 puntos de acuerdo, 25 de los cuales fueron respaldado por sus compa\u00f1eras y compa\u00f1eros, quienes en conjunto pasaran a la historia como una legislatura de avanzada en el pa\u00eds.&nbsp;<\/p>\n\n\n\n<p>\u201cEs un orgullo ser parte de esta Legislatura que ha sido noticia a nivel nacional e internacional, siendo pioneros en muchos temas, a\u00fan nos queda un a\u00f1o de trabajo y no hay que perder el rumbo, el rumbo que beneficia al pueblo y no a unos cuantos\u201d, dijo.\u00a0<\/p>\n\n\n\n<figure class=\"wp-block-embed-twitter wp-block-embed is-type-rich is-provider-twitter\"><div class=\"wp-block-embed__wrapper\">\n<div class=\"twitter-tweet\"><blockquote class=\"twitter-tweet\" data-lang=\"es\"><p lang=\"es\" dir=\"ltr\"><a href=\"https:\/\/twitter.com\/hashtag\/%C3%9AltimoMinuto?src=hash&amp;ref_src=twsrc%5Etfw\">#\u00daltimoMinuto<\/a> <br>En su mensaje, el legislador <a href=\"https:\/\/twitter.com\/othoncuevas?ref_src=twsrc%5Etfw\">@othoncuevas<\/a> destac\u00f3 la destacada y productiva labor de Morena en el <a href=\"https:\/\/twitter.com\/CongresoOaxLXIV?ref_src=twsrc%5Etfw\">@CongresoOaxLXIV<\/a>; reconoci\u00f3 el respaldo del Presidente <a href=\"https:\/\/twitter.com\/lopezobrador_?ref_src=twsrc%5Etfw\">@lopezobrador_<\/a> a Oaxaca; asimismo, la coordinaci\u00f3n parlamentaria de <a href=\"https:\/\/twitter.com\/HoracioSosaOax?ref_src=twsrc%5Etfw\">@HoracioSosaOax<\/a>. <a href=\"https:\/\/t.co\/kYwsyqwUl4\">pic.twitter.com\/kYwsyqwUl4<\/a><\/p>&mdash; Zona Roja Oaxaca (@MexRoja) <a href=\"https:\/\/twitter.com\/MexRoja\/status\/1325869973609328652?ref_src=twsrc%5Etfw\">9 de noviembre de 2020<\/a><\/blockquote><\/div>\n<\/div><\/figure>\n\n\n\n<p>Invito a sus hom\u00f3logos a hacer suyo el lema de L\u00f3pez Obrador durante la primera campa\u00f1a presidencial en la que particip\u00f3, \u201cPor el bien de todos, primero los pobres\u201d, en beneficio de los grupos poblacionales mayormente desfavorecidos, acci\u00f3n que dijo es el deber de las y los representantes populares.<\/p>\n\n\n\n<p>As\u00ed mismo, mantener el acompa\u00f1amiento permanente a la poblaci\u00f3n, a la cual hay que visitar de forma constante, porque el hartazgo de pol\u00edticos que piden el voto y no regresan sigue siendo una realidad en la entidad oaxaque\u00f1a y en el pa\u00eds.&nbsp;<\/p>\n\n\n\n<p>Reconoci\u00f3 la labor de los servidores de la naci\u00f3n, que recorren casa por casa para hacer realidad el proyecto presidencial y quienes ser\u00e1n los verdaderos art\u00edfices de la Cuarta Transformaci\u00f3n que deber\u00e1 seguirse construyendo en los pr\u00f3ximos a\u00f1os.&nbsp;<\/p>\n\n\n\n<p>Destac\u00f3 el trabajo que hizo Horacio Sosa Villavicencio al frente de la bancada y la Junta de Coordinaci\u00f3n Pol\u00edtica de la actual Legislatura, quien &#8211;dijo&#8211; logr\u00f3 establecer los acuerdo con cada integrante del partido y de las dem\u00e1s fuerzas pol\u00edticas.\u00a0<\/p>\n","protected":false},"excerpt":{"rendered":"<p>Evlin Arag\u00f3n\/Zona Roja. Oaxaca de Ju\u00e1rez, Oax., 10 de noviembre de 2020.- \u201cEl proyecto de&hellip;<\/p>\n","protected":false},"author":2,"featured_media":19897,"comment_status":"closed","ping_status":"open","sticky":false,"template":"","format":"standard","meta":{"_lmt_disableupdate":"","_lmt_disable":"","_jetpack_memberships_contains_paid_content":false,"footnotes":""},"categories":[109,46],"tags":[1311],"class_list":["post-19896","post","type-post","status-publish","format-standard","has-post-thumbnail","hentry","category-minuto-a-minuto","category-zona-blanca","tag-othon-cuevas-cordova"],"jetpack_featured_media_url":"https:\/\/zonaroja.com.mx\/wp-content\/uploads\/2020\/11\/Othon-Cuevas-Cordova.jpg","jetpack_sharing_enabled":true,"_links":{"self":[{"href":"https:\/\/zonaroja.com.mx\/index.php?rest_route=\/wp\/v2\/posts\/19896","targetHints":{"allow":["GET"]}}],"collection":[{"href":"https:\/\/zonaroja.com.mx\/index.php?rest_route=\/wp\/v2\/posts"}],"about":[{"href":"https:\/\/zonaroja.com.mx\/index.php?rest_route=\/wp\/v2\/types\/post"}],"author":[{"embeddable":true,"href":"https:\/\/zonaroja.com.mx\/index.php?rest_route=\/wp\/v2\/users\/2"}],"replies":[{"embeddable":true,"href":"https:\/\/zonaroja.com.mx\/index.php?rest_route=%2Fwp%2Fv2%2Fcomments&post=19896"}],"version-history":[{"count":2,"href":"https:\/\/zonaroja.com.mx\/index.php?rest_route=\/wp\/v2\/posts\/19896\/revisions"}],"predecessor-version":[{"id":19899,"href":"https:\/\/zonaroja.com.mx\/index.php?rest_route=\/wp\/v2\/posts\/19896\/revisions\/19899"}],"wp:featuredmedia":[{"embeddable":true,"href":"https:\/\/zonaroja.com.mx\/index.php?rest_route=\/wp\/v2\/media\/19897"}],"wp:attachment":[{"href":"https:\/\/zonaroja.com.mx\/index.php?rest_route=%2Fwp%2Fv2%2Fmedia&parent=19896"}],"wp:term":[{"taxonomy":"category","embeddable":true,"href":"https:\/\/zonaroja.com.mx\/index.php?rest_route=%2Fwp%2Fv2%2Fcategories&post=19896"},{"taxonomy":"post_tag","embeddable":true,"href":"https:\/\/zonaroja.com.mx\/index.php?rest_route=%2Fwp%2Fv2%2Ftags&post=19896"}],"curies":[{"name":"wp","href":"https:\/\/api.w.org\/{rel}","templated":true}]}}