{"id":19900,"date":"2020-11-10T21:21:33","date_gmt":"2020-11-11T03:21:33","guid":{"rendered":"http:\/\/www.zonaroja.com.mx\/?p=19900"},"modified":"2020-11-10T21:21:37","modified_gmt":"2020-11-11T03:21:37","slug":"siguen-desapariciones-en-oaxaca-dos-hermanas-en-mixteca-y-mujer-en-cuenca","status":"publish","type":"post","link":"https:\/\/zonaroja.com.mx\/?p=19900","title":{"rendered":"Siguen desapariciones en Oaxaca: dos hermanas en Mixteca y mujer en Cuenca"},"content":{"rendered":"\n<p>Yuridiana Sosa\/Zona Roja.<\/p>\n\n\n\n<p>Oaxaca de Ju\u00e1rez, Oax., 10 de noviembre de 2020.- La desaparici\u00f3n de mujeres en Oaxaca es incontrolable.<\/p>\n\n\n\n<p>En menos de 24 horas fueron reportadas como no localizadas tres mujeres m\u00e1s, en las regiones Mixteca y Cuenca, para quienes sus familiares piden ayuda a la poblaci\u00f3n a fin de encontrarlas.<\/p>\n\n\n\n<p>En redes sociales se public\u00f3 la imagen de dos hermanas que este 9 de noviembre fueron vistas por \u00faltima vez en el municipio de Santa Cruz Tacache de Mina, en la regi\u00f3n de la Mixteca.<\/p>\n\n\n\n<p>\u201cAmigos por favor ay\u00fadenme a localizar a mis hermanas\u201d, es parte del texto publicado con la imagen de Ana Valeria y Betzi Judit, quienes son conocidas en su comunidad como \u201clas vendedoras de cocos\u201d.<\/p>\n\n\n\n<p>Las j\u00f3venes hermanas fueron vistas alrededor de las 06:00 horas del lunes, en su comunidad.<\/p>\n\n\n\n<p>Mientras que en la regi\u00f3n de la Cuenca, se report\u00f3 a Beatriz Z\u00e1rate Pacheco, de 38 a\u00f1os de edad, quien de acuerdo con la ficha emitida por la Unidad de B\u00fasqueda de Personas Desaparecidas y No Localizadas, fue vista por \u00faltima vez el pasado 8 de noviembre en el municipio de Santa Mar\u00eda Jacatepec.<\/p>\n\n\n\n<p>Pero, desde hace dos d\u00edas se mantiene activa la ficha de b\u00fasqueda para localizar a Natalia Garc\u00eda Ruiz, de 20 a\u00f1os de edad, quien fue vista por \u00faltima vez el pasado 7 de noviembre entre la 10:00 y 10:30 horas en camino Palmar, La Paz, de Santa In\u00e9s de Zaragoza, del distrito de Nochixtl\u00e1n.<\/p>\n\n\n\n<p>La situaci\u00f3n de la inseguridad tambi\u00e9n afecta a los varones, en las \u00faltimas horas tambi\u00e9n se han emitido fichas para localizar a Jonatan Gabriel Vargas Gudi\u00f1o de 25 a\u00f1os, de quien se perdi\u00f3 su ubicaci\u00f3n desde el 4 de noviembre en San Pabrlo Huixtepec.<\/p>\n\n\n\n<p>Asimismo se report\u00f3 la no localizaci\u00f3n de \u00d3scar Eduardo Guerreo L\u00f3pez, de 17 a\u00f1os, desde el 8 de noviembre en San Lucas Cuilapam.<\/p>\n\n\n\n<p>La Fiscal\u00eda de Oaxaca emiti\u00f3 en el transcurso de este 10 de noviembre fichas para dos hombres m\u00e1s no localizados desde el mes de octubre.<\/p>\n\n\n\n<p>Familiares y autoridades buscan a Richard Freeberg de 71 a\u00f1os, visto por \u00faltima vez el pasado 18 de octubre en el fraccionamiento Los Pinos, del municipio de Santa Cruz Xoxocotl\u00e1n.<\/p>\n\n\n\n<p>El hombre viajaba a bordo de un veh\u00edculo color rojo, marca Toyota tipo Rav-4 con placas de circulaci\u00f3n del estado de Oaxaca.<\/p>\n\n\n\n<p>Mientras que Roberto Chi\u00f1as Cardoza de 17 a\u00f1os, fue visto por \u00faltima vez el 24 de octubre en el barrio de Santa Mar\u00eda, de Santo Domingo Tehuantepec.<\/p>\n\n\n\n<p>TRES A\u00d1OS SIN LOCALIZARLO<\/p>\n\n\n\n<p>El caso de Alma Itzel, v\u00edctima de feminicidio en Santa Cruz Itundujia constern\u00f3 a la poblaci\u00f3n, quien record\u00f3 el caso de un habitante de la poblaci\u00f3n tambi\u00e9n desaparecido y no localizado desde hace tres a\u00f1os.<\/p>\n\n\n\n<p>Este martes, los familiares de Alexis Mar\u00edn Ram\u00edrez, de 21 a\u00f1os de edad publicaron nuevamente su ficha de b\u00fasqueda con el mensaje: \u201cA tres a\u00f1os de su desaparici\u00f3n se sigue buscando y no se pierde las esperanzas de saber de \u00e9l. Por favor apoyen a compartir\u201d.<\/p>\n\n\n\n<p>Alexis Mar\u00edn, fue visto por \u00faltima vez el 7 de noviembre del 2017 cuando se dirig\u00eda con un cargamento de madera hacia el estado de Puebla.<\/p>\n\n\n\n<p>\u201cCerca de las 08:00 horas de aquel d\u00eda fue interceptado por unos hombres encapuchados, quienes se lo llevaron en una camioneta blanca sin placas\u201d, indic\u00f3 el texto que public\u00f3 la familia, quien en aquel entonces recibi\u00f3 una llamada para solicitar el rescate de Alexis.<\/p>\n\n\n\n<p>La Fiscal\u00eda de Oaxaca tom\u00f3 a cargo el caso y durante tres meses mantuvo comunicaci\u00f3n con los presuntos delincuentes, pero la autoridad nunca procedi\u00f3 al rescate, se\u00f1al\u00f3 la publicaci\u00f3n.<\/p>\n\n\n\n<p>\u201cPedimos ayuda para que esta investigaci\u00f3n avance y podamos tener con vida o sin vida a nuestro familiar, que podamos salir de esta zozobra y tristeza\u201d, es la s\u00faplica de una familia m\u00e1s que pide localizaci\u00f3n y justicia por su v\u00edctima.<\/p>\n","protected":false},"excerpt":{"rendered":"<p>Yuridiana Sosa\/Zona Roja. Oaxaca de Ju\u00e1rez, Oax., 10 de noviembre de 2020.- La desaparici\u00f3n de&hellip;<\/p>\n","protected":false},"author":2,"featured_media":19901,"comment_status":"closed","ping_status":"open","sticky":false,"template":"","format":"standard","meta":{"_lmt_disableupdate":"","_lmt_disable":"","_jetpack_memberships_contains_paid_content":false,"footnotes":""},"categories":[109,47],"tags":[642],"class_list":["post-19900","post","type-post","status-publish","format-standard","has-post-thumbnail","hentry","category-minuto-a-minuto","category-zona-gris","tag-personas-desaparecidas-oaxaca"],"jetpack_featured_media_url":"https:\/\/zonaroja.com.mx\/wp-content\/uploads\/2020\/11\/Desaparecidas-Jacatepec-y-Nochixtlan.jpg","jetpack_sharing_enabled":true,"_links":{"self":[{"href":"https:\/\/zonaroja.com.mx\/index.php?rest_route=\/wp\/v2\/posts\/19900","targetHints":{"allow":["GET"]}}],"collection":[{"href":"https:\/\/zonaroja.com.mx\/index.php?rest_route=\/wp\/v2\/posts"}],"about":[{"href":"https:\/\/zonaroja.com.mx\/index.php?rest_route=\/wp\/v2\/types\/post"}],"author":[{"embeddable":true,"href":"https:\/\/zonaroja.com.mx\/index.php?rest_route=\/wp\/v2\/users\/2"}],"replies":[{"embeddable":true,"href":"https:\/\/zonaroja.com.mx\/index.php?rest_route=%2Fwp%2Fv2%2Fcomments&post=19900"}],"version-history":[{"count":1,"href":"https:\/\/zonaroja.com.mx\/index.php?rest_route=\/wp\/v2\/posts\/19900\/revisions"}],"predecessor-version":[{"id":19902,"href":"https:\/\/zonaroja.com.mx\/index.php?rest_route=\/wp\/v2\/posts\/19900\/revisions\/19902"}],"wp:featuredmedia":[{"embeddable":true,"href":"https:\/\/zonaroja.com.mx\/index.php?rest_route=\/wp\/v2\/media\/19901"}],"wp:attachment":[{"href":"https:\/\/zonaroja.com.mx\/index.php?rest_route=%2Fwp%2Fv2%2Fmedia&parent=19900"}],"wp:term":[{"taxonomy":"category","embeddable":true,"href":"https:\/\/zonaroja.com.mx\/index.php?rest_route=%2Fwp%2Fv2%2Fcategories&post=19900"},{"taxonomy":"post_tag","embeddable":true,"href":"https:\/\/zonaroja.com.mx\/index.php?rest_route=%2Fwp%2Fv2%2Ftags&post=19900"}],"curies":[{"name":"wp","href":"https:\/\/api.w.org\/{rel}","templated":true}]}}