{"id":19907,"date":"2020-11-10T22:01:00","date_gmt":"2020-11-11T04:01:00","guid":{"rendered":"http:\/\/www.zonaroja.com.mx\/?p=19907"},"modified":"2020-11-10T22:01:04","modified_gmt":"2020-11-11T04:01:04","slug":"aprueba-el-ieepco-calendario-del-proceso-electoral-local-2020-2021","status":"publish","type":"post","link":"https:\/\/zonaroja.com.mx\/?p=19907","title":{"rendered":"Aprueba el IEEPCO Calendario del Proceso Electoral Local 2020-2021"},"content":{"rendered":"\n<p>Redacci\u00f3n\/Zona Roja.<\/p>\n\n\n\n<p>Oaxaca de Ju\u00e1rez, Oax., 10 de noviembre de 2020.- En sesi\u00f3n v\u00eda remota, el Consejo General del Instituto Estatal Electoral y de Participaci\u00f3n Ciudadana de Oaxaca (IEEPCO) aprob\u00f3 hoy el Calendario Electoral 2020-2021, las convocatorias para la designaci\u00f3n de integrantes de los consejos electorales distritales y municipales, as\u00ed como los lineamientos de candidaturas independientes.&nbsp;<\/p>\n\n\n\n<p>En el acuerdo IEEPCO-CG-29\/2020, se se\u00f1ala que el Calendario Electoral marca el seguimiento y control de las actividades relacionadas con el Proceso Electoral Ordinario 2020-2021.<\/p>\n\n\n\n<p>En un comunicado, inform\u00f3 que como parte de las actividades previas al inicio del proceso electoral, las consejeras y consejeros electorales aprobaron de forma un\u00e1nime en el acuerdo IEEPCO-CG-30\/2020, la convocatoria para participar en el procedimiento de designaci\u00f3n de quienes integrar\u00e1n los 25 consejos electorales distritales y los 153 consejos electorales municipales.&nbsp;<\/p>\n\n\n\n<p>Expuso que de acuerdo con la ley, se trata de \u00f3rganos desconcentrados de car\u00e1cter temporal que se instalan y funcionan para la preparaci\u00f3n y desarrollo de los procesos electorales para la elecci\u00f3n de diputaciones locales y concejal\u00edas de los ayuntamientos.&nbsp;<\/p>\n\n\n\n<p>Indic\u00f3 que podr\u00e1 participar la ciudadan\u00eda residente en el estado de Oaxaca que cumpla con los requisitos se\u00f1alados en la convocatoria, misma que podr\u00e1 consultarse en www.ieepco.org.mx.<\/p>\n","protected":false},"excerpt":{"rendered":"<p>Redacci\u00f3n\/Zona Roja. Oaxaca de Ju\u00e1rez, Oax., 10 de noviembre de 2020.- En sesi\u00f3n v\u00eda remota,&hellip;<\/p>\n","protected":false},"author":2,"featured_media":19908,"comment_status":"closed","ping_status":"open","sticky":false,"template":"","format":"standard","meta":{"_lmt_disableupdate":"","_lmt_disable":"","_jetpack_memberships_contains_paid_content":false,"footnotes":""},"categories":[109,46],"tags":[760],"class_list":["post-19907","post","type-post","status-publish","format-standard","has-post-thumbnail","hentry","category-minuto-a-minuto","category-zona-blanca","tag-instituto-estatal-electoral-y-de-participacion-ciudadana-de-oaxaca"],"jetpack_featured_media_url":"https:\/\/zonaroja.com.mx\/wp-content\/uploads\/2020\/11\/sesion_10-nov.jpg","jetpack_sharing_enabled":true,"_links":{"self":[{"href":"https:\/\/zonaroja.com.mx\/index.php?rest_route=\/wp\/v2\/posts\/19907","targetHints":{"allow":["GET"]}}],"collection":[{"href":"https:\/\/zonaroja.com.mx\/index.php?rest_route=\/wp\/v2\/posts"}],"about":[{"href":"https:\/\/zonaroja.com.mx\/index.php?rest_route=\/wp\/v2\/types\/post"}],"author":[{"embeddable":true,"href":"https:\/\/zonaroja.com.mx\/index.php?rest_route=\/wp\/v2\/users\/2"}],"replies":[{"embeddable":true,"href":"https:\/\/zonaroja.com.mx\/index.php?rest_route=%2Fwp%2Fv2%2Fcomments&post=19907"}],"version-history":[{"count":1,"href":"https:\/\/zonaroja.com.mx\/index.php?rest_route=\/wp\/v2\/posts\/19907\/revisions"}],"predecessor-version":[{"id":19909,"href":"https:\/\/zonaroja.com.mx\/index.php?rest_route=\/wp\/v2\/posts\/19907\/revisions\/19909"}],"wp:featuredmedia":[{"embeddable":true,"href":"https:\/\/zonaroja.com.mx\/index.php?rest_route=\/wp\/v2\/media\/19908"}],"wp:attachment":[{"href":"https:\/\/zonaroja.com.mx\/index.php?rest_route=%2Fwp%2Fv2%2Fmedia&parent=19907"}],"wp:term":[{"taxonomy":"category","embeddable":true,"href":"https:\/\/zonaroja.com.mx\/index.php?rest_route=%2Fwp%2Fv2%2Fcategories&post=19907"},{"taxonomy":"post_tag","embeddable":true,"href":"https:\/\/zonaroja.com.mx\/index.php?rest_route=%2Fwp%2Fv2%2Ftags&post=19907"}],"curies":[{"name":"wp","href":"https:\/\/api.w.org\/{rel}","templated":true}]}}