{"id":19910,"date":"2020-11-10T22:27:58","date_gmt":"2020-11-11T04:27:58","guid":{"rendered":"http:\/\/www.zonaroja.com.mx\/?p=19910"},"modified":"2020-11-10T22:28:02","modified_gmt":"2020-11-11T04:28:02","slug":"vinculan-a-proceso-a-presunto-autor-de-crimen-de-tomas-martinez-es-sicario","status":"publish","type":"post","link":"https:\/\/zonaroja.com.mx\/?p=19910","title":{"rendered":"Vinculan a proceso a presunto autor de crimen de Tom\u00e1s Mart\u00ednez; es sicario"},"content":{"rendered":"\n<p>Redacci\u00f3n\/Zona Roja.<\/p>\n\n\n\n<p>Oaxaca de Ju\u00e1rez, Oax., 10 de noviembre de 2020.- Un Juez de Control del Poder Judicial de Oaxaca vincul\u00f3 hoy a proceso y determin\u00f3 prisi\u00f3n preventiva a Rodolfo S. E., acusado de haber asesinado a Tom\u00e1s Mart\u00ednez Pinacho, dirigente regional del Frente Popular Revolucionario (FPR).<\/p>\n\n\n\n<p>Al inicio de la audiencia, que inici\u00f3 al mediod\u00eda en la sede del Tribunal Superior de Justicia, en Ciudad Judicial, Reyes Mantec\u00f3n, San Bartolo Coyotepec, una representaci\u00f3n del FPR protest\u00f3 en el sitio pues presuntamente pretend\u00edan dejar en libertad al presunto homicida.<\/p>\n\n\n\n<p>De acuerdo con la Fiscal\u00eda General del Estado de Oaxaca, la ejecuci\u00f3n de la orden de aprehensi\u00f3n contra el imputado fue ejecutada el pasado 5 de noviembre, en jurisdicci\u00f3n de San Andr\u00e9s Huay\u00e1pam, siendo de inmediato presentado ante la autoridad judicial correspondiente.<\/p>\n\n\n\n<p>Seg\u00fan la carpeta de investigaci\u00f3n 25943\/FDAI\/UEIH\/2020, el 24 de agosto de 2020, alrededor de las 18:10 horas, el imputado agredi\u00f3 con disparos de arma de fuego a T. J. M. P. (Tom\u00e1s Mart\u00ednez), caus\u00e1ndole la muerte, e hiriendo al masculino R. G., en el interior de un negocio ubicado en el referido municipio.<\/p>\n\n\n\n<p>Tras presentar al probable responsable ante el Juez de Control, \u00e9ste valid\u00f3 los datos de prueba proporcionados, le dict\u00f3 auto de vinculaci\u00f3n a proceso, imponi\u00e9ndole la medida cautelar de prisi\u00f3n preventiva oficiosa y otorgando cuatro meses para el cierre de investigaci\u00f3n complementaria.<\/p>\n\n\n\n<p>TIENE ANTECEDENTES<\/p>\n\n\n\n<p>Una investigaci\u00f3n del reportero policiaco Tom\u00e1s Mart\u00ednez Ju\u00e1rez, del diario \u201cNoticias, Voz e Imagen de Oaxaca\u201d, revela que el presunto sicario Rodolfo S.E. alias \u201cEl Soyer\u201d, tiene m\u00faltiples antecedentes delictivos.<\/p>\n\n\n\n<p>Ha librado la c\u00e1rcel en la ejecuci\u00f3n de cuatro personas por argucias legales y otras por contar con \u201camigos\u201d en la polic\u00eda y en su contra a\u00fan existe una orden de aprehensi\u00f3n pendiente de ejecutar, al perder el amparo.<\/p>\n\n\n\n<p>De acuerdo con datos estad\u00edsticos del reportero, Rodolfo ha sido procesado una vez por el delito de despojo del a\u00f1o 2009 a 2011, pero el juez mixto de primera instancia de Miahuatl\u00e1n de Porfirio D\u00edaz lo absolvi\u00f3 junto con Jorge V.J., alias \u201cEl Gallo\u201d y con quien se habr\u00eda convertido su compa\u00f1ero en otros il\u00edcitos, donde han enfrentado causas penales.<\/p>\n\n\n\n<p>Originario del estado de Tamaulipas y presuntamente en un principio integrante de la organizaci\u00f3n delictiva los \u201cZetas\u201d, ha librado la c\u00e1rcel al ser implicado en la ejecuci\u00f3n de un abogado en la avenida Universidad, un locutor en Miahuatl\u00e1n de Porfirio D\u00edaz y la ejecuci\u00f3n de dos transportistas en San Jacinto Amilpas.<\/p>\n\n\n\n<p>ESTUVO PRESO<\/p>\n\n\n\n<p>De acuerdo con archivos, el 1 de abril del 2009, Rodolfo fue detenido en Miahuatl\u00e1n de Porfirio D\u00edaz junto con Jorge Vicente J.G., ex director de la polic\u00eda municipal de ese lugar al ser acusados de llegar a invadir un predio propiedad del ex subdelegado de gobierno, Alfredo Octavio J.G.<\/p>\n\n\n\n<p>El 23 de mayo se le ejecut\u00f3 otra orden de aprehensi\u00f3n por el delito de despojo en la causa penal 33\/2009.<\/p>\n\n\n\n<p>Pero el 10 de agosto del 2011 fue liberado por los delitos por los cuales estaba detenido.<\/p>\n\n\n\n<p>Sin embargo, el 25 de septiembre del 2011, en la calle de La Sierra y Monte Alb\u00e1n en el fraccionamiento San Jos\u00e9 La Noria de la capital, fue atacado a balazos, Alfredo Octavio J.G., y quien falleci\u00f3 dos horas despu\u00e9s en el hospital presidente Ju\u00e1rez del ISSSTE.<\/p>\n\n\n\n<p>HA LIBRADO LA C\u00c1RCEL<\/p>\n\n\n\n<p>Pero de acuerdo con expedientes penales revisados por el reportero Tom\u00e1s Mart\u00ednez Ju\u00e1rez, \u201cEl Soyer\u201d ha sido se\u00f1alado en ejecuciones, de los cuales ha librado la c\u00e1rcel.<\/p>\n\n\n\n<p>A las 18:45 horas del 28 de diciembre del 2015, el abogado y coordinador del PRI en Miahuatl\u00e1n de Porfirio D\u00edaz, Uziel L.A., fue ejecutado a balazos cuando se encontraba en su camioneta veh\u00edculo Honda, tipo Element, color azul plateado, con placas de circulaci\u00f3n TLK-8263 del estado en la avenida Universidad, frente a las oficinas de Telcel.<\/p>\n\n\n\n<p>Tras el crimen, la polic\u00eda investig\u00f3 y se libr\u00f3 la orden de aprehensi\u00f3n en la causa penal 324\/2016 en el juzgado tercero de lo penal del distrito judicial del centro por el delito de homicidio calificado con ventaja y alevos\u00eda.<\/p>\n\n\n\n<p>Pero Rodolfo junto con Jorge V.J., alias El Gallo tramitaron un amparo en el juzgado tercero de distrito en la causa 1595\/2016 y en el cual ganaron por inconsistencias en la investigaci\u00f3n y por lo cual ya no fueron detenidos.<\/p>\n\n\n\n<p>En el caso se encuentra detenido Felipe F.R., alias \u201cLa Tortolita\u201d, originario de Miahuatl\u00e1n de Porfirio D\u00edaz y detenido el 16 de julio del 2017.<\/p>\n\n\n\n<p>IMPLICADOS EN CASO LOCUTOR<\/p>\n\n\n\n<p>Seg\u00fan la informaci\u00f3n publicada hoy en \u201cNoticias\u201d, a las 09:00 horas del 2 de julio del 2015, el locutor de la estaci\u00f3n de radio 103.3 FM La Favorita, Filadelfo S.S., concluy\u00f3 su noticiero en el barrio San Francisco en Miahuatl\u00e1n de Porfirio D\u00edaz y por lo cual sali\u00f3 para dirigirse a desayunar cuando sicarios lo ejecutaron a balazos.<\/p>\n\n\n\n<p>Sobre el caso, la polic\u00eda inici\u00f3 con las investigaciones y logr\u00f3 establecer la identidad de cinco presuntos participantes en el crimen, por lo cual el juez mixto de primera instancia de Miahuatl\u00e1n de Porfirio D\u00edaz libr\u00f3 la orden de aprehensi\u00f3n en la causa penal 08\/2016 por homicidio calificado con premeditaci\u00f3n, ventaja y alevos\u00eda.<\/p>\n\n\n\n<p>El 13 de mayo del 2016 fueron detenidos dos de los presuntos homicidas y que quedaron en prisi\u00f3n. Ellos son Felipe F.R. alias \u201cLa Tortolita\u201d y Guzm\u00e1n E.R.J. alias \u201cEl Pel\u00f3n\u201d o \u201cEl Kalusha\u201d.<\/p>\n\n\n\n<p>Sin embargo, Rodolfo S.E., Jorge V.J. alias \u201cEl Gallo\u201d y S.P.V., alias \u201cEl Chilango\u201d no fueron ubicados y decidieron ampararse contra la orden de aprehensi\u00f3n.<\/p>\n\n\n\n<p>El juez tercero de distrito al resolver el amparo contra el mandato judicial les neg\u00f3 la suspensi\u00f3n y perdieron el mismo, por lo cual el mandato judicial se encuentra vigente, se inform\u00f3.<\/p>\n\n\n\n<p>EJECUCI\u00d3N DE TRANSPORTISTAS<\/p>\n\n\n\n<p>Rodolfo alias \u201cEl Soyer\u201d tambi\u00e9n es se\u00f1alado como presunto responsable de la ejecuci\u00f3n de dos integrantes de la Confederaci\u00f3n de Trabajadores de M\u00e9xico, ocurrido el pasado 6 de febrero del 2016 en una de las calles de la colonia Granjas y Huertos de Brenamiel, perteneciente a San Jacinto Amilpas y donde habr\u00edan huido en taxis for\u00e1neos.<\/p>\n\n\n\n<p>El caso ocurri\u00f3 en las calles de Manzanares y Art\u00edculo 123 de la colonia Granjas y Huertos de Brenamiel cuando las v\u00edctimas estaban en una camioneta Nissan tipo estacas color rojo, con placas de circulaci\u00f3n RW-15292 de Oaxaca.<\/p>\n\n\n\n<p>Los polic\u00edas resguardaron el \u00e1rea al observar al menos 20 casquillos percutidos junto a la camioneta, al parecer calibre 9mil\u00edmetros.<\/p>\n\n\n\n<p>Las v\u00edctimas fueron identificadas como V\u00edctor D.L. y Lorenzo Medeo G.R., uno transportistas de camiones volteo de la CTM en el municipio de San Jacinto Amilpas, mientras que la otra v\u00edctima era su chofer.<\/p>\n\n\n\n<p>A pesar de las evidencias con las cuales cuenta el agente del Ministerio P\u00fablico, el juez de control neg\u00f3 la orden de aprehensi\u00f3n en su contra.<\/p>\n\n\n\n<p>Ahora, se encuentra detenido como presunto responsable del delito de homicidio del l\u00edder del FPR, Tom\u00e1s Mart\u00ednez Pinacho, y cuyo caso ocurri\u00f3 el pasado 24 de agosto del a\u00f1o en curso en la poblaci\u00f3n de \u00c1nimas Trujano, a la orilla de la carretera federal 175.<\/p>\n","protected":false},"excerpt":{"rendered":"<p>Redacci\u00f3n\/Zona Roja. Oaxaca de Ju\u00e1rez, Oax., 10 de noviembre de 2020.- Un Juez de Control&hellip;<\/p>\n","protected":false},"author":2,"featured_media":19911,"comment_status":"closed","ping_status":"open","sticky":false,"template":"","format":"standard","meta":{"_lmt_disableupdate":"","_lmt_disable":"","_jetpack_memberships_contains_paid_content":false,"footnotes":""},"categories":[109,51],"tags":[2200,1954],"class_list":["post-19910","post","type-post","status-publish","format-standard","has-post-thumbnail","hentry","category-minuto-a-minuto","category-zona-roja","tag-rodolfo-s-e-el-soyer","tag-tomas-martinez-pinacho"],"jetpack_featured_media_url":"https:\/\/zonaroja.com.mx\/wp-content\/uploads\/2020\/11\/Rodolfo-S.-E.-caso-Tomas-Martinez.jpg","jetpack_sharing_enabled":true,"_links":{"self":[{"href":"https:\/\/zonaroja.com.mx\/index.php?rest_route=\/wp\/v2\/posts\/19910","targetHints":{"allow":["GET"]}}],"collection":[{"href":"https:\/\/zonaroja.com.mx\/index.php?rest_route=\/wp\/v2\/posts"}],"about":[{"href":"https:\/\/zonaroja.com.mx\/index.php?rest_route=\/wp\/v2\/types\/post"}],"author":[{"embeddable":true,"href":"https:\/\/zonaroja.com.mx\/index.php?rest_route=\/wp\/v2\/users\/2"}],"replies":[{"embeddable":true,"href":"https:\/\/zonaroja.com.mx\/index.php?rest_route=%2Fwp%2Fv2%2Fcomments&post=19910"}],"version-history":[{"count":1,"href":"https:\/\/zonaroja.com.mx\/index.php?rest_route=\/wp\/v2\/posts\/19910\/revisions"}],"predecessor-version":[{"id":19912,"href":"https:\/\/zonaroja.com.mx\/index.php?rest_route=\/wp\/v2\/posts\/19910\/revisions\/19912"}],"wp:featuredmedia":[{"embeddable":true,"href":"https:\/\/zonaroja.com.mx\/index.php?rest_route=\/wp\/v2\/media\/19911"}],"wp:attachment":[{"href":"https:\/\/zonaroja.com.mx\/index.php?rest_route=%2Fwp%2Fv2%2Fmedia&parent=19910"}],"wp:term":[{"taxonomy":"category","embeddable":true,"href":"https:\/\/zonaroja.com.mx\/index.php?rest_route=%2Fwp%2Fv2%2Fcategories&post=19910"},{"taxonomy":"post_tag","embeddable":true,"href":"https:\/\/zonaroja.com.mx\/index.php?rest_route=%2Fwp%2Fv2%2Ftags&post=19910"}],"curies":[{"name":"wp","href":"https:\/\/api.w.org\/{rel}","templated":true}]}}