{"id":19913,"date":"2020-11-11T07:20:22","date_gmt":"2020-11-11T13:20:22","guid":{"rendered":"http:\/\/www.zonaroja.com.mx\/?p=19913"},"modified":"2020-11-11T07:20:27","modified_gmt":"2020-11-11T13:20:27","slug":"participa-diputada-en-consejo-nacional-de-la-agenda-2030-para-el-desarrollo","status":"publish","type":"post","link":"https:\/\/zonaroja.com.mx\/?p=19913","title":{"rendered":"Participa diputada en Consejo Nacional de la Agenda 2030 para el desarrollo"},"content":{"rendered":"\n<p>Redacci\u00f3n\/Zona Roja.<\/p>\n\n\n\n<p>Oaxaca de Ju\u00e1rez, 11 de noviembre 2020.- La diputada por Morena en el distrito 15 con cabecera en Santa Cruz Xoxocotl\u00e1n, Magaly L\u00f3pez Dom\u00ednguez, particip\u00f3 este martes en el Consejo Nacional de la Agenda 2030 para el Desarrollo, el cual presidi\u00f3 el canciller Marcelo Ebrard Casaub\u00f3n, secretario de Relaciones Exteriores.<\/p>\n\n\n\n<p>La Agenda 2030 es una ruta para erradicar la pobreza, proteger al planeta y asegurar la prosperidad para todos, sin comprometer los recursos para las futuras generaciones.<\/p>\n\n\n\n<p>La legisladora oaxaque\u00f1a fue considerada para asistir a este foro virtual por su trabajo legislativo en el Congreso  de Oaxaca, en donde propuso la primera ley \u201cantichatarra\u201d en M\u00e9xico, avance legislativo que antepone el derecho de la ni\u00f1ez a la salud por encima de los intereses econ\u00f3micos de las grandes empresas.<\/p>\n\n\n\n<p>En entrevista, la diputada del Partido Morena destac\u00f3 el objetivo 3 de la agenda 2030, en la cual se plasma el desarrollo sostenible desde el eje de salud y bienestar para toda persona:<\/p>\n\n\n\n<p>\u201cEn Oaxaca hemos dado un gran paso en favor de la salud de las familias; nos sumamos y fortalecemos los objetivos de la agenda 2030 al coadyuvar a reducir la mortalidad prematura por enfermedades no transmisibles, como la diabetes e hipertensi\u00f3n\u201d, destac\u00f3.<\/p>\n\n\n\n<p>El encuentro virtual cont\u00f3 con la participaci\u00f3n de secretarias y secretarios del Gobierno de M\u00e9xico, quienes compartieron su visi\u00f3n sobre un M\u00e9xico m\u00e1s sostenible.<\/p>\n\n\n\n<p>Alfonso Romo Garza, Jefe de la Oficina de la presidencia y secretario ejecutivo del Consejo Nacional de Agenda 2030 para el Desarrollo Sostenible, fue el encargado de asentar los acuerdos logrados por las personas asistentes.<\/p>\n","protected":false},"excerpt":{"rendered":"<p>Redacci\u00f3n\/Zona Roja. Oaxaca de Ju\u00e1rez, 11 de noviembre 2020.- La diputada por Morena en el&hellip;<\/p>\n","protected":false},"author":2,"featured_media":19914,"comment_status":"closed","ping_status":"open","sticky":false,"template":"","format":"standard","meta":{"_lmt_disableupdate":"","_lmt_disable":"","_jetpack_memberships_contains_paid_content":false,"footnotes":""},"categories":[109,46],"tags":[192],"class_list":["post-19913","post","type-post","status-publish","format-standard","has-post-thumbnail","hentry","category-minuto-a-minuto","category-zona-blanca","tag-diputada-magaly-lopez-dominguez"],"jetpack_featured_media_url":"https:\/\/zonaroja.com.mx\/wp-content\/uploads\/2020\/11\/Magaly-Lopez-D-1.jpg","jetpack_sharing_enabled":true,"_links":{"self":[{"href":"https:\/\/zonaroja.com.mx\/index.php?rest_route=\/wp\/v2\/posts\/19913","targetHints":{"allow":["GET"]}}],"collection":[{"href":"https:\/\/zonaroja.com.mx\/index.php?rest_route=\/wp\/v2\/posts"}],"about":[{"href":"https:\/\/zonaroja.com.mx\/index.php?rest_route=\/wp\/v2\/types\/post"}],"author":[{"embeddable":true,"href":"https:\/\/zonaroja.com.mx\/index.php?rest_route=\/wp\/v2\/users\/2"}],"replies":[{"embeddable":true,"href":"https:\/\/zonaroja.com.mx\/index.php?rest_route=%2Fwp%2Fv2%2Fcomments&post=19913"}],"version-history":[{"count":1,"href":"https:\/\/zonaroja.com.mx\/index.php?rest_route=\/wp\/v2\/posts\/19913\/revisions"}],"predecessor-version":[{"id":19915,"href":"https:\/\/zonaroja.com.mx\/index.php?rest_route=\/wp\/v2\/posts\/19913\/revisions\/19915"}],"wp:featuredmedia":[{"embeddable":true,"href":"https:\/\/zonaroja.com.mx\/index.php?rest_route=\/wp\/v2\/media\/19914"}],"wp:attachment":[{"href":"https:\/\/zonaroja.com.mx\/index.php?rest_route=%2Fwp%2Fv2%2Fmedia&parent=19913"}],"wp:term":[{"taxonomy":"category","embeddable":true,"href":"https:\/\/zonaroja.com.mx\/index.php?rest_route=%2Fwp%2Fv2%2Fcategories&post=19913"},{"taxonomy":"post_tag","embeddable":true,"href":"https:\/\/zonaroja.com.mx\/index.php?rest_route=%2Fwp%2Fv2%2Ftags&post=19913"}],"curies":[{"name":"wp","href":"https:\/\/api.w.org\/{rel}","templated":true}]}}