{"id":19916,"date":"2020-11-11T07:26:30","date_gmt":"2020-11-11T13:26:30","guid":{"rendered":"http:\/\/www.zonaroja.com.mx\/?p=19916"},"modified":"2020-11-11T07:26:35","modified_gmt":"2020-11-11T13:26:35","slug":"promueve-el-poder-judicial-de-oaxaca-pluralismo-juridico-y-derecho-indigena","status":"publish","type":"post","link":"https:\/\/zonaroja.com.mx\/?p=19916","title":{"rendered":"Promueve el Poder Judicial de Oaxaca pluralismo jur\u00eddico y derecho ind\u00edgena"},"content":{"rendered":"\n<p>Redacci\u00f3n\/Zona Roja.<\/p>\n\n\n\n<p>Oaxaca de Ju\u00e1rez, Oax., 11 de noviembre de 2020.- Uno de los ejes centrales de las nuevas perspectivas que tiene la impartici\u00f3n de justicia, es el pluralismo jur\u00eddico, afirm\u00f3 el director de Derechos Humanos del Consejo de la Judicatura, V\u00edctor Leonel Juan Mart\u00ednez, quien se\u00f1al\u00f3 que las comunidades ind\u00edgenas han luchado durante a\u00f1os por que se reconozcan sus propios sistemas jur\u00eddicos, como los usos y costumbres.<\/p>\n\n\n\n<p>Explic\u00f3 que el pluralismo jur\u00eddico se relaciona al c\u00f3mo coexisten, c\u00f3mo pueden coordinar y resolver sus conflictos los pueblos originarios, debido a que son procesos culturales, sociales y pol\u00edticos muy complejos. Esto permite que cada pueblo se regule bajo sus t\u00e9rminos, pero con respeto y protecci\u00f3n a los derechos humanos que se\u00f1ala la Constituci\u00f3n.<\/p>\n\n\n\n<p>En su participaci\u00f3n en el foro virtual \u201cHacia la construcci\u00f3n de un sistema de justicia pluralista\u201d, convocado por el Centro Profesional Ind\u00edgena de Asesor\u00eda, Defensa y Traducci\u00f3n A.C (Cepiadet), el director de Derechos Humanos de la Judicatura mencion\u00f3 que el Poder Judicial de Oaxaca se ha fortalecido en este tema con la implementaci\u00f3n de nuevas herramientas formativas, a trav\u00e9s de distintas instituciones, para su personal jurisdiccional y administrativo.<\/p>\n\n\n\n<p>\u201cUno de los primeros frutos que tuvo la firma del convenio de colaboraci\u00f3n con Cepiadet fue un seminario especializado para la construcci\u00f3n de un sistema de justicia pluralista que cont\u00f3 con la participaci\u00f3n de destacados acad\u00e9micos con una visi\u00f3n muy completa de la complejidad que entra\u00f1a el pluralismo jur\u00eddico y que han tenido un trabajo cercano a las comunidades ind\u00edgenas\u201d, indic\u00f3.<\/p>\n\n\n\n<p>Por otra parte, el director de Derechos Humanos mencion\u00f3 que el Poder Judicial de Oaxaca es la \u00fanica instituci\u00f3n en el pa\u00eds, incluso en toda Latinoam\u00e9rica, que cuanta con una Sala de Justicia Ind\u00edgena, con la cual ha marcado una orientaci\u00f3n decidida en el reconocimiento de la jurisdicci\u00f3n de los pueblos originarios.<\/p>\n","protected":false},"excerpt":{"rendered":"<p>Redacci\u00f3n\/Zona Roja. Oaxaca de Ju\u00e1rez, Oax., 11 de noviembre de 2020.- Uno de los ejes&hellip;<\/p>\n","protected":false},"author":2,"featured_media":19917,"comment_status":"closed","ping_status":"open","sticky":false,"template":"","format":"standard","meta":{"_lmt_disableupdate":"","_lmt_disable":"","_jetpack_memberships_contains_paid_content":false,"footnotes":""},"categories":[109,46],"tags":[223],"class_list":["post-19916","post","type-post","status-publish","format-standard","has-post-thumbnail","hentry","category-minuto-a-minuto","category-zona-blanca","tag-poder-judicial-de-oaxaca"],"jetpack_featured_media_url":"https:\/\/zonaroja.com.mx\/wp-content\/uploads\/2020\/11\/01-FORO-VIRTUAL.jpg","jetpack_sharing_enabled":true,"_links":{"self":[{"href":"https:\/\/zonaroja.com.mx\/index.php?rest_route=\/wp\/v2\/posts\/19916","targetHints":{"allow":["GET"]}}],"collection":[{"href":"https:\/\/zonaroja.com.mx\/index.php?rest_route=\/wp\/v2\/posts"}],"about":[{"href":"https:\/\/zonaroja.com.mx\/index.php?rest_route=\/wp\/v2\/types\/post"}],"author":[{"embeddable":true,"href":"https:\/\/zonaroja.com.mx\/index.php?rest_route=\/wp\/v2\/users\/2"}],"replies":[{"embeddable":true,"href":"https:\/\/zonaroja.com.mx\/index.php?rest_route=%2Fwp%2Fv2%2Fcomments&post=19916"}],"version-history":[{"count":1,"href":"https:\/\/zonaroja.com.mx\/index.php?rest_route=\/wp\/v2\/posts\/19916\/revisions"}],"predecessor-version":[{"id":19918,"href":"https:\/\/zonaroja.com.mx\/index.php?rest_route=\/wp\/v2\/posts\/19916\/revisions\/19918"}],"wp:featuredmedia":[{"embeddable":true,"href":"https:\/\/zonaroja.com.mx\/index.php?rest_route=\/wp\/v2\/media\/19917"}],"wp:attachment":[{"href":"https:\/\/zonaroja.com.mx\/index.php?rest_route=%2Fwp%2Fv2%2Fmedia&parent=19916"}],"wp:term":[{"taxonomy":"category","embeddable":true,"href":"https:\/\/zonaroja.com.mx\/index.php?rest_route=%2Fwp%2Fv2%2Fcategories&post=19916"},{"taxonomy":"post_tag","embeddable":true,"href":"https:\/\/zonaroja.com.mx\/index.php?rest_route=%2Fwp%2Fv2%2Ftags&post=19916"}],"curies":[{"name":"wp","href":"https:\/\/api.w.org\/{rel}","templated":true}]}}