{"id":19924,"date":"2020-11-11T08:13:09","date_gmt":"2020-11-11T14:13:09","guid":{"rendered":"http:\/\/www.zonaroja.com.mx\/?p=19924"},"modified":"2020-11-11T08:13:14","modified_gmt":"2020-11-11T14:13:14","slug":"alma-itzel-solo-venia-de-vacaciones-y-la-mataron-no-quiero-venganza-quiero-justicia","status":"publish","type":"post","link":"https:\/\/zonaroja.com.mx\/?p=19924","title":{"rendered":"Alma Itzel s\u00f3lo ven\u00eda de vacaciones y la mataron; \u201cno quiero venganza, quiero justicia\u201d"},"content":{"rendered":"\n<p>Yuridiana Sosa\/Zona Roja.<\/p>\n\n\n\n<p>Oaxaca de Ju\u00e1rez, Oax., 11 de noviembre de 2020.- La necesidad de justicia la hacen estar de pie, hablar y exigir a la Fiscal\u00eda General del Estado de Oaxaca que no haya \u201cni una m\u00e1s\u201d.<\/p>\n\n\n\n<p>Esa es la postura la madre de Alma Itzel Romero Garc\u00eda, v\u00edctima de feminicidio, cuyo cuerpo con huellas de violencia sexual fue hallado el pasado s\u00e1bado.<\/p>\n\n\n\n<p>La se\u00f1ora Mayra Garc\u00eda suplic\u00f3 a las autoridades que este crimen no quede impune, su hija, s\u00f3lo hab\u00eda llegado a su pueblo natal a pasar las celebraciones por D\u00eda de Muertos, como parte de unas breves vacaciones, pero encontr\u00f3 la muerte en manos de desconocidos.<\/p>\n\n\n\n<p>\u201cLo \u00fanico que pido, yo quiero que entiendan, yo no quiero venganza, simplemente quiero justicia; en nombre de mi hija, yo pido que se haga justicia; tal vez ya no va a volver, pero s\u00ed va a volver la seguridad a muchos j\u00f3venes, a muchos ni\u00f1os, que posiblemente pueda pasar en la misma comunidad o a otras comunidades lo mismo.<\/p>\n\n\n\n<p>\u201cY yo ya no quiero eso, ya no m\u00e1s, ni una m\u00e1s; si mi hija falleci\u00f3 de esa manera, hay muchos otros j\u00f3venes que pueden pasar por lo mismo, pero quiero que se haga justicia, que aparezca el culpable de lo que le hizo a mi hija\u201d, remarc\u00f3.<\/p>\n\n\n\n<p>Alma, de 21 a\u00f1os de edad, trabajaba en una f\u00e1brica en la ciudad de Tijuana, y el 25 de octubre lleg\u00f3 a Santa Cruz Itundujia, en la Sierra Sur.<\/p>\n\n\n\n<figure class=\"wp-block-embed-twitter wp-block-embed is-type-rich is-provider-twitter\"><div class=\"wp-block-embed__wrapper\">\n<div class=\"twitter-tweet\"><blockquote class=\"twitter-tweet\" data-lang=\"es\"><p lang=\"es\" dir=\"ltr\"><a href=\"https:\/\/twitter.com\/hashtag\/JusticiaParaAlmaItzel?src=hash&amp;ref_src=twsrc%5Etfw\">#JusticiaParaAlmaItzel<\/a><br>(2) \u201cYo no quiero venganza, solamente quiero justicia; en nombre de mi hija, quiero justicia, que aparezca el culpable de lo que le hizo a mi hija, que no quede impune esta muerte\u201d, dijo la se\u00f1ora Mayra Garc\u00eda, madre de Alma Itzel, desde Tlaxiaco, <a href=\"https:\/\/twitter.com\/hashtag\/Oaxaca?src=hash&amp;ref_src=twsrc%5Etfw\">#Oaxaca<\/a>. <a href=\"https:\/\/t.co\/hGZYni3M9Y\">pic.twitter.com\/hGZYni3M9Y<\/a><\/p>&mdash; Zona Roja Oaxaca (@MexRoja) <a href=\"https:\/\/twitter.com\/MexRoja\/status\/1326360329664729088?ref_src=twsrc%5Etfw\">11 de noviembre de 2020<\/a><\/blockquote><\/div>\n<\/div><\/figure>\n\n\n\n<p>\u201cHubo violencia, fue abusada sexualmente, por los resultados, ella muri\u00f3 ahogada en el r\u00edo, porque la lanzaron al r\u00edo, desnuda\u201d, se\u00f1al\u00f3 la madre en conferencia de prensa la tarde de este martes en la Heroica Ciudad de Tlaxiaco, con apoyo del Cedhapi.<\/p>\n\n\n\n<p>Alma habr\u00eda sido asesinada desde el 3 de noviembre, cuando perdi\u00f3 contacto con ella, el mismo d\u00eda que la report\u00f3 como desaparecida, indic\u00f3 la mujer de acuerdo a la informaci\u00f3n que la Fiscal\u00eda General le proporcion\u00f3.<\/p>\n\n\n\n<p>El cuerpo de la joven fue localizado el 7 de noviembre cerca de las 15:30 horas en r\u00edo ubicado en el paraje \u201cEl Pescadillo\u201d, en la colindancia con la comunidad de Allende.<\/p>\n\n\n\n<p>\u201cLe suplico (a las autoridades), por favor que encuentre al culpable y se castigue por esta lamentable muerte\u201d, expres\u00f3 la fuerte mujer.<\/p>\n\n\n\n<p>La se\u00f1ora Mayra record\u00f3 que el joven Javier supuestamente era amigo de confianza de Alma, quien la invit\u00f3 a la comunidad de Victoria a pasar el d\u00eda 2 de noviembre, por motivo del D\u00eda de Muertos.<\/p>\n\n\n\n<figure class=\"wp-block-image size-large\"><img decoding=\"async\" width=\"1024\" height=\"570\" src=\"http:\/\/www.zonaroja.com.mx\/wp-content\/uploads\/2020\/11\/Conferencia-de-prensa-caso-Alma-Itzel.jpg\" alt=\"\" class=\"wp-image-19926\" srcset=\"https:\/\/zonaroja.com.mx\/wp-content\/uploads\/2020\/11\/Conferencia-de-prensa-caso-Alma-Itzel.jpg 1024w, https:\/\/zonaroja.com.mx\/wp-content\/uploads\/2020\/11\/Conferencia-de-prensa-caso-Alma-Itzel-300x167.jpg 300w, https:\/\/zonaroja.com.mx\/wp-content\/uploads\/2020\/11\/Conferencia-de-prensa-caso-Alma-Itzel-768x428.jpg 768w, https:\/\/zonaroja.com.mx\/wp-content\/uploads\/2020\/11\/Conferencia-de-prensa-caso-Alma-Itzel-585x326.jpg 585w\" sizes=\"(max-width: 1024px) 100vw, 1024px\" \/><\/figure>\n\n\n\n<p>Para la familia, el principal responsable son los hermanos Arturo y Nicanor Ram\u00edrez Pe\u00f1a, este \u00faltimo quien la vio por \u00faltima vez y quien justifica que en un descuido en su camino de regreso a casa desapareci\u00f3, pero no dio aviso a los amigos, familiares ni autoridades locales sobre el hecho.<\/p>\n\n\n\n<p>En conferencia de prensa, el Centro de Derechos Humanos y Asesor\u00eda a Pueblos Ind\u00edgenas A.C. (Cedhapi) y el Centro Regional de Derechos Humanos \u201cBartolom\u00e9 Carrasco Brise\u00f1o\u201d (Barca-DH) lamentaron el feminicidio y exigieron a la Fiscal\u00eda de Oaxaca justicia para Alma y por el resto de las mujeres desaparecidas en la entidad.<\/p>\n\n\n\n<p>\u201cYo solo pido que haya justicia, le pido a todas las autoridades, a mi municipio, a los de la Fiscal\u00eda, la Guardia Nacional, para que hagan todo lo posible y se haga justicia; que no quede impune esta muerte, porque para m\u00ed como madre es muy doloroso.<\/p>\n\n\n\n<p>\u201cSi he tenido valor de presentarme aqu\u00ed (en Tlaxiaco), es porque quiero que se haga justicia, eso me ha dado el valor; les suplico por favor que encuentren al culpable, que se castigue\u201d, remarc\u00f3 la se\u00f1ora Mayra Garc\u00eda.<\/p>\n\n\n\n<p>Alma Itzel Romero Garc\u00eda, originaria de la comunidad de Morelos Itundujia, Santa Cruz Itundujia, Putla, Oaxaca, de 21 a\u00f1os de edad, concluy\u00f3 sus estudios de bachillerato en el a\u00f1o 2017.<\/p>\n\n\n\n<p>Emigr\u00f3 a trabajar en una f\u00e1brica en la ciudad de Tijuana, Baja California, M\u00e9xico, con el sue\u00f1o de alg\u00fan d\u00eda poder estudiar la licenciatura en Gastronom\u00eda. Proveniente de una familia humilde y trabajadora siendo la primera hija de la se\u00f1ora Mayra Garc\u00eda Cruz. Alma Itzel ya no alcanz\u00f3 su sue\u00f1o.<\/p>\n\n\n\n<figure class=\"wp-block-embed-twitter wp-block-embed is-type-rich is-provider-twitter\"><div class=\"wp-block-embed__wrapper\">\n<div class=\"twitter-tweet\"><blockquote class=\"twitter-tweet\" data-lang=\"es\"><p lang=\"es\" dir=\"ltr\"><a href=\"https:\/\/twitter.com\/hashtag\/JusticiaParaAlmaItzel?src=hash&amp;ref_src=twsrc%5Etfw\">#JusticiaParaAlmaItzel<\/a> <br>(1) En conferencia de prensa en la Heroica Ciudad de <a href=\"https:\/\/twitter.com\/hashtag\/Tlaxiaco?src=hash&amp;ref_src=twsrc%5Etfw\">#Tlaxiaco<\/a>, Mayra Garc\u00eda Cruz, madre de Alma Itzel, reiter\u00f3 su exigencia de justicia y lament\u00f3 que autoridades de Itundujia hayan permitido la fuga del o los probables autores del feminicidio de su hija. <a href=\"https:\/\/t.co\/eTAuZO67MS\">pic.twitter.com\/eTAuZO67MS<\/a><\/p>&mdash; Zona Roja Oaxaca (@MexRoja) <a href=\"https:\/\/twitter.com\/MexRoja\/status\/1326357821143851010?ref_src=twsrc%5Etfw\">11 de noviembre de 2020<\/a><\/blockquote><\/div>\n<\/div><\/figure>\n","protected":false},"excerpt":{"rendered":"<p>Yuridiana Sosa\/Zona Roja. Oaxaca de Ju\u00e1rez, Oax., 11 de noviembre de 2020.- La necesidad de&hellip;<\/p>\n","protected":false},"author":2,"featured_media":19925,"comment_status":"closed","ping_status":"open","sticky":false,"template":"","format":"standard","meta":{"_lmt_disableupdate":"","_lmt_disable":"","_jetpack_memberships_contains_paid_content":false,"footnotes":""},"categories":[109,47],"tags":[2186,2055],"class_list":["post-19924","post","type-post","status-publish","format-standard","has-post-thumbnail","hentry","category-minuto-a-minuto","category-zona-gris","tag-alma-itzel-romero-garcia","tag-santa-cruz-itundujia"],"jetpack_featured_media_url":"https:\/\/zonaroja.com.mx\/wp-content\/uploads\/2020\/11\/Sepelio-Alma-Itzel.jpg","jetpack_sharing_enabled":true,"_links":{"self":[{"href":"https:\/\/zonaroja.com.mx\/index.php?rest_route=\/wp\/v2\/posts\/19924","targetHints":{"allow":["GET"]}}],"collection":[{"href":"https:\/\/zonaroja.com.mx\/index.php?rest_route=\/wp\/v2\/posts"}],"about":[{"href":"https:\/\/zonaroja.com.mx\/index.php?rest_route=\/wp\/v2\/types\/post"}],"author":[{"embeddable":true,"href":"https:\/\/zonaroja.com.mx\/index.php?rest_route=\/wp\/v2\/users\/2"}],"replies":[{"embeddable":true,"href":"https:\/\/zonaroja.com.mx\/index.php?rest_route=%2Fwp%2Fv2%2Fcomments&post=19924"}],"version-history":[{"count":1,"href":"https:\/\/zonaroja.com.mx\/index.php?rest_route=\/wp\/v2\/posts\/19924\/revisions"}],"predecessor-version":[{"id":19927,"href":"https:\/\/zonaroja.com.mx\/index.php?rest_route=\/wp\/v2\/posts\/19924\/revisions\/19927"}],"wp:featuredmedia":[{"embeddable":true,"href":"https:\/\/zonaroja.com.mx\/index.php?rest_route=\/wp\/v2\/media\/19925"}],"wp:attachment":[{"href":"https:\/\/zonaroja.com.mx\/index.php?rest_route=%2Fwp%2Fv2%2Fmedia&parent=19924"}],"wp:term":[{"taxonomy":"category","embeddable":true,"href":"https:\/\/zonaroja.com.mx\/index.php?rest_route=%2Fwp%2Fv2%2Fcategories&post=19924"},{"taxonomy":"post_tag","embeddable":true,"href":"https:\/\/zonaroja.com.mx\/index.php?rest_route=%2Fwp%2Fv2%2Ftags&post=19924"}],"curies":[{"name":"wp","href":"https:\/\/api.w.org\/{rel}","templated":true}]}}