{"id":19929,"date":"2020-11-11T14:35:45","date_gmt":"2020-11-11T20:35:45","guid":{"rendered":"https:\/\/www.zonaroja.com.mx\/?p=19929"},"modified":"2020-11-11T14:35:47","modified_gmt":"2020-11-11T20:35:47","slug":"un-grupo-de-pobladores-de-san-antonio-de-la-cal-protesta-en-congreso-y-exige-elecciones","status":"publish","type":"post","link":"https:\/\/zonaroja.com.mx\/?p=19929","title":{"rendered":"Un grupo de pobladores de San Antonio de la Cal protesta en Congreso y exige elecciones"},"content":{"rendered":"\n<p class=\"MsoNormal\">Yuridiana Sosa\/Zona Roja. <\/p>\n\n\n\n<p class=\"MsoNormal\">Oaxaca de Ju\u00e1rez, Oax., 11 de noviembre de 2020.- Habitantes de San Antonio de la Cal se manifestaron&nbsp;<a href=\"\/\/1\">este mi\u00e9rcoles<\/a>&nbsp;en Ciudad Administrativa y en el Congreso de Oaxaca para exigir una nueva elecci\u00f3n en este municipio regido por Sistemas Normativos Internos.<\/p>\n\n\n\n<p class=\"MsoNormal\">El grupo de inconformes exigi\u00f3 atenci\u00f3n por parte de los diputados locales para exponer su demanda relacionada a la sentencia que emiti\u00f3 en julio pasado la Sala Regional Xalapa del Tribunal Electoral del Poder Judicial de la Federaci\u00f3n (TEPJF), en la que invalid\u00f3 las elecciones.<\/p>\n\n\n\n<p class=\"MsoNormal\">Los inconformes solicitan a trav\u00e9s de lonas: \u201cCongreso del Estado de Oaxaca no permita que un pueblo de usos y costumbres e ind\u00edgena sea lastimada por inter\u00e9s del diputado Horacio Sosa Villavicencio, quien nos impuso un comisionado a modo, sin respetar la vinculaci\u00f3n de integrar un consejo municipal en el ayuntamiento\u201d. <\/p>\n\n\n\n<p class=\"MsoNormal\">Pedro Hern\u00e1ndez Bautista, uno de los representantes de los manifestantes en la sede del Congreso, en San Raymundo Jalapan, indic\u00f3 que requieren de un di\u00e1logo con los legisladores para aclarar sobre la supuesta intromisi\u00f3n Sosa Villavicencio en la vida pol\u00edtica de ese municipio conurbado a la capital.<\/p>\n\n\n\n<p class=\"MsoNormal\">Se\u00f1al\u00f3 impunidad tanto del Poder Ejecutivo como del Legislativo para acatar la sentencia del TEPJF, que desde hace tres meses invalid\u00f3 el proceso electoral por actos de violencia durante la jornada.<\/p>\n\n\n\n<p>Despu\u00e9s del mediod\u00eda, una comisi\u00f3n de inconformes ingres\u00f3 a la sede del Legislativo, tras lo cual permitieron en ingreso de trabajadores y visitantes. Alrededor de las tres de la tarde continuaba la reuni\u00f3n con legisladores, por lo cual los gritos de soluci\u00f3n no cesaban en el exterior. <\/p>\n","protected":false},"excerpt":{"rendered":"<p>Yuridiana Sosa\/Zona Roja. Oaxaca de Ju\u00e1rez, Oax., 11 de noviembre de 2020.- Habitantes de San&hellip;<\/p>\n","protected":false},"author":2,"featured_media":19928,"comment_status":"closed","ping_status":"open","sticky":false,"template":"","format":"standard","meta":{"_lmt_disableupdate":"","_lmt_disable":"","_jetpack_memberships_contains_paid_content":false,"footnotes":""},"categories":[109,47],"tags":[875],"class_list":["post-19929","post","type-post","status-publish","format-standard","has-post-thumbnail","hentry","category-minuto-a-minuto","category-zona-gris","tag-san-antonio-de-la-cal"],"jetpack_featured_media_url":"https:\/\/zonaroja.com.mx\/wp-content\/uploads\/2020\/11\/8c78913e-55f8-4909-ba2e-3399ca5ee390.jpg","jetpack_sharing_enabled":true,"_links":{"self":[{"href":"https:\/\/zonaroja.com.mx\/index.php?rest_route=\/wp\/v2\/posts\/19929","targetHints":{"allow":["GET"]}}],"collection":[{"href":"https:\/\/zonaroja.com.mx\/index.php?rest_route=\/wp\/v2\/posts"}],"about":[{"href":"https:\/\/zonaroja.com.mx\/index.php?rest_route=\/wp\/v2\/types\/post"}],"author":[{"embeddable":true,"href":"https:\/\/zonaroja.com.mx\/index.php?rest_route=\/wp\/v2\/users\/2"}],"replies":[{"embeddable":true,"href":"https:\/\/zonaroja.com.mx\/index.php?rest_route=%2Fwp%2Fv2%2Fcomments&post=19929"}],"version-history":[{"count":1,"href":"https:\/\/zonaroja.com.mx\/index.php?rest_route=\/wp\/v2\/posts\/19929\/revisions"}],"predecessor-version":[{"id":19930,"href":"https:\/\/zonaroja.com.mx\/index.php?rest_route=\/wp\/v2\/posts\/19929\/revisions\/19930"}],"wp:featuredmedia":[{"embeddable":true,"href":"https:\/\/zonaroja.com.mx\/index.php?rest_route=\/wp\/v2\/media\/19928"}],"wp:attachment":[{"href":"https:\/\/zonaroja.com.mx\/index.php?rest_route=%2Fwp%2Fv2%2Fmedia&parent=19929"}],"wp:term":[{"taxonomy":"category","embeddable":true,"href":"https:\/\/zonaroja.com.mx\/index.php?rest_route=%2Fwp%2Fv2%2Fcategories&post=19929"},{"taxonomy":"post_tag","embeddable":true,"href":"https:\/\/zonaroja.com.mx\/index.php?rest_route=%2Fwp%2Fv2%2Ftags&post=19929"}],"curies":[{"name":"wp","href":"https:\/\/api.w.org\/{rel}","templated":true}]}}