{"id":1993,"date":"2019-07-03T09:01:54","date_gmt":"2019-07-03T14:01:54","guid":{"rendered":"http:\/\/www.zonaroja.com.mx\/?p=1993"},"modified":"2019-07-03T09:01:58","modified_gmt":"2019-07-03T14:01:58","slug":"para-minimizar-violencia-maquilla-oaxaca-cifras-de-violencia","status":"publish","type":"post","link":"https:\/\/zonaroja.com.mx\/?p=1993","title":{"rendered":"Para minimizar violencia, maquilla Oaxaca cifras de violencia"},"content":{"rendered":"\n<p>Ismael\nGarc\u00eda M.<\/p>\n\n\n\n<p>Oaxaca de\nJu\u00e1rez, Oax., 3 de julio de 2019.- El estado de Oaxaca maquill\u00f3 las cifras de la\nincidencia delictiva, con el prop\u00f3sito de minimizar la creciente violencia.<\/p>\n\n\n\n<p>La\nasociaci\u00f3n civil M\u00e9xico Eval\u00faa present\u00f3 \u201cFallas de origen: \u00cdndice de\nConfiabilidad de la Estad\u00edstica Criminal (ICEC)\u201d, en que detect\u00f3 que el Estado\nde M\u00e9xico, Hidalgo, Michoac\u00e1n, Baja California y Veracruz, adem\u00e1s de Oaxaca,\nson las entidades que presentan m\u00e1s irregularidades en las estad\u00edsticas.<\/p>\n\n\n\n<p>En\ncontraste, Colima, Aguascalientes, Zacatecas, Coahuila, Quer\u00e9taro y Sonora son los\nestados con la estad\u00edstica criminal mejor evaluada.<\/p>\n\n\n\n<p>M\u00e9xico\nEval\u00faa present\u00f3 ayer un estudio que mide a nivel estatal qu\u00e9 tan fidedignas son\nlas cifras de homicidios dolosos. <\/p>\n\n\n\n<p>En la\nprimera edici\u00f3n identific\u00f3 subreportes sistem\u00e1ticos en los datos que las\nprocuradur\u00edas o fiscal\u00edas estatales reportan al Secretariado Ejecutivo del\nSistema Nacional de Seguridad P\u00fablica (SESNSP).<\/p>\n\n\n\n<p>En el caso\nde esta entidad, la responsabilidad de reportar los datos oficiales de la\nincidencia delictiva es la Fiscal\u00eda General de Oaxaca, a cargo de Rub\u00e9n\nVasconcelos M\u00e9ndez.<\/p>\n\n\n\n<p>Edna Jaime,\ndirectora general de M\u00e9xico Eval\u00faa, asegur\u00f3 que en M\u00e9xico la estad\u00edstica\ncriminal presenta un rezago importante, pues a diferencia de otros pa\u00edses, en\nel nuestro todav\u00eda no contamos con un sistema de generaci\u00f3n de informaci\u00f3n\ncriminal de calidad con procesos de mejora continua.<\/p>\n\n\n\n<p>\u201cEl ICEC es\nun instrumento \u00fanico en su tipo. Confiamos en que esta primera edici\u00f3n tendr\u00e1\nun efecto relevante en la discusi\u00f3n sobre la calidad de la informaci\u00f3n. Nos\ninteresa identificar y contribuir a evaluar los problemas en la forma en que se\nest\u00e1 reportando la incidencia criminal, y en esta primera edici\u00f3n encontramos\nque al menos ocho entidades presentan informaci\u00f3n poco fidedigna y de baja\ncalidad sobre los asesinatos que ocurren en sus territorios\u201d, se\u00f1al\u00f3 en un\ncomunicado.<\/p>\n\n\n\n<p>Con la\npublicaci\u00f3n anual del ICEC, M\u00e9xico Eval\u00faa busca consolidar una herramienta que\npermita a ciudadanos y tomadores de decisi\u00f3n detectar los retos que tienen las\nentidades para generar datos oficiales de calidad. <\/p>\n\n\n\n<p>Su objetivo es monitorear peri\u00f3dicamente la confiabilidad de las cifras para, con base en los resultados, realizar recomendaciones puntuales y mejorarlas.<\/p>\n\n\n\n<figure class=\"wp-block-embed-twitter wp-block-embed is-type-rich is-provider-twitter\"><div class=\"wp-block-embed__wrapper\">\n<div class=\"twitter-tweet\"><blockquote class=\"twitter-tweet\" data-lang=\"es\"><p lang=\"es\" dir=\"ltr\">Identificamos anomal\u00edas, subregistros e indicios de manipulaci\u00f3n en los datos estatales de homicidios. Los estados con menos <a href=\"https:\/\/twitter.com\/hashtag\/FallasDeOrigen?src=hash&amp;ref_src=twsrc%5Etfw\">#FallasDeOrigen<\/a> son: Colima, Aguascalientes y Zacatecas. <a href=\"https:\/\/t.co\/krEeDlDnX5\">https:\/\/t.co\/krEeDlDnX5<\/a> <a href=\"https:\/\/t.co\/uKsAE15LYu\">pic.twitter.com\/uKsAE15LYu<\/a><\/p>&mdash; M\u00e9xico Eval\u00faa (@mexevalua) <a href=\"https:\/\/twitter.com\/mexevalua\/status\/1146130602053316609?ref_src=twsrc%5Etfw\">2 de julio de 2019<\/a><\/blockquote><\/div>\n<\/div><\/figure>\n\n\n\n<p>M\u00e9xico\nEval\u00faa recomend\u00f3:<\/p>\n\n\n\n<p>* Realizar\nauditor\u00edas estrat\u00e9gicas en las que el Centro Nacional de Informaci\u00f3n y el Inegi\natraigan la responsabilidad para llevar a cabo procesos de auditor\u00eda de\nestad\u00edsticas criminales.<\/p>\n\n\n\n<p>* Modificar\nincentivos negativos. Condicionar la recepci\u00f3n de recursos federales a la\ngeneraci\u00f3n de informaci\u00f3n de calidad para contrarrestar los incentivos que\nfavorezcan la manipulaci\u00f3n de las cifras delictivas.<\/p>\n\n\n\n<p>* Impulsar\nun nuevo marco legal para ordenar y supervisar la generaci\u00f3n de estad\u00edstica\ncriminal. Ante la falta criterios m\u00ednimos y estandarizados para la generaci\u00f3n\nde informaci\u00f3n oficial sobre seguridad y justicia, es necesario que gobierno,\nsociedad civil y especialistas dise\u00f1en un nuevo marco legal (leyes y\/o normas\nt\u00e9cnicas oficiales) que ordene la generaci\u00f3n de la estad\u00edstica criminal y de\njusticia.<\/p>\n\n\n\n<p>* Elaborar\nlineamientos operativos homog\u00e9neos para las Unidades de Informaci\u00f3n Estad\u00edstica\nde las fiscal\u00edas y procuradur\u00edas del pa\u00eds.<\/p>\n\n\n\n<p>* Retomar la\ndiscusi\u00f3n para que el pa\u00eds cuente con un C\u00f3digo Penal \u00danico.<\/p>\n\n\n\n<p>Incorporar\nla georreferenciaci\u00f3n en la estad\u00edstica criminal que generan las fiscal\u00edas y\nlas procuradur\u00edas.<\/p>\n","protected":false},"excerpt":{"rendered":"<p>Ismael Garc\u00eda M. Oaxaca de Ju\u00e1rez, Oax., 3 de julio de 2019.- El estado de&hellip;<\/p>\n","protected":false},"author":2,"featured_media":1994,"comment_status":"closed","ping_status":"open","sticky":false,"template":"","format":"standard","meta":{"_lmt_disableupdate":"","_lmt_disable":"","_jetpack_memberships_contains_paid_content":false,"footnotes":""},"categories":[109,51],"tags":[59,293,294],"class_list":["post-1993","post","type-post","status-publish","format-standard","has-post-thumbnail","hentry","category-minuto-a-minuto","category-zona-roja","tag-fiscalia-general-del-estado","tag-mexico-evalua","tag-oaxaca-maquilla-cifras-delitos"],"jetpack_featured_media_url":"https:\/\/zonaroja.com.mx\/wp-content\/uploads\/2019\/07\/M\u00e9xico-Eval\u00faa-2.jpg","jetpack_sharing_enabled":true,"_links":{"self":[{"href":"https:\/\/zonaroja.com.mx\/index.php?rest_route=\/wp\/v2\/posts\/1993","targetHints":{"allow":["GET"]}}],"collection":[{"href":"https:\/\/zonaroja.com.mx\/index.php?rest_route=\/wp\/v2\/posts"}],"about":[{"href":"https:\/\/zonaroja.com.mx\/index.php?rest_route=\/wp\/v2\/types\/post"}],"author":[{"embeddable":true,"href":"https:\/\/zonaroja.com.mx\/index.php?rest_route=\/wp\/v2\/users\/2"}],"replies":[{"embeddable":true,"href":"https:\/\/zonaroja.com.mx\/index.php?rest_route=%2Fwp%2Fv2%2Fcomments&post=1993"}],"version-history":[{"count":1,"href":"https:\/\/zonaroja.com.mx\/index.php?rest_route=\/wp\/v2\/posts\/1993\/revisions"}],"predecessor-version":[{"id":1995,"href":"https:\/\/zonaroja.com.mx\/index.php?rest_route=\/wp\/v2\/posts\/1993\/revisions\/1995"}],"wp:featuredmedia":[{"embeddable":true,"href":"https:\/\/zonaroja.com.mx\/index.php?rest_route=\/wp\/v2\/media\/1994"}],"wp:attachment":[{"href":"https:\/\/zonaroja.com.mx\/index.php?rest_route=%2Fwp%2Fv2%2Fmedia&parent=1993"}],"wp:term":[{"taxonomy":"category","embeddable":true,"href":"https:\/\/zonaroja.com.mx\/index.php?rest_route=%2Fwp%2Fv2%2Fcategories&post=1993"},{"taxonomy":"post_tag","embeddable":true,"href":"https:\/\/zonaroja.com.mx\/index.php?rest_route=%2Fwp%2Fv2%2Ftags&post=1993"}],"curies":[{"name":"wp","href":"https:\/\/api.w.org\/{rel}","templated":true}]}}