{"id":19931,"date":"2020-11-11T15:20:32","date_gmt":"2020-11-11T21:20:32","guid":{"rendered":"http:\/\/www.zonaroja.com.mx\/?p=19931"},"modified":"2020-11-11T15:20:35","modified_gmt":"2020-11-11T21:20:35","slug":"eligen-a-delfina-guzman-como-coordinadora-de-fraccion-de-morena-en-congreso","status":"publish","type":"post","link":"https:\/\/zonaroja.com.mx\/?p=19931","title":{"rendered":"Eligen a Delfina Guzm\u00e1n como coordinadora de fracci\u00f3n de Morena en Congreso"},"content":{"rendered":"\n<p>Redacci\u00f3n\/Zona Roja.<\/p>\n\n\n\n<p>Oaxaca de Ju\u00e1rez, Oax.- 11 de noviembre de 2020.- En sesi\u00f3n ordinaria de este d\u00eda, la Diputaci\u00f3n Permanente del Congreso de Oaxaca recibi\u00f3 la notificaci\u00f3n del acuerdo correspondiente a la designaci\u00f3n de la nueva coordinadora del grupo parlamentario del Partido Morena.<\/p>\n\n\n\n<p>El acta de sesi\u00f3n del grupo detalla que este mi\u00e9rcoles 11 de noviembre se acord\u00f3 la designaci\u00f3n de la diputada Delfina Elizabeth Guzm\u00e1n D\u00edaz, como l\u00edder de la bancada en la 64 Legislatura.<\/p>\n\n\n\n<p>En reuni\u00f3n, diputadas y diputados que integran este grupo parlamentario, designaron por consenso a la representante del distrito XXII, con cabecera en Santiago Pinotepa Nacional, a fin de que coordine los trabajos de esta bancada.<\/p>\n\n\n\n<p>Al constituir Morena el grupo mayoritario, Delfina Guzm\u00e1n tambi\u00e9n asumir\u00e1 la presidencia de la Junta de Coordinaci\u00f3n Pol\u00edtica (Jucopo) durante el tercer a\u00f1o de ejercicio legal de esta Legislatura, a efectos del Art\u00edculo 44 de la Ley Org\u00e1nica del Poder Legislativo del Estado de Oaxaca.<\/p>\n\n\n\n<p>La coordinadora de Morena en el Congreso local, fue reconocida por sus compa\u00f1eros y compa\u00f1eras como una mujer comprometida y con la capacidad de generar acuerdos que beneficien a los y las oaxaque\u00f1as.<\/p>\n\n\n\n<p>Siendo profesora en el a\u00f1o 2002, Delfina Guzm\u00e1n inici\u00f3 su carrera pol\u00edtica al ser electa como la primera concejal de su municipio natal, Santiago Jamiltepec, Oaxaca.<\/p>\n\n\n\n<p>Posteriormente, en el periodo 2012-2015, fungi\u00f3 como diputada federal por el Distrito XI, en la LXII Legislatura del Congreso de la Uni\u00f3n, entre otros cargos.<\/p>\n\n\n\n<figure class=\"wp-block-image size-large\"><img decoding=\"async\" width=\"1024\" height=\"442\" src=\"http:\/\/www.zonaroja.com.mx\/wp-content\/uploads\/2020\/11\/FOTO-1-Designan-a-Delfina-Guzman-como-coordinadora-del-grupo-parlamentario-de-Morena-1024x442.jpeg\" alt=\"\" class=\"wp-image-19933\" srcset=\"https:\/\/zonaroja.com.mx\/wp-content\/uploads\/2020\/11\/FOTO-1-Designan-a-Delfina-Guzman-como-coordinadora-del-grupo-parlamentario-de-Morena-1024x442.jpeg 1024w, https:\/\/zonaroja.com.mx\/wp-content\/uploads\/2020\/11\/FOTO-1-Designan-a-Delfina-Guzman-como-coordinadora-del-grupo-parlamentario-de-Morena-300x130.jpeg 300w, https:\/\/zonaroja.com.mx\/wp-content\/uploads\/2020\/11\/FOTO-1-Designan-a-Delfina-Guzman-como-coordinadora-del-grupo-parlamentario-de-Morena-768x332.jpeg 768w, https:\/\/zonaroja.com.mx\/wp-content\/uploads\/2020\/11\/FOTO-1-Designan-a-Delfina-Guzman-como-coordinadora-del-grupo-parlamentario-de-Morena-1170x505.jpeg 1170w, https:\/\/zonaroja.com.mx\/wp-content\/uploads\/2020\/11\/FOTO-1-Designan-a-Delfina-Guzman-como-coordinadora-del-grupo-parlamentario-de-Morena-585x253.jpeg 585w, https:\/\/zonaroja.com.mx\/wp-content\/uploads\/2020\/11\/FOTO-1-Designan-a-Delfina-Guzman-como-coordinadora-del-grupo-parlamentario-de-Morena.jpeg 1280w\" sizes=\"(max-width: 1024px) 100vw, 1024px\" \/><\/figure>\n","protected":false},"excerpt":{"rendered":"<p>Redacci\u00f3n\/Zona Roja. Oaxaca de Ju\u00e1rez, Oax.- 11 de noviembre de 2020.- En sesi\u00f3n ordinaria de&hellip;<\/p>\n","protected":false},"author":2,"featured_media":19932,"comment_status":"closed","ping_status":"open","sticky":false,"template":"","format":"standard","meta":{"_lmt_disableupdate":"","_lmt_disable":"","_jetpack_memberships_contains_paid_content":false,"footnotes":""},"categories":[109,46],"tags":[213],"class_list":["post-19931","post","type-post","status-publish","format-standard","has-post-thumbnail","hentry","category-minuto-a-minuto","category-zona-blanca","tag-64-legislatura-de-oaxaca"],"jetpack_featured_media_url":"https:\/\/zonaroja.com.mx\/wp-content\/uploads\/2020\/11\/FOTO-2-Legisladores-Horacio-Sosa-y-Delfina-Guzman.jpeg","jetpack_sharing_enabled":true,"_links":{"self":[{"href":"https:\/\/zonaroja.com.mx\/index.php?rest_route=\/wp\/v2\/posts\/19931","targetHints":{"allow":["GET"]}}],"collection":[{"href":"https:\/\/zonaroja.com.mx\/index.php?rest_route=\/wp\/v2\/posts"}],"about":[{"href":"https:\/\/zonaroja.com.mx\/index.php?rest_route=\/wp\/v2\/types\/post"}],"author":[{"embeddable":true,"href":"https:\/\/zonaroja.com.mx\/index.php?rest_route=\/wp\/v2\/users\/2"}],"replies":[{"embeddable":true,"href":"https:\/\/zonaroja.com.mx\/index.php?rest_route=%2Fwp%2Fv2%2Fcomments&post=19931"}],"version-history":[{"count":1,"href":"https:\/\/zonaroja.com.mx\/index.php?rest_route=\/wp\/v2\/posts\/19931\/revisions"}],"predecessor-version":[{"id":19934,"href":"https:\/\/zonaroja.com.mx\/index.php?rest_route=\/wp\/v2\/posts\/19931\/revisions\/19934"}],"wp:featuredmedia":[{"embeddable":true,"href":"https:\/\/zonaroja.com.mx\/index.php?rest_route=\/wp\/v2\/media\/19932"}],"wp:attachment":[{"href":"https:\/\/zonaroja.com.mx\/index.php?rest_route=%2Fwp%2Fv2%2Fmedia&parent=19931"}],"wp:term":[{"taxonomy":"category","embeddable":true,"href":"https:\/\/zonaroja.com.mx\/index.php?rest_route=%2Fwp%2Fv2%2Fcategories&post=19931"},{"taxonomy":"post_tag","embeddable":true,"href":"https:\/\/zonaroja.com.mx\/index.php?rest_route=%2Fwp%2Fv2%2Ftags&post=19931"}],"curies":[{"name":"wp","href":"https:\/\/api.w.org\/{rel}","templated":true}]}}