{"id":19935,"date":"2020-11-11T15:41:41","date_gmt":"2020-11-11T21:41:41","guid":{"rendered":"http:\/\/www.zonaroja.com.mx\/?p=19935"},"modified":"2020-11-11T15:41:44","modified_gmt":"2020-11-11T21:41:44","slug":"no-cesan-las-protestas-hoy-fueron-jubilados-y-trabajadores-del-sector-salud","status":"publish","type":"post","link":"https:\/\/zonaroja.com.mx\/?p=19935","title":{"rendered":"No cesan las protestas; hoy fueron jubilados y trabajadores del sector salud"},"content":{"rendered":"\n<p>Evlin Arag\u00f3n\/Zona Roja.<\/p>\n\n\n\n<p>Oaxaca de Ju\u00e1rez, Oax., 11 de noviembre de 2020.- Personal jubilado del Instituto Mexicano del Seguro Social (IMSS) realiz\u00f3 un \u201cplant\u00f3n\u201d a las afueras de la delegaci\u00f3n en Oaxaca del Instituto del Fondo Nacional de la Vivienda para los Trabajadores (Infonavit), para exigir la recuperaci\u00f3n de sus ahorros, particularmente del dinero correspondientes a sus afores, principalmente de vivienda 92 \u2013 97.&nbsp;<\/p>\n\n\n\n<p>Rosario Hern\u00e1ndez Jim\u00e9nez, coordinadora de la delegaci\u00f3n Oaxaca y a nivel nacional, explic\u00f3 que, de los tres mil 500 trabajadores jubilados en la entidad, m\u00e1s de mil 500 no han recibido el pago pendiente que consiste en un aproximado de 400 mil pesos por trabajador.&nbsp;<\/p>\n\n\n\n<p>Lo anterior dijo se acord\u00f3 hace un a\u00f1o que se pagar\u00eda v\u00eda administrativa, a todo el personal jubilado, situaci\u00f3n que no se ha cumplido, por lo que decidieron salir a las calles a manifestarse, ello pese al riesgo de contagio por la pandemia y pese a tratarse de un sector vulnerable debido a la edad.&nbsp;&nbsp;<\/p>\n\n\n\n<p>\u201cDebido a esta pandemia no estamos arriesgando, verdaderamente nuestra vida est\u00e1 en riesgo por esta pandemia. Hacemos responsable a Carlos Mart\u00ednez Vel\u00e1squez, director del Infonavit, por alg\u00fan contagio que se llegue a dar por Covid-19 a nuestros compa\u00f1eros, todos jubilados de Seguro Social\u201d, manifest\u00f3 la representante.&nbsp;<\/p>\n\n\n\n<p>En este mismo sentido, detall\u00f3 que ya se han agotado las mesas de di\u00e1logo y todas las pl\u00e1ticas, incluso existen acuerdos, pero no han sido cumplidos, raz\u00f3n por la que ya nos les quedo de otra m\u00e1s accionar con el plant\u00f3n de esta ma\u00f1ana, acci\u00f3n que se ir\u00e1n intensificando en caso de cumplirse la recuperaci\u00f3n de sus ahorros.<\/p>\n\n\n\n<p>Finalmente, puntualiz\u00f3 que se trata de una manifestaci\u00f3n de car\u00e1cter nacional, en la que participan 17 delegaciones, misma que se mantendr\u00e1 con car\u00e1cter indefinido hasta que las autoridades subsanen \u201cla millonada\u201d en ahorros que le adeudan a personal que ya laboro toda su vida y merece gozar de un retiro digno.\u00a0<\/p>\n\n\n\n<figure class=\"wp-block-embed-twitter wp-block-embed is-type-rich is-provider-twitter\"><div class=\"wp-block-embed__wrapper\">\n<div class=\"twitter-tweet\"><blockquote class=\"twitter-tweet\" data-lang=\"es\"><p lang=\"es\" dir=\"ltr\"><a href=\"https:\/\/twitter.com\/hashtag\/%C3%9AltimoMinuto?src=hash&amp;ref_src=twsrc%5Etfw\">#\u00daltimoMinuto<\/a> <br>En la protesta de trabajadores de Vectores de los <a href=\"https:\/\/twitter.com\/SSO_GobOax?ref_src=twsrc%5Etfw\">@SSO_GobOax<\/a>, responsabilizan al funcionario David Concha Su\u00e1rez, por afectar directamente a los empleados y a los programas del sector. <a href=\"https:\/\/t.co\/l516T2JQUq\">pic.twitter.com\/l516T2JQUq<\/a><\/p>&mdash; Zona Roja Oaxaca (@MexRoja) <a href=\"https:\/\/twitter.com\/MexRoja\/status\/1326551487036575748?ref_src=twsrc%5Etfw\">11 de noviembre de 2020<\/a><\/blockquote><\/div>\n<\/div><\/figure>\n\n\n\n<p>TAMBI\u00c9N SALUD<\/p>\n\n\n\n<p>La protesta de personal jubilado no es la \u00fanica que se registra en la capital del estado, ya que desde el fin de semana, integrantes del Sindicato Independiente de Trabajadores y Profesionales de la Salud se instalaron en plant\u00f3n a las afueras de las oficinas centrales de los Servicios de Salud de Oaxaca (SSO)&nbsp;<\/p>\n\n\n\n<p>Dentro de sus demandas se encuentra el cumplimiento del pago pendiente de sueldos a 19 trabajadores que ganaron legalmente un laudo, as\u00ed mismo la retribuci\u00f3n por el bono por el D\u00eda del Trabajador de Salud, que no se les otorg\u00f3 en tiempo y forma.&nbsp;<\/p>\n\n\n\n<p>De lo anterior existen acuerdos con las autoridades, encabezada por Donato Casas Escamilla, mismo que no se han cumplido, por el contrario, s\u00f3lo les han dado largas, incluso hasta dos a\u00f1os han pasado sin que se hagan efectivos en perjuicio de la base trabajadora.&nbsp;<\/p>\n\n\n\n<p>Mientras que personal de Vectores y Paludismo de las secciones 71 y 73 del Sindicato Nacional de Trabajadores de la Secretar\u00eda de Salud (SNTSA), provenientes de las regiones de la Cuenca, Istmo y Costa, se manifestaron en las oficinas de los SSO ubicadas en la calle de Violetas en la Colonia Reforma.<\/p>\n\n\n\n<p>Como demanda principal solicitaron la salida de David Concha Su\u00e1rez, director administrativo de la dependencia, quien ha ido se\u00f1alado de diversas irregularidades, incluso se enfrenta a varios procesos judiciales, como lo diera a conocer la organizaci\u00f3n civil Oaxaque\u00f1os contra la Corrupci\u00f3n, por lo que no deber\u00eda ocupar un cargo p\u00fablico.<\/p>\n","protected":false},"excerpt":{"rendered":"<p>Evlin Arag\u00f3n\/Zona Roja. Oaxaca de Ju\u00e1rez, Oax., 11 de noviembre de 2020.- Personal jubilado del&hellip;<\/p>\n","protected":false},"author":2,"featured_media":19936,"comment_status":"closed","ping_status":"open","sticky":false,"template":"","format":"standard","meta":{"_lmt_disableupdate":"","_lmt_disable":"","_jetpack_memberships_contains_paid_content":false,"footnotes":""},"categories":[109,47],"tags":[1005],"class_list":["post-19935","post","type-post","status-publish","format-standard","has-post-thumbnail","hentry","category-minuto-a-minuto","category-zona-gris","tag-servicios-de-salud-de-oaxaca-sso"],"jetpack_featured_media_url":"https:\/\/zonaroja.com.mx\/wp-content\/uploads\/2020\/11\/Trabajadores-Salud.jpg","jetpack_sharing_enabled":true,"_links":{"self":[{"href":"https:\/\/zonaroja.com.mx\/index.php?rest_route=\/wp\/v2\/posts\/19935","targetHints":{"allow":["GET"]}}],"collection":[{"href":"https:\/\/zonaroja.com.mx\/index.php?rest_route=\/wp\/v2\/posts"}],"about":[{"href":"https:\/\/zonaroja.com.mx\/index.php?rest_route=\/wp\/v2\/types\/post"}],"author":[{"embeddable":true,"href":"https:\/\/zonaroja.com.mx\/index.php?rest_route=\/wp\/v2\/users\/2"}],"replies":[{"embeddable":true,"href":"https:\/\/zonaroja.com.mx\/index.php?rest_route=%2Fwp%2Fv2%2Fcomments&post=19935"}],"version-history":[{"count":1,"href":"https:\/\/zonaroja.com.mx\/index.php?rest_route=\/wp\/v2\/posts\/19935\/revisions"}],"predecessor-version":[{"id":19937,"href":"https:\/\/zonaroja.com.mx\/index.php?rest_route=\/wp\/v2\/posts\/19935\/revisions\/19937"}],"wp:featuredmedia":[{"embeddable":true,"href":"https:\/\/zonaroja.com.mx\/index.php?rest_route=\/wp\/v2\/media\/19936"}],"wp:attachment":[{"href":"https:\/\/zonaroja.com.mx\/index.php?rest_route=%2Fwp%2Fv2%2Fmedia&parent=19935"}],"wp:term":[{"taxonomy":"category","embeddable":true,"href":"https:\/\/zonaroja.com.mx\/index.php?rest_route=%2Fwp%2Fv2%2Fcategories&post=19935"},{"taxonomy":"post_tag","embeddable":true,"href":"https:\/\/zonaroja.com.mx\/index.php?rest_route=%2Fwp%2Fv2%2Ftags&post=19935"}],"curies":[{"name":"wp","href":"https:\/\/api.w.org\/{rel}","templated":true}]}}