{"id":19938,"date":"2020-11-11T16:43:12","date_gmt":"2020-11-11T22:43:12","guid":{"rendered":"http:\/\/www.zonaroja.com.mx\/?p=19938"},"modified":"2020-11-11T16:43:18","modified_gmt":"2020-11-11T22:43:18","slug":"tras-secuestrarla-asesinan-a-presidenta-municipal-en-veracruz","status":"publish","type":"post","link":"https:\/\/zonaroja.com.mx\/?p=19938","title":{"rendered":"Tras secuestrarla, asesinan a presidenta municipal en Veracruz"},"content":{"rendered":"\n<p>Redacci\u00f3n\/Zona Roja Cdmx.<\/p>\n\n\n\n<p>Ciudad de M\u00e9xico, 11 de noviembre de 2020.- Autoridades estatales encontraron este mi\u00e9rcoles el cuerpo de Florisel R\u00edo Delf\u00edn, presidenta municipal de Jamapa, Veracruz, presuntamente asesinada por un grupo criminal.<\/p>\n\n\n\n<p>El cuerpo de la alcaldesa, quien lleg\u00f3 al poder por una alianza opositora del derechista Partido Acci\u00f3n Nacional (PAN) y el izquierdista Partido de la Revoluci\u00f3n Democr\u00e1tica (PRD), apareci\u00f3 en un paraje de la zona costera del Golfo de M\u00e9xico, de acuerdo con la agencia EFE.<\/p>\n\n\n\n<p>Un comando hab\u00eda secuestrado a la presidenta municipal y despu\u00e9s abandon\u00f3 su cad\u00e1ver en la comunidad Ixcoalco, del municipio de Medell\u00edn de Bravo, de acuerdo con los primeros reportes oficiales.<\/p>\n\n\n\n<p>La Secretar\u00eda de Seguridad P\u00fablica del estado inform\u00f3 que, de manera conjunta con fuerzas del orden de los tres \u00f3rdenes de gobierno, despleg\u00f3 un operativo en el municipio de Jamapa y sus alrededores ante el asesinato de la alcaldesa.<\/p>\n\n\n\n<p>La dependencia inform\u00f3 que agentes de la Polic\u00eda Estatal realizan trabajos de vigilancia por aire y tierra en la zona, detalla la informaci\u00f3n de la agencia EFE.<\/p>\n\n\n\n<p>La Secretar\u00eda a\u00f1adi\u00f3 que, \u201cbajo estricto apego a los protocolos establecidos\u201d, los elementos han instalado filtros de revisi\u00f3n en diversos puntos carreteros, as\u00ed como de la cabecera municipal.<\/p>\n\n\n\n<p>Apenas en julio pasado, el comandante de la Polic\u00eda Municipal, Miguel de Jes\u00fas Castillo, hab\u00eda acusado a la alcaldesa de estar involucrada en la desaparici\u00f3n de personas.<\/p>\n\n\n\n<p>El comandante Castillo ahora est\u00e1 desaparecido, mientras que el director de Obras y la tesorera del Ayuntamiento fueron detenidos la semana pasada acusados de irregularidades en el uso de recursos p\u00fablicos, aunque ambos salieron libres bajo fianza.<\/p>\n\n\n\n<p>En tanto, el esposo de la alcaldesa fallecida est\u00e1 pr\u00f3fugo de la justicia tambi\u00e9n se\u00f1alado por desv\u00edo de recursos p\u00fablicos.<\/p>\n\n\n\n<p>Tras conocerse el crimen, la bancada del PAN en el Congreso de Veracruz conden\u00f3 el \u201cartero asesinato\u201d.<\/p>\n\n\n\n<p>El partido exigi\u00f3 al gobernador Cuitl\u00e1huac Garc\u00eda, del oficialista Movimiento de Regeneraci\u00f3n Nacional (Morena) garantizar la seguridad en Veracruz, el segundo estado con la mayor tasa de feminicidios del pa\u00eds.<\/p>\n\n\n\n<p>Los legisladores aseguraron que, contrario al mensaje oficial del gobierno estatal, Veracruz est\u00e1 \u201csecuestrado\u201d por la inseguridad, expone la informaci\u00f3n de EFE.<\/p>\n\n\n\n<p>El asesinato de la presidenta municipal refleja el contexto de M\u00e9xico, el sexto pa\u00eds m\u00e1s violento del mundo con 29.1 homicidios por cada 100,000 habitantes, como indic\u00f3 un reporte de la organizaci\u00f3n Impunidad Cero publicado el d\u00eda anterior.<\/p>\n\n\n\n<p>M\u00e9xico bati\u00f3 su r\u00e9cord hist\u00f3rico en 2019 con m\u00e1s de 34,608 homicidios dolosos, adem\u00e1s de 1,012 v\u00edctimas de feminicidio, asesinatos de mujeres por violencia machista o de g\u00e9nero.<\/p>\n","protected":false},"excerpt":{"rendered":"<p>Redacci\u00f3n\/Zona Roja Cdmx. Ciudad de M\u00e9xico, 11 de noviembre de 2020.- Autoridades estatales encontraron este&hellip;<\/p>\n","protected":false},"author":2,"featured_media":19939,"comment_status":"closed","ping_status":"open","sticky":false,"template":"","format":"standard","meta":{"_lmt_disableupdate":"","_lmt_disable":"","_jetpack_memberships_contains_paid_content":false,"footnotes":""},"categories":[109,51],"tags":[2202],"class_list":["post-19938","post","type-post","status-publish","format-standard","has-post-thumbnail","hentry","category-minuto-a-minuto","category-zona-roja","tag-florisel-rios-delfin"],"jetpack_featured_media_url":"https:\/\/zonaroja.com.mx\/wp-content\/uploads\/2020\/11\/Florisel-Rios-Jamapa.jpg","jetpack_sharing_enabled":true,"_links":{"self":[{"href":"https:\/\/zonaroja.com.mx\/index.php?rest_route=\/wp\/v2\/posts\/19938","targetHints":{"allow":["GET"]}}],"collection":[{"href":"https:\/\/zonaroja.com.mx\/index.php?rest_route=\/wp\/v2\/posts"}],"about":[{"href":"https:\/\/zonaroja.com.mx\/index.php?rest_route=\/wp\/v2\/types\/post"}],"author":[{"embeddable":true,"href":"https:\/\/zonaroja.com.mx\/index.php?rest_route=\/wp\/v2\/users\/2"}],"replies":[{"embeddable":true,"href":"https:\/\/zonaroja.com.mx\/index.php?rest_route=%2Fwp%2Fv2%2Fcomments&post=19938"}],"version-history":[{"count":1,"href":"https:\/\/zonaroja.com.mx\/index.php?rest_route=\/wp\/v2\/posts\/19938\/revisions"}],"predecessor-version":[{"id":19940,"href":"https:\/\/zonaroja.com.mx\/index.php?rest_route=\/wp\/v2\/posts\/19938\/revisions\/19940"}],"wp:featuredmedia":[{"embeddable":true,"href":"https:\/\/zonaroja.com.mx\/index.php?rest_route=\/wp\/v2\/media\/19939"}],"wp:attachment":[{"href":"https:\/\/zonaroja.com.mx\/index.php?rest_route=%2Fwp%2Fv2%2Fmedia&parent=19938"}],"wp:term":[{"taxonomy":"category","embeddable":true,"href":"https:\/\/zonaroja.com.mx\/index.php?rest_route=%2Fwp%2Fv2%2Fcategories&post=19938"},{"taxonomy":"post_tag","embeddable":true,"href":"https:\/\/zonaroja.com.mx\/index.php?rest_route=%2Fwp%2Fv2%2Ftags&post=19938"}],"curies":[{"name":"wp","href":"https:\/\/api.w.org\/{rel}","templated":true}]}}