{"id":19941,"date":"2020-11-11T19:44:14","date_gmt":"2020-11-12T01:44:14","guid":{"rendered":"http:\/\/www.zonaroja.com.mx\/?p=19941"},"modified":"2020-11-11T19:44:17","modified_gmt":"2020-11-12T01:44:17","slug":"diputados-reprueban-agresion-de-policias-de-oaxaca-a-feministas-exigen-castigo","status":"publish","type":"post","link":"https:\/\/zonaroja.com.mx\/?p=19941","title":{"rendered":"Diputados reprueban agresi\u00f3n de polic\u00edas de Oaxaca a feministas; exigen castigo"},"content":{"rendered":"\n<p>Yuri Sosa\/Zona Roja.<\/p>\n\n\n\n<p>Oaxaca de Ju\u00e1rez, Oax., 11 de noviembre de 2020.- El diputado local por el Partido del Trabajo, C\u00e9sar Morales Ni\u00f1o, reprob\u00f3 la agresi\u00f3n que la polic\u00eda municipal de Oaxaca de Ju\u00e1rez ejecut\u00f3 contra las mujeres que realizaban un tianguis autogesti\u00f3n de trueque, mientras son omisos con la aplicaci\u00f3n de medidas sanitarias frente a la contingencia.<\/p>\n\n\n\n<p>Se\u00f1al\u00f3 que el presidente municipal de la capital, Oswaldo Garc\u00eda Jarqu\u00edn, est\u00e1 m\u00e1s enfocado en sus \u201ccalenturas electoreras\u201d que en atender las necesidades de la poblaci\u00f3n en medio de la pandemia; el reflejo de un mal manejo de la emergencia sanitaria, es la crisis de la poblaci\u00f3n en buscar espacios para conseguir productos que les ayude a sobrevivir.<\/p>\n\n\n\n<p>En entrevista, Morales Ni\u00f1o hizo un llamado en\u00e9rgico al edil capitalino para que asuma su responsabilidad frente a la crisis sanitaria y ante la agresi\u00f3n que sus servidores p\u00fablicos, inspectores y polic\u00edas municipales.<\/p>\n\n\n\n<p>\u201cEs lamentable, porque son personas que buscan recuperarse de esta crisis que vivimos, por qu\u00e9 no realizaron lo mismo contra la gente de las comparsas, que andaban paseando en el Centro Hist\u00f3rico, en las fiestas privadas y restaurantes\u201d, expres\u00f3 el diputado con relaci\u00f3n a la omisi\u00f3n del edil para frenar la aglomeraci\u00f3n de personas durante la celebraci\u00f3n de los D\u00edas de Muerto.<\/p>\n\n\n\n<p>\u201cEso no se puede permitir. El se\u00f1or quiere tapar su irresponsabilidad y la falta de capacidad para atender la pandemia con temas electorales\u201d, reiter\u00f3 Morales Ni\u00f1o, quien agreg\u00f3 la incongruencia que existe sobre ese hecho respecto a que cada vez hay m\u00e1s vendedores ambulantes invadiendo la v\u00eda p\u00fablica, de forma permanente, sin que haya consecuencias.<\/p>\n\n\n\n<figure class=\"wp-block-embed-twitter wp-block-embed is-type-rich is-provider-twitter\"><div class=\"wp-block-embed__wrapper\">\n<div class=\"twitter-tweet\"><blockquote class=\"twitter-tweet\" data-lang=\"es\"><p lang=\"es\" dir=\"ltr\"><a href=\"https:\/\/twitter.com\/hashtag\/%C3%9AltimoMinuto?src=hash&amp;ref_src=twsrc%5Etfw\">#\u00daltimoMinuto<\/a> <br>El diputado local por el PT, <a href=\"https:\/\/twitter.com\/cesarmoralesn?ref_src=twsrc%5Etfw\">@cesarmoralesn<\/a>, reprob\u00f3 la agresi\u00f3n de polic\u00edas del <a href=\"https:\/\/twitter.com\/MunicipioOaxaca?ref_src=twsrc%5Etfw\">@MunicipioOaxaca<\/a> hacia feministas que realizaban un trueque en la explanada ubicada en la calle de Santos Degollado; lament\u00f3 que la autoridad no se ejerza contra vendedores ambulantes. <a href=\"https:\/\/t.co\/1Gc4hECFIC\">pic.twitter.com\/1Gc4hECFIC<\/a><\/p>&mdash; Zona Roja Oaxaca (@MexRoja) <a href=\"https:\/\/twitter.com\/MexRoja\/status\/1326608369394671616?ref_src=twsrc%5Etfw\">11 de noviembre de 2020<\/a><\/blockquote><\/div>\n<\/div><\/figure>\n\n\n\n<p>DEMANDAN INVESTIGACI\u00d3N<\/p>\n\n\n\n<p>Sobre el desalojo violento del grupo de feministas el s\u00e1bado pasado en la calle de Santos Degollados en el Centro Hist\u00f3rico de Oaxaca, la diputada de Morena, Hilda Graciela P\u00e9rez Luis, present\u00f3 la proposici\u00f3n con punto de acuerdo para que la agresi\u00f3n se investigue y castigue a los responsables.<\/p>\n\n\n\n<p>Durante la sesi\u00f3n de la Diputaci\u00f3n Permanente, la legisladora expuso el exhorto al edil Oswaldo Garc\u00eda Jarqu\u00edn para que inicie las investigaciones necesarias y el procedimiento correspondiente contra los elementos de la Polic\u00eda Municipal e inspectores que participaron en el hecho.<\/p>\n\n\n\n<p>As\u00ed como se ejecuten las sanciones debidas contra quien haya girado la orden de desalojo al no respetar los principios de legalidad, racionalidad, proporcionalidad, congruencia y respeto a los derechos humanos en el uso excesivo de la fuerza p\u00fablica.<\/p>\n\n\n\n<p>Motivo por el que tambi\u00e9n demand\u00f3 Garc\u00eda Jarqu\u00edn, que en caso de notificarse la comisi\u00f3n de un delito el caso sea trasladado a la Fiscal\u00eda General de Oaxaca.<\/p>\n\n\n\n<p>En t\u00e9rminos similares se pronunci\u00f3 la legisladora Roc\u00edo Machuca, quien tambi\u00e9n demand\u00f3 castigo a los responsables de la agresi\u00f3n a mujeres del tianguis autogestivo.<\/p>\n\n\n\n<figure class=\"wp-block-embed-twitter wp-block-embed is-type-rich is-provider-twitter\"><div class=\"wp-block-embed__wrapper\">\n<div class=\"twitter-tweet\"><blockquote class=\"twitter-tweet\" data-lang=\"es\"><p lang=\"es\" dir=\"ltr\">(1) En la sesi\u00f3n de la Diputaci\u00f3n Permanente de hoy, la legisladora <a href=\"https:\/\/twitter.com\/HildaLuis_?ref_src=twsrc%5Etfw\">@HildaLuis_<\/a> lament\u00f3 la agresi\u00f3n de polic\u00edas en contra de feministas, registrada el pasado s\u00e1bado; pidi\u00f3 al edil del municipio de Oaxaca de Ju\u00e1rez, <a href=\"https:\/\/twitter.com\/oswaldogarciaj?ref_src=twsrc%5Etfw\">@oswaldogarciaj<\/a>, indagar y castigar a los responsables. <a href=\"https:\/\/t.co\/YJUS7cZvt4\">pic.twitter.com\/YJUS7cZvt4<\/a><\/p>&mdash; Zona Roja Oaxaca (@MexRoja) <a href=\"https:\/\/twitter.com\/MexRoja\/status\/1326639364097630208?ref_src=twsrc%5Etfw\">11 de noviembre de 2020<\/a><\/blockquote><\/div>\n<\/div><\/figure>\n","protected":false},"excerpt":{"rendered":"<p>Yuri Sosa\/Zona Roja. Oaxaca de Ju\u00e1rez, Oax., 11 de noviembre de 2020.- El diputado local&hellip;<\/p>\n","protected":false},"author":2,"featured_media":19942,"comment_status":"closed","ping_status":"open","sticky":false,"template":"","format":"standard","meta":{"_lmt_disableupdate":"","_lmt_disable":"","_jetpack_memberships_contains_paid_content":false,"footnotes":""},"categories":[109,46],"tags":[612],"class_list":["post-19941","post","type-post","status-publish","format-standard","has-post-thumbnail","hentry","category-minuto-a-minuto","category-zona-blanca","tag-cesar-morales-nino"],"jetpack_featured_media_url":"https:\/\/zonaroja.com.mx\/wp-content\/uploads\/2020\/11\/Cesar-Morales.jpg","jetpack_sharing_enabled":true,"_links":{"self":[{"href":"https:\/\/zonaroja.com.mx\/index.php?rest_route=\/wp\/v2\/posts\/19941","targetHints":{"allow":["GET"]}}],"collection":[{"href":"https:\/\/zonaroja.com.mx\/index.php?rest_route=\/wp\/v2\/posts"}],"about":[{"href":"https:\/\/zonaroja.com.mx\/index.php?rest_route=\/wp\/v2\/types\/post"}],"author":[{"embeddable":true,"href":"https:\/\/zonaroja.com.mx\/index.php?rest_route=\/wp\/v2\/users\/2"}],"replies":[{"embeddable":true,"href":"https:\/\/zonaroja.com.mx\/index.php?rest_route=%2Fwp%2Fv2%2Fcomments&post=19941"}],"version-history":[{"count":1,"href":"https:\/\/zonaroja.com.mx\/index.php?rest_route=\/wp\/v2\/posts\/19941\/revisions"}],"predecessor-version":[{"id":19943,"href":"https:\/\/zonaroja.com.mx\/index.php?rest_route=\/wp\/v2\/posts\/19941\/revisions\/19943"}],"wp:featuredmedia":[{"embeddable":true,"href":"https:\/\/zonaroja.com.mx\/index.php?rest_route=\/wp\/v2\/media\/19942"}],"wp:attachment":[{"href":"https:\/\/zonaroja.com.mx\/index.php?rest_route=%2Fwp%2Fv2%2Fmedia&parent=19941"}],"wp:term":[{"taxonomy":"category","embeddable":true,"href":"https:\/\/zonaroja.com.mx\/index.php?rest_route=%2Fwp%2Fv2%2Fcategories&post=19941"},{"taxonomy":"post_tag","embeddable":true,"href":"https:\/\/zonaroja.com.mx\/index.php?rest_route=%2Fwp%2Fv2%2Ftags&post=19941"}],"curies":[{"name":"wp","href":"https:\/\/api.w.org\/{rel}","templated":true}]}}