{"id":1996,"date":"2019-07-03T09:11:14","date_gmt":"2019-07-03T14:11:14","guid":{"rendered":"http:\/\/www.zonaroja.com.mx\/?p=1996"},"modified":"2019-07-03T09:11:16","modified_gmt":"2019-07-03T14:11:16","slug":"jovenes-de-san-miguel-del-puerto-los-calcinados-en-la-costa","status":"publish","type":"post","link":"https:\/\/zonaroja.com.mx\/?p=1996","title":{"rendered":"J\u00f3venes de San Miguel del Puerto, los calcinados en la Costa"},"content":{"rendered":"\n<p>Redacci\u00f3n<\/p>\n\n\n\n<p>Oaxaca de\nJu\u00e1rez, Oax., 3 de julio de 2019.- Las dos personas calcinadas en el interior\nde una camioneta el pasado viernes 28 de junio eran j\u00f3venes originarios de\nZimat\u00e1n, localidad del municipio de San Miguel del Puerto.<\/p>\n\n\n\n<p>De acuerdo\ncon la Vicefiscal\u00eda Regional de la Costa, fueron identificados como Freydi H.\nR., de 23 a\u00f1os de edad, y Dami\u00e1n V. Z., de 20 a\u00f1os<\/p>\n\n\n\n<p>Los hechos\nocurrieron el viernes anterior aproximadamente a las 14:30 horas, en un camino\nlocal que comunica a Zimat\u00e1n con Santa Mar\u00eda Xadani, San Miguel del Puerto.<\/p>\n\n\n\n<p>Las v\u00edctimas\nfueron halladas en la camioneta marca Ford color blanco, con placas de\ncirculaci\u00f3n YV-8492 del Estado de M\u00e9xico.<\/p>\n\n\n\n<p>Presuntamente\ndesde la noche del jueves 27 de junio fue quemada la unidad de motor.<\/p>\n\n\n\n<p>La\nVicefiscal\u00eda, dependiente de la Fiscal\u00eda General del Estado, confirm\u00f3 que hasta\nel momento no hay personas detenidas por esos hechos.<\/p>\n","protected":false},"excerpt":{"rendered":"<p>Redacci\u00f3n Oaxaca de Ju\u00e1rez, Oax., 3 de julio de 2019.- Las dos personas calcinadas en&hellip;<\/p>\n","protected":false},"author":2,"featured_media":1997,"comment_status":"closed","ping_status":"open","sticky":false,"template":"","format":"standard","meta":{"_lmt_disableupdate":"","_lmt_disable":"","_jetpack_memberships_contains_paid_content":false,"footnotes":""},"categories":[109,51],"tags":[],"class_list":["post-1996","post","type-post","status-publish","format-standard","has-post-thumbnail","hentry","category-minuto-a-minuto","category-zona-roja"],"jetpack_featured_media_url":"https:\/\/zonaroja.com.mx\/wp-content\/uploads\/2019\/07\/IMG_5472.jpg","jetpack_sharing_enabled":true,"_links":{"self":[{"href":"https:\/\/zonaroja.com.mx\/index.php?rest_route=\/wp\/v2\/posts\/1996","targetHints":{"allow":["GET"]}}],"collection":[{"href":"https:\/\/zonaroja.com.mx\/index.php?rest_route=\/wp\/v2\/posts"}],"about":[{"href":"https:\/\/zonaroja.com.mx\/index.php?rest_route=\/wp\/v2\/types\/post"}],"author":[{"embeddable":true,"href":"https:\/\/zonaroja.com.mx\/index.php?rest_route=\/wp\/v2\/users\/2"}],"replies":[{"embeddable":true,"href":"https:\/\/zonaroja.com.mx\/index.php?rest_route=%2Fwp%2Fv2%2Fcomments&post=1996"}],"version-history":[{"count":1,"href":"https:\/\/zonaroja.com.mx\/index.php?rest_route=\/wp\/v2\/posts\/1996\/revisions"}],"predecessor-version":[{"id":1998,"href":"https:\/\/zonaroja.com.mx\/index.php?rest_route=\/wp\/v2\/posts\/1996\/revisions\/1998"}],"wp:featuredmedia":[{"embeddable":true,"href":"https:\/\/zonaroja.com.mx\/index.php?rest_route=\/wp\/v2\/media\/1997"}],"wp:attachment":[{"href":"https:\/\/zonaroja.com.mx\/index.php?rest_route=%2Fwp%2Fv2%2Fmedia&parent=1996"}],"wp:term":[{"taxonomy":"category","embeddable":true,"href":"https:\/\/zonaroja.com.mx\/index.php?rest_route=%2Fwp%2Fv2%2Fcategories&post=1996"},{"taxonomy":"post_tag","embeddable":true,"href":"https:\/\/zonaroja.com.mx\/index.php?rest_route=%2Fwp%2Fv2%2Ftags&post=1996"}],"curies":[{"name":"wp","href":"https:\/\/api.w.org\/{rel}","templated":true}]}}