{"id":19960,"date":"2020-11-12T07:44:29","date_gmt":"2020-11-12T13:44:29","guid":{"rendered":"http:\/\/www.zonaroja.com.mx\/?p=19960"},"modified":"2020-11-12T07:44:34","modified_gmt":"2020-11-12T13:44:34","slug":"proponen-en-congreso-crear-banco-de-datos-sobre-violencia-contra-personas-trans","status":"publish","type":"post","link":"https:\/\/zonaroja.com.mx\/?p=19960","title":{"rendered":"Proponen en Congreso crear Banco de Datos sobre Violencia Contra Personas Trans"},"content":{"rendered":"\n<p>Redacci\u00f3n\/Zona Roja.<\/p>\n\n\n\n<p>Oaxaca de Ju\u00e1rez, Oax., 12 de noviembre de 2020.- La diputada Magaly L\u00f3pez Dom\u00ednguez present\u00f3 a la Diputaci\u00f3n Permanente de la 64 Legislatura, una iniciativa de ley, con la que se busca crear el Banco Estatal de Datos e Informaci\u00f3n Sobre Casos de Violencia Contra las Personas Trans, as\u00ed como declarar la segunda semana del mes de noviembre como la Semana de la Visibilidad de las Personas Trans en el Estado de Oaxaca.<\/p>\n\n\n\n<p>Con la proposici\u00f3n legislativa antes mencionada, se busca reformar el Art\u00edculo 29 de la Ley para Atender, Prevenir y Eliminar la Discriminaci\u00f3n en el Estado de Oaxaca.<\/p>\n\n\n\n<p>La legisladora del Partido Morena indic\u00f3 que esta medida se da a fin de visibilizar la violencia que viven las personas trasn en Oaxaca, y generar acciones que abonen a la construcci\u00f3n de un mudo m\u00e1s incluyente, m\u00e1s humano e igualitario.<\/p>\n\n\n\n<p>Llam\u00f3 a las autoridades a no ser omisas frente al sinn\u00famero de violencias y violaciones de derechos humanos de las cuales d\u00eda a d\u00eda son v\u00edctimas, pues en todo el pa\u00eds y sobre todo en nuestro estado&nbsp; las personas trans son v\u00edctimas de violencias, incluyendo asaltos, asesinatos, agresiones sexuales y acoso en la v\u00eda p\u00fablica.<\/p>\n\n\n\n<p>Lament\u00f3 que frecuentemente, dichas agresiones se queden sin ser denunciadas o reportadas, debido a que las personas trans muchas veces no saben a d\u00f3nde acudir, y cuando lo hacen, se topan con la indiferencia y la violencia institucional.<\/p>\n\n\n\n<p>Agreg\u00f3 que a esta situaci\u00f3n de violencia&nbsp; se le suman los prejuicios, el odio anti-trans, transmisoginia, racismo, xenofobia que muchas veces ejercen los y las operadoras del derecho, ello se recrudece si se trata de una persona trans ind\u00edgena o afromexicana, con discapacidad o en extrema pobreza.<\/p>\n\n\n\n<p>Urgi\u00f3 la necesidad de generar estad\u00edsticas y diagn\u00f3sticos de violencia que sirvan como base para delinear pol\u00edticas p\u00fablicas con perspectiva de derechos humanos y de g\u00e9nero, a nivel estatal y municipal que coadyuven en la erradicaci\u00f3n de la violencia en contra de las personas trans.<\/p>\n\n\n\n<p>As\u00ed como identificar \u00e1reas geogr\u00e1ficas, patrones y situaciones de riesgo para estas personas y se pueda actuar de manera&nbsp; inmediata.<\/p>\n\n\n\n<p>Coment\u00f3 que&nbsp; frente a una sociedad que normaliza y justifica en muchas ocasiones la violencia en contra de las personas trans, la iniciativa tiene el prop\u00f3sito de declarar la segunda semana del mes de noviembre de cada a\u00f1o como la semana de&nbsp; la Visibilidad de las Personas Trans en el Estado de Oaxaca.<\/p>\n\n\n\n<p>La propuesta legislativa, presentada por la diputada morenista recibida por la Diputaci\u00f3n Permanente, fue turnada a la Comisi\u00f3n Permanente para su an\u00e1lisis y dictamen.<\/p>\n","protected":false},"excerpt":{"rendered":"<p>Redacci\u00f3n\/Zona Roja. Oaxaca de Ju\u00e1rez, Oax., 12 de noviembre de 2020.- La diputada Magaly L\u00f3pez&hellip;<\/p>\n","protected":false},"author":2,"featured_media":19961,"comment_status":"closed","ping_status":"open","sticky":false,"template":"","format":"standard","meta":{"_lmt_disableupdate":"","_lmt_disable":"","_jetpack_memberships_contains_paid_content":false,"footnotes":""},"categories":[109,46],"tags":[192],"class_list":["post-19960","post","type-post","status-publish","format-standard","has-post-thumbnail","hentry","category-minuto-a-minuto","category-zona-blanca","tag-diputada-magaly-lopez-dominguez"],"jetpack_featured_media_url":"https:\/\/zonaroja.com.mx\/wp-content\/uploads\/2020\/11\/FOTO-3-Diputada-Magaly-Lopez.jpeg","jetpack_sharing_enabled":true,"_links":{"self":[{"href":"https:\/\/zonaroja.com.mx\/index.php?rest_route=\/wp\/v2\/posts\/19960","targetHints":{"allow":["GET"]}}],"collection":[{"href":"https:\/\/zonaroja.com.mx\/index.php?rest_route=\/wp\/v2\/posts"}],"about":[{"href":"https:\/\/zonaroja.com.mx\/index.php?rest_route=\/wp\/v2\/types\/post"}],"author":[{"embeddable":true,"href":"https:\/\/zonaroja.com.mx\/index.php?rest_route=\/wp\/v2\/users\/2"}],"replies":[{"embeddable":true,"href":"https:\/\/zonaroja.com.mx\/index.php?rest_route=%2Fwp%2Fv2%2Fcomments&post=19960"}],"version-history":[{"count":1,"href":"https:\/\/zonaroja.com.mx\/index.php?rest_route=\/wp\/v2\/posts\/19960\/revisions"}],"predecessor-version":[{"id":19962,"href":"https:\/\/zonaroja.com.mx\/index.php?rest_route=\/wp\/v2\/posts\/19960\/revisions\/19962"}],"wp:featuredmedia":[{"embeddable":true,"href":"https:\/\/zonaroja.com.mx\/index.php?rest_route=\/wp\/v2\/media\/19961"}],"wp:attachment":[{"href":"https:\/\/zonaroja.com.mx\/index.php?rest_route=%2Fwp%2Fv2%2Fmedia&parent=19960"}],"wp:term":[{"taxonomy":"category","embeddable":true,"href":"https:\/\/zonaroja.com.mx\/index.php?rest_route=%2Fwp%2Fv2%2Fcategories&post=19960"},{"taxonomy":"post_tag","embeddable":true,"href":"https:\/\/zonaroja.com.mx\/index.php?rest_route=%2Fwp%2Fv2%2Ftags&post=19960"}],"curies":[{"name":"wp","href":"https:\/\/api.w.org\/{rel}","templated":true}]}}