{"id":19963,"date":"2020-11-12T07:50:08","date_gmt":"2020-11-12T13:50:08","guid":{"rendered":"http:\/\/www.zonaroja.com.mx\/?p=19963"},"modified":"2020-11-12T07:50:11","modified_gmt":"2020-11-12T13:50:11","slug":"por-desalojo-violento-mujeres-convocan-a-movilizacion-en-capital-de-oaxaca","status":"publish","type":"post","link":"https:\/\/zonaroja.com.mx\/?p=19963","title":{"rendered":"Por desalojo violento, mujeres convocan a movilizaci\u00f3n en capital de Oaxaca"},"content":{"rendered":"\n<p>Evlin Arag\u00f3n\/Zona Roja.<\/p>\n\n\n\n<p>Oaxaca de Ju\u00e1rez, Oax., 12 de noviembre de 2020.- Integrantes del Tianguis Autogestivo y Disidente que fueron desalojadas con exceso de violencia de la v\u00eda p\u00fablica, el s\u00e1bado pasado, por elementos de la polic\u00eda e inspectores del municipio de Oaxaca de Ju\u00e1rez, convocaron a una movilizaci\u00f3n para el pr\u00f3ximo 14 de noviembre, a fin de exigir que se deje de criminalizar el intercambio y trueque de productos que no configuran ning\u00fan tipo de delito.&nbsp;<\/p>\n\n\n\n<p>Mediante un comunicado, llamaron a feministas, personas sexodisidentes, quienes se autogestionan y hayan sido v\u00edctimas de violencia por parte del Estado para participar en un evento pol\u00edtico y cultural contra la represi\u00f3n policiaca que se llevar\u00e1 a cabo a las diez de la ma\u00f1ana, a un costado de la Casa de la Cultura Oaxaque\u00f1a.<\/p>\n\n\n\n<p>De forma contundente, exigieron a las autoridades del municipio de Oaxaca, encabezado por Oswaldo Garc\u00eda Jarqu\u00edn, que respondan por los da\u00f1os causados por sus servidores y devuelvan los productos sustra\u00eddo, reparen los da\u00f1os materiales, se cubran los gastos m\u00e9dicos a causa de la violencia ejercida.<\/p>\n\n\n\n<p>Explicaron que el Tianguis Autogestivo y Disidente se organiza para enfrentar la precarizaci\u00f3n en la que se encuentra la sociedad oaxaque\u00f1a actualmente, misma que se ha complicado con la pandemia; raz\u00f3n por la que apostaron al sustento mediante la autogesti\u00f3n, laborando productos que se intercambian mediante el trueque como una manera viable de cubrir sus necesidades b\u00e1sicas.<\/p>\n\n\n\n<p>\u201cEl Estado de Oaxaca reprime a las productoras locales, pero no tiene inconveniente con las grandes concentraciones en centros comerciales y tiendas de cadenas pertenecientes a los magnates que invaden y saquean nuestros territorios. Tampoco respondes de manera tan contundente y r\u00e1pida contra la delincuencia organiza, la violencia d g\u00e9nero, los feminicidios, como lo hicieron con el Tianguis al desalojarnos\u201d, cita el documento.&nbsp;<\/p>\n\n\n\n<p>De la violencia en su contra, registrada el pasado s\u00e1bado, responsabilizaron a V\u00edctor C\u00e9sar V\u00e1squez Bocanegra, encargado de la subdirecci\u00f3n de Regulaci\u00f3n de la Actividad en V\u00eda P\u00fablica; Joaqu\u00edn Gonz\u00e1lez Santiago, jefe del departamento de Control de la Actividad en V\u00eda P\u00fablica y encargado del operativo; as\u00ed como los inspectores Jonathan D\u00edaz Barrita, Jos\u00e9 Ram\u00f3n Rodr\u00edguez Mart\u00ednez, Juan Eduardo V\u00e1squez Cruz y Ra\u00fal Ramiro Reyes Ramos.\u00a0<\/p>\n\n\n\n<figure class=\"wp-block-image size-large\"><img decoding=\"async\" width=\"683\" height=\"1024\" src=\"http:\/\/www.zonaroja.com.mx\/wp-content\/uploads\/2020\/11\/2-1-683x1024.jpg\" alt=\"\" class=\"wp-image-19965\" srcset=\"https:\/\/zonaroja.com.mx\/wp-content\/uploads\/2020\/11\/2-1-683x1024.jpg 683w, https:\/\/zonaroja.com.mx\/wp-content\/uploads\/2020\/11\/2-1-200x300.jpg 200w, https:\/\/zonaroja.com.mx\/wp-content\/uploads\/2020\/11\/2-1-768x1152.jpg 768w, https:\/\/zonaroja.com.mx\/wp-content\/uploads\/2020\/11\/2-1-1024x1536.jpg 1024w, https:\/\/zonaroja.com.mx\/wp-content\/uploads\/2020\/11\/2-1-1170x1755.jpg 1170w, https:\/\/zonaroja.com.mx\/wp-content\/uploads\/2020\/11\/2-1-585x878.jpg 585w, https:\/\/zonaroja.com.mx\/wp-content\/uploads\/2020\/11\/2-1.jpg 1200w\" sizes=\"(max-width: 683px) 100vw, 683px\" \/><\/figure>\n\n\n\n<p>As\u00ed como a los elementos de las patrullas 199, 207 y 187, que, en conjunto con un grupo de polic\u00edas vestidos de civiles que llegaron en veh\u00edculos particulares, quienes empezaron a golpear a las personas, al tiempo de arrebatar y destruir los productos que encontraban a su paso, adem\u00e1s de llevarse bicicletas que son medio de transporte de mujeres y hombres.<\/p>\n\n\n\n<p>En este mismo sentido, denunciaron p\u00fablicamente a Mar\u00eda Isabel Chagoya M\u00e9ndez, presidenta del Comit\u00e9 de participaci\u00f3n Ciudadana del Sistema Estatal de Combate a la Corrupci\u00f3n, quien arremeti\u00f3 contras las personas agredidas, jact\u00e1ndose de volver a llamar a los polic\u00edas para que las retiraran del lugar.<\/p>\n\n\n\n<p>\u201cEs inaceptable que el Estado criminalice la v\u00eda autogestiva, pero no procure trabajaos dignos y acceso a servicios de atenci\u00f3n b\u00e1sica a la poblaci\u00f3n, adem\u00e1s de empe\u00f1arse en continuar con los proyectos minero de muerte que dejan a muchas personas sin hogar, r\u00edos, fuentes de trabajo y alimento\u201d, concluyeron.&nbsp;<\/p>\n","protected":false},"excerpt":{"rendered":"<p>Evlin Arag\u00f3n\/Zona Roja. Oaxaca de Ju\u00e1rez, Oax., 12 de noviembre de 2020.- Integrantes del Tianguis&hellip;<\/p>\n","protected":false},"author":2,"featured_media":19964,"comment_status":"closed","ping_status":"open","sticky":false,"template":"","format":"standard","meta":{"_lmt_disableupdate":"","_lmt_disable":"","_jetpack_memberships_contains_paid_content":false,"footnotes":""},"categories":[109,47],"tags":[2184],"class_list":["post-19963","post","type-post","status-publish","format-standard","has-post-thumbnail","hentry","category-minuto-a-minuto","category-zona-gris","tag-tianguis-autogestivo-y-disidente-oaxaca"],"jetpack_featured_media_url":"https:\/\/zonaroja.com.mx\/wp-content\/uploads\/2020\/11\/1-3.jpg","jetpack_sharing_enabled":true,"_links":{"self":[{"href":"https:\/\/zonaroja.com.mx\/index.php?rest_route=\/wp\/v2\/posts\/19963","targetHints":{"allow":["GET"]}}],"collection":[{"href":"https:\/\/zonaroja.com.mx\/index.php?rest_route=\/wp\/v2\/posts"}],"about":[{"href":"https:\/\/zonaroja.com.mx\/index.php?rest_route=\/wp\/v2\/types\/post"}],"author":[{"embeddable":true,"href":"https:\/\/zonaroja.com.mx\/index.php?rest_route=\/wp\/v2\/users\/2"}],"replies":[{"embeddable":true,"href":"https:\/\/zonaroja.com.mx\/index.php?rest_route=%2Fwp%2Fv2%2Fcomments&post=19963"}],"version-history":[{"count":1,"href":"https:\/\/zonaroja.com.mx\/index.php?rest_route=\/wp\/v2\/posts\/19963\/revisions"}],"predecessor-version":[{"id":19966,"href":"https:\/\/zonaroja.com.mx\/index.php?rest_route=\/wp\/v2\/posts\/19963\/revisions\/19966"}],"wp:featuredmedia":[{"embeddable":true,"href":"https:\/\/zonaroja.com.mx\/index.php?rest_route=\/wp\/v2\/media\/19964"}],"wp:attachment":[{"href":"https:\/\/zonaroja.com.mx\/index.php?rest_route=%2Fwp%2Fv2%2Fmedia&parent=19963"}],"wp:term":[{"taxonomy":"category","embeddable":true,"href":"https:\/\/zonaroja.com.mx\/index.php?rest_route=%2Fwp%2Fv2%2Fcategories&post=19963"},{"taxonomy":"post_tag","embeddable":true,"href":"https:\/\/zonaroja.com.mx\/index.php?rest_route=%2Fwp%2Fv2%2Ftags&post=19963"}],"curies":[{"name":"wp","href":"https:\/\/api.w.org\/{rel}","templated":true}]}}