{"id":19974,"date":"2020-11-12T14:42:51","date_gmt":"2020-11-12T20:42:51","guid":{"rendered":"http:\/\/www.zonaroja.com.mx\/?p=19974"},"modified":"2020-11-12T14:48:40","modified_gmt":"2020-11-12T20:48:40","slug":"insiste-personal-de-vectores-de-los-sso-en-salida-de-funcionarios","status":"publish","type":"post","link":"https:\/\/zonaroja.com.mx\/?p=19974","title":{"rendered":"Cumple dos d\u00edas paro de trabajadores de Vectores de los SSO"},"content":{"rendered":"\n<p>Evlin Arag\u00f3n\/Zona Roja.<\/p>\n\n\n\n<p>Oaxaca de Ju\u00e1rez, Oax., 12 de noviembre de 2020.- Personal de Vectores y Paludismo de las secciones 71 y 73 del Sindicato Nacional de Trabajadores de la Secretar\u00eda de Salud (Sntsa), reiteraron su exigencia de salida de David Concha Su\u00e1rez, director administrativo de los Servicios de Salud de Oaxaca, a quien acusan de abuso de poder, tr\u00e1fico de influencias y presunto desvi\u00f3 de recursos p\u00fablicos. \u00a0<\/p>\n\n\n\n<p>En conferencia de prensa, Jorge Alfredo D\u00edaz L\u00f3pez, dirigente de la Secci\u00f3n 73, explico que los hermanos Concha Su\u00e1rez, David y Jorge, ambos trabajadores de la dependencia han cometido abuso de poder en contra de los trabajadores y s\u00f3lo buscan cubrir sus intereses pol\u00edticos personales sin mostrar inter\u00e9s en la salud de las y los oaxaque\u00f1os.; no obstante, no ofrecieron pruebas de sus dichos.<\/p>\n\n\n\n<p>\u201cLa historia de corrupci\u00f3n se vuelve a repetir con la llegada a la direcci\u00f3n administrativa de David Concha Su\u00e1rez, quien desconoce completamente las necesidades b\u00e1sicas y de la estructura org\u00e1nica del \u00e1rea de vectores a cargo de su hermano Jorge Concha Su\u00e1rez\u201d, refiri\u00f3 ante los medios de comunicaci\u00f3n.&nbsp;<\/p>\n\n\n\n<p>El representante de la base trabajadora denunci\u00f3 que los hermanos Concha Su\u00e1rez no respetan la autonom\u00eda sindical, puesto que se les acusa de inmiscuirse en el aspecto pol\u00edtico al interior del gremio, ya que han realizado la destituci\u00f3n de coordinadores del programa de Vectores para beneficios pol\u00edticos y violando los derechos laborales.\u00a0<\/p>\n\n\n\n<figure class=\"wp-block-embed-twitter wp-block-embed is-type-rich is-provider-twitter\"><div class=\"wp-block-embed__wrapper\">\n<div class=\"twitter-tweet\"><blockquote class=\"twitter-tweet\" data-lang=\"es\"><p lang=\"es\" dir=\"ltr\"><a href=\"https:\/\/twitter.com\/hashtag\/ENVIVO?src=hash&amp;ref_src=twsrc%5Etfw\">#ENVIVO<\/a><br>Oaxaca de Ju\u00e1rez, Oax., 12 de noviembre de 2020.- Conferencia de prensa de representantes de la Secci\u00f3n 73 del Sindicato Nacional de Trabajadores de la Secretar\u00eda de Salud, respecto al paro de labores del \u00e1rea de Vectores.<br><br>Aqu\u00ed la transmisi\u00f3n \ud83d\udc47<a href=\"https:\/\/t.co\/U6QXpu47Pp\">https:\/\/t.co\/U6QXpu47Pp<\/a> <a href=\"https:\/\/t.co\/0ZKNlhLLKc\">pic.twitter.com\/0ZKNlhLLKc<\/a><\/p>&mdash; Zona Roja Oaxaca (@MexRoja) <a href=\"https:\/\/twitter.com\/MexRoja\/status\/1326924418652774401?ref_src=twsrc%5Etfw\">12 de noviembre de 2020<\/a><\/blockquote><\/div>\n<\/div><\/figure>\n\n\n\n<p>As\u00ed mismo, D\u00edaz L\u00f3pez evidenci\u00f3 el nepotismo que se registra al interior de la dependencia, adem\u00e1s de la corrupci\u00f3n que se empieza a avizorar por parte del funcionario, hoy al frente de \u00e1rea de administraci\u00f3n de los SSO, que cuenta con un proceso penal, lo cual lo cual lo tendr\u00eda que llevar a una inhabilitaci\u00f3n de funciones de forma inmediata.&nbsp;<\/p>\n\n\n\n<p>Finalmente, manifest\u00f3 la presunta protecci\u00f3n por parte de mandos superiores para los funcionarios se\u00f1alados, por lo que la base trabajadora se organiz\u00f3 y decidi\u00f3 movilizarse para defender sus derechos laborales, en riesgo por personajes que no conocen el funcionamiento del \u00e1rea y tampoco les interesa.&nbsp;<\/p>\n\n\n\n<p>Por lo anterior, dieron a conocer su pliego petitorio de 22 puntos, el cual incluye como una las principales demandas el reconocimiento del gremio y sus derechos adquiridos a lo largo de los a\u00f1os; as\u00ed como la destituci\u00f3n inmediata de David y Jorge Concha Su\u00e1rez de las \u00e1reas Administrativa y de Vectores, respectivamente.<\/p>\n\n\n\n<p>As\u00ed mismo, la destituci\u00f3n de Neira Yaneli Castellanos Nava, jefa de la jurisdicci\u00f3n sanitaria 04, Costa, por esta en contubernio con los hermanos Concha Su\u00e1rez; respeto total a la estructura del programa de Vectores y auditoria del \u00e1rea; pago o soluci\u00f3n a terceros institucionales de la deuda hist\u00f3rico; pago del bono Covid-19 del cual han sido excluidos, entre otras.&nbsp;<\/p>\n","protected":false},"excerpt":{"rendered":"<p>Evlin Arag\u00f3n\/Zona Roja. Oaxaca de Ju\u00e1rez, Oax., 12 de noviembre de 2020.- Personal de Vectores&hellip;<\/p>\n","protected":false},"author":2,"featured_media":19975,"comment_status":"closed","ping_status":"open","sticky":false,"template":"","format":"standard","meta":{"_lmt_disableupdate":"","_lmt_disable":"","_jetpack_memberships_contains_paid_content":false,"footnotes":""},"categories":[109,47],"tags":[],"class_list":["post-19974","post","type-post","status-publish","format-standard","has-post-thumbnail","hentry","category-minuto-a-minuto","category-zona-gris"],"jetpack_featured_media_url":"https:\/\/zonaroja.com.mx\/wp-content\/uploads\/2020\/11\/Conferencia-Vectores.jpg","jetpack_sharing_enabled":true,"_links":{"self":[{"href":"https:\/\/zonaroja.com.mx\/index.php?rest_route=\/wp\/v2\/posts\/19974","targetHints":{"allow":["GET"]}}],"collection":[{"href":"https:\/\/zonaroja.com.mx\/index.php?rest_route=\/wp\/v2\/posts"}],"about":[{"href":"https:\/\/zonaroja.com.mx\/index.php?rest_route=\/wp\/v2\/types\/post"}],"author":[{"embeddable":true,"href":"https:\/\/zonaroja.com.mx\/index.php?rest_route=\/wp\/v2\/users\/2"}],"replies":[{"embeddable":true,"href":"https:\/\/zonaroja.com.mx\/index.php?rest_route=%2Fwp%2Fv2%2Fcomments&post=19974"}],"version-history":[{"count":3,"href":"https:\/\/zonaroja.com.mx\/index.php?rest_route=\/wp\/v2\/posts\/19974\/revisions"}],"predecessor-version":[{"id":19978,"href":"https:\/\/zonaroja.com.mx\/index.php?rest_route=\/wp\/v2\/posts\/19974\/revisions\/19978"}],"wp:featuredmedia":[{"embeddable":true,"href":"https:\/\/zonaroja.com.mx\/index.php?rest_route=\/wp\/v2\/media\/19975"}],"wp:attachment":[{"href":"https:\/\/zonaroja.com.mx\/index.php?rest_route=%2Fwp%2Fv2%2Fmedia&parent=19974"}],"wp:term":[{"taxonomy":"category","embeddable":true,"href":"https:\/\/zonaroja.com.mx\/index.php?rest_route=%2Fwp%2Fv2%2Fcategories&post=19974"},{"taxonomy":"post_tag","embeddable":true,"href":"https:\/\/zonaroja.com.mx\/index.php?rest_route=%2Fwp%2Fv2%2Ftags&post=19974"}],"curies":[{"name":"wp","href":"https:\/\/api.w.org\/{rel}","templated":true}]}}