{"id":19988,"date":"2020-11-12T20:25:33","date_gmt":"2020-11-13T02:25:33","guid":{"rendered":"http:\/\/www.zonaroja.com.mx\/?p=19988"},"modified":"2020-11-12T20:25:36","modified_gmt":"2020-11-13T02:25:36","slug":"pobladores-de-tezoatlan-en-la-mixteca-vuelven-a-manifestarse-con-bloqueos","status":"publish","type":"post","link":"https:\/\/zonaroja.com.mx\/?p=19988","title":{"rendered":"Pobladores de Tezoatl\u00e1n, en la Mixteca, vuelven a manifestarse con bloqueos"},"content":{"rendered":"\n<p>Yuridiana Sosa\/Zona Roja.<\/p>\n\n\n\n<p>Oaxaca de Ju\u00e1rez, Oax., 12 de noviembre de 2020.- Habitantes del municipio de Tezoatl\u00e1n de Segura y Luna, en la regi\u00f3n Mixteca, instalaron un bloqueo en la carretera federal 190 Huajuapan \u2013Oaxaca, para exigir atenci\u00f3n del Gobierno del Estado.<\/p>\n\n\n\n<p>Para exigir, de nueva cuenta, recursos presupuestales, un grupo de pobladores se apoder\u00f3 de la vialidad desde la ma\u00f1ana de este jueves, lo que provoc\u00f3 que decenas de veh\u00edculos quedaran varados en la zona.<\/p>\n\n\n\n<p>En el transcurso de los \u00faltimos dos meses, los habitantes de este municipio han efectuado una serie de manifestaciones, en las que se incluye la retenci\u00f3n de autoridades municipales y de forma espec\u00edfica, en dos ocasiones, de la presidenta municipal Alexa Cisneros Cruz.<\/p>\n\n\n\n<p>Las manifestaciones se han enfocado en denunciar la falta de aplicaci\u00f3n de los recursos los Ramos 28 y 33 correspondiente al ejercicio social 2019 y 2020, los cuales exigen se proporcionen de manera inmediata.<\/p>\n\n\n\n<p>David Jacinto Cruz, agente de Juquila de Le\u00f3n, expuso en entrevista que la alcaldesa a\u00fan no ha dado respuesta durante todo el a\u00f1o acerca de la distribuci\u00f3n de los recursos.<\/p>\n\n\n\n<p>\u201cSe lleg\u00f3 al l\u00edmite de esa espera, de confiar en su palabra, porque ayer todav\u00eda se le hizo un llamado para que se reuniera con nosotros pero no quiso\u201d, expuso, al detallar que son 20 agencias de Tezoatl\u00e1n, a los que se le adeudan de dos o m\u00e1s meses.<\/p>\n\n\n\n<p>Pero estas protestas tambi\u00e9n se han caracterizado por ser lideradas por la agente municipal Elo\u00edna Le\u00f3n V\u00e1squez y el Movimiento Agrario Ind\u00edgena Zapatista (MAIZ), que dirige Omar Esparza.<\/p>\n\n\n\n<p>En agosto se registr\u00f3 la retenci\u00f3n de autoridades municipales por parte de habitantes de la agencia de San Juan Cuitito, quienes primero \u201ctomaron\u201d el palacio municipal y posteriormente retuvieron a integrantes del Cabildo y una decena de servidores p\u00fablicos.<\/p>\n\n\n\n<p>El pasado 7 de septiembre, Alexa Cisneros R\u00edos, presidenta municipal, fue privada de su libertad junto a su secretaria municipal, Briana Morales Reyes, ahora por pobladores de la agencia de Yucuquimi de Ocampo; hecho que se repiti\u00f3 el 23 de octubre contra la edil, y fue liberada tras cinco d\u00edas despu\u00e9s de una tard\u00eda intervenci\u00f3n de la Secretar\u00eda General de Gobierno de Oaxaca.<\/p>\n","protected":false},"excerpt":{"rendered":"<p>Yuridiana Sosa\/Zona Roja. Oaxaca de Ju\u00e1rez, Oax., 12 de noviembre de 2020.- Habitantes del municipio&hellip;<\/p>\n","protected":false},"author":2,"featured_media":19989,"comment_status":"closed","ping_status":"open","sticky":false,"template":"","format":"standard","meta":{"_lmt_disableupdate":"","_lmt_disable":"","_jetpack_memberships_contains_paid_content":false,"footnotes":""},"categories":[109,47],"tags":[1936],"class_list":["post-19988","post","type-post","status-publish","format-standard","has-post-thumbnail","hentry","category-minuto-a-minuto","category-zona-gris","tag-tezoatlan-de-segura-y-luna"],"jetpack_featured_media_url":"https:\/\/zonaroja.com.mx\/wp-content\/uploads\/2020\/11\/Bloqueo-Tezoatlan.jpg","jetpack_sharing_enabled":true,"_links":{"self":[{"href":"https:\/\/zonaroja.com.mx\/index.php?rest_route=\/wp\/v2\/posts\/19988","targetHints":{"allow":["GET"]}}],"collection":[{"href":"https:\/\/zonaroja.com.mx\/index.php?rest_route=\/wp\/v2\/posts"}],"about":[{"href":"https:\/\/zonaroja.com.mx\/index.php?rest_route=\/wp\/v2\/types\/post"}],"author":[{"embeddable":true,"href":"https:\/\/zonaroja.com.mx\/index.php?rest_route=\/wp\/v2\/users\/2"}],"replies":[{"embeddable":true,"href":"https:\/\/zonaroja.com.mx\/index.php?rest_route=%2Fwp%2Fv2%2Fcomments&post=19988"}],"version-history":[{"count":1,"href":"https:\/\/zonaroja.com.mx\/index.php?rest_route=\/wp\/v2\/posts\/19988\/revisions"}],"predecessor-version":[{"id":19990,"href":"https:\/\/zonaroja.com.mx\/index.php?rest_route=\/wp\/v2\/posts\/19988\/revisions\/19990"}],"wp:featuredmedia":[{"embeddable":true,"href":"https:\/\/zonaroja.com.mx\/index.php?rest_route=\/wp\/v2\/media\/19989"}],"wp:attachment":[{"href":"https:\/\/zonaroja.com.mx\/index.php?rest_route=%2Fwp%2Fv2%2Fmedia&parent=19988"}],"wp:term":[{"taxonomy":"category","embeddable":true,"href":"https:\/\/zonaroja.com.mx\/index.php?rest_route=%2Fwp%2Fv2%2Fcategories&post=19988"},{"taxonomy":"post_tag","embeddable":true,"href":"https:\/\/zonaroja.com.mx\/index.php?rest_route=%2Fwp%2Fv2%2Ftags&post=19988"}],"curies":[{"name":"wp","href":"https:\/\/api.w.org\/{rel}","templated":true}]}}