{"id":1999,"date":"2019-07-03T16:22:10","date_gmt":"2019-07-03T21:22:10","guid":{"rendered":"http:\/\/www.zonaroja.com.mx\/?p=1999"},"modified":"2019-07-03T16:22:12","modified_gmt":"2019-07-03T21:22:12","slug":"se-niegan-a-cumplir-recomendacion-contra-abraham-martinez-helmes","status":"publish","type":"post","link":"https:\/\/zonaroja.com.mx\/?p=1999","title":{"rendered":"Se niegan a cumplir recomendaci\u00f3n contra Abraham Mart\u00ednez Helmes"},"content":{"rendered":"\n<p>Redacci\u00f3n<\/p>\n\n\n\n<p>Oaxaca de\nJu\u00e1rez, Oax., 3 de julio de 2019.- Catedr\u00e1ticos v\u00edctimas de violaciones a sus\ngarant\u00edas, por parte de la Rector\u00eda de la UABJO que encabez\u00f3 Abraham Mart\u00ednez\nHelmes \u2013actual director de Redes&#8211;, y del director de la Facultad de Derecho,\nCarlos P\u00e9rez Campos Mayoral, denunciaron que hasta el momento no se ha cumplido\ncon la recomendaci\u00f3n 8\/2017 de la Defensor\u00eda de los Derechos Humanos del Pueblo\nde Oaxaca (DDHPO) en contra de ellos.<\/p>\n\n\n\n<p>Aseguraron\nque debido al conflicto al interior de la Facultad, que data de 2010, al formar\nparte del grupo disidente, fueron despojados de sus cargas acad\u00e9micas por\ndichas autoridades, lo cual ha dado origen a la contrataci\u00f3n de \u201cpseudo\ncatedr\u00e1ticos\u201d fuera de la legalidad y sin cumplir con los tr\u00e1mites\nadministrativos correspondientes.<\/p>\n\n\n\n<p>As\u00ed mismo,\ndenunciaron el manejo discrecional de los recursos propios por concepto de\ninscripciones, reinscripciones, ex\u00e1menes profesionales y tr\u00e1mites\nadministrativos, recursos de los cuales no se rinde cuentas a nadie, actos de\nlos cuales aseguran tuvo conocimiento Mart\u00ednez Helmes y no hizo nada.<\/p>\n\n\n\n<p>Por lo\nanterior insistieron en solicitar una auditor\u00eda no s\u00f3lo del recurso sino de las\nactas de ex\u00e1menes que maneja la Direcci\u00f3n de Redes \u2013que dirige Mart\u00ednez\nHelmes&#8211;, donde se podr\u00eda comprobar las contrataciones irregulares como parte\nde las pr\u00e1cticas corruptas al interior de la Facultad de Derecho.<\/p>\n\n\n\n<p>Asimismo, exigieron\nal titular del \u00d3rgano Superior de Fiscalizaci\u00f3n del Estado de Oaxaca (OSFE),\nGuillermo Megch\u00fan Vel\u00e1squez, la realizaci\u00f3n de una auditor\u00eda integral a los\nrecursos propios que maneja la instituci\u00f3n, dependiente de la Universidad\nAut\u00f3noma \u201cBenito Ju\u00e1rez\u201d de Oaxaca.<\/p>\n","protected":false},"excerpt":{"rendered":"<p>Redacci\u00f3n Oaxaca de Ju\u00e1rez, Oax., 3 de julio de 2019.- Catedr\u00e1ticos v\u00edctimas de violaciones a&hellip;<\/p>\n","protected":false},"author":2,"featured_media":2000,"comment_status":"closed","ping_status":"open","sticky":false,"template":"","format":"standard","meta":{"_lmt_disableupdate":"","_lmt_disable":"","_jetpack_memberships_contains_paid_content":false,"footnotes":""},"categories":[109,47],"tags":[296,295,282],"class_list":["post-1999","post","type-post","status-publish","format-standard","has-post-thumbnail","hentry","category-minuto-a-minuto","category-zona-gris","tag-abraham-martinez-helmes","tag-facultad-de-derecho-y-ciencias-sociales","tag-universidad-autonoma-benito-juarez-de-oaxaca"],"jetpack_featured_media_url":"https:\/\/zonaroja.com.mx\/wp-content\/uploads\/2019\/07\/IMG_0481.jpg","jetpack_sharing_enabled":true,"_links":{"self":[{"href":"https:\/\/zonaroja.com.mx\/index.php?rest_route=\/wp\/v2\/posts\/1999","targetHints":{"allow":["GET"]}}],"collection":[{"href":"https:\/\/zonaroja.com.mx\/index.php?rest_route=\/wp\/v2\/posts"}],"about":[{"href":"https:\/\/zonaroja.com.mx\/index.php?rest_route=\/wp\/v2\/types\/post"}],"author":[{"embeddable":true,"href":"https:\/\/zonaroja.com.mx\/index.php?rest_route=\/wp\/v2\/users\/2"}],"replies":[{"embeddable":true,"href":"https:\/\/zonaroja.com.mx\/index.php?rest_route=%2Fwp%2Fv2%2Fcomments&post=1999"}],"version-history":[{"count":1,"href":"https:\/\/zonaroja.com.mx\/index.php?rest_route=\/wp\/v2\/posts\/1999\/revisions"}],"predecessor-version":[{"id":2001,"href":"https:\/\/zonaroja.com.mx\/index.php?rest_route=\/wp\/v2\/posts\/1999\/revisions\/2001"}],"wp:featuredmedia":[{"embeddable":true,"href":"https:\/\/zonaroja.com.mx\/index.php?rest_route=\/wp\/v2\/media\/2000"}],"wp:attachment":[{"href":"https:\/\/zonaroja.com.mx\/index.php?rest_route=%2Fwp%2Fv2%2Fmedia&parent=1999"}],"wp:term":[{"taxonomy":"category","embeddable":true,"href":"https:\/\/zonaroja.com.mx\/index.php?rest_route=%2Fwp%2Fv2%2Fcategories&post=1999"},{"taxonomy":"post_tag","embeddable":true,"href":"https:\/\/zonaroja.com.mx\/index.php?rest_route=%2Fwp%2Fv2%2Ftags&post=1999"}],"curies":[{"name":"wp","href":"https:\/\/api.w.org\/{rel}","templated":true}]}}