{"id":19991,"date":"2020-11-12T21:04:18","date_gmt":"2020-11-13T03:04:18","guid":{"rendered":"http:\/\/www.zonaroja.com.mx\/?p=19991"},"modified":"2020-11-12T21:04:22","modified_gmt":"2020-11-13T03:04:22","slug":"politizar-el-feminicidio-principal-error-del-gobierno-de-oaxaca-especialistas","status":"publish","type":"post","link":"https:\/\/zonaroja.com.mx\/?p=19991","title":{"rendered":"Politizar el feminicidio, principal error del gobierno de Oaxaca: especialistas"},"content":{"rendered":"\n<p>Evlin Arag\u00f3n\/Zona Roja.<\/p>\n\n\n\n<p>Oaxaca de Ju\u00e1rez, Oax., 12 de noviembre de 2020.- \u00abPensar que el feminicidio es un asunto pol\u00edtico y no una problem\u00e1tica social en perjuicio directo de m\u00e1s de la mitad de la poblaci\u00f3n en el pa\u00eds y en el estado, es el principal factor por lo que los gobiernos no han logrado la reducci\u00f3n de la violencia de g\u00e9nero y feminicida\u00bb.<\/p>\n\n\n\n<p>As\u00ed lo expresaron las especialistas Yesica S\u00e1nchez Maya y Soledad Jarqu\u00edn Edgar, en la charla organizada por el Grupo de Estudios sobre la Mujer \u201cRosario Castellanos\u201d, en donde coincidieron que el Gobierno del Estado justifica y legitima la violencia hacia las mujeres al no garantizar su vida libre de violencia y reducir las cifras a conveniencia.\u00a0<\/p>\n\n\n\n<p>Para la activista Yesica S\u00e1nchez Maya, el que las autoridades lleven el tema de los feminicidios a la l\u00ednea de lo pol\u00edtico se traduce \u00fanicamente en la permanente b\u00fasqueda de no afectar la imagen del gobernador en turno, de ah\u00ed que se atrevan a bajar las cifras de casos a conveniencia, dejando de lado la sanci\u00f3n y contribuyendo en la impunidad.<\/p>\n\n\n\n<p>\u201cLa Fiscal\u00eda no termina de ver que, al reconocer los asesinatos como feminicidios, no le resta a la dependencia, al contrario, abre una gran gama de l\u00edneas de investigaci\u00f3n que les permitir\u00eda incluso comprobar que se trat\u00f3 o no de un crimen de odio\u201d, dijo.&nbsp;<\/p>\n\n\n\n<p>En este sentido, critic\u00f3 que la Fiscal\u00eda General del Estado, encabezada por Rub\u00e9n Vasconcelos M\u00e9ndez, con tal de cuidar la imagen del gobernador, no aplica la premisa que toda muerte violenta se debe investigar como feminicidio.<\/p>\n\n\n\n<p>Ello pese a las sentencias emitidas por la por parte de la Suprema Corte de Justicia de la Naci\u00f3n y Naciones Unidas, as\u00ed como la reciente reforma al art\u00edculo 57 de la Ley General de Acceso a una Vida Libre de Violencia de G\u00e9nero.<\/p>\n\n\n\n<p>\u201cTodo se ha tenido que ir adaptando para que no exista manera que la Fiscal\u00eda evada su obligaci\u00f3n y deje de haber casos llenos de machismo y misoginia en los que no se recaban las pruebas, no se eval\u00faa el contexto, no hacen las pruebas periciales, porque de facto niegan el feminicidio, normalizan y justifican la violencia de g\u00e9nero\u201d, sentenci\u00f3.\u00a0<\/p>\n\n\n\n<figure class=\"wp-block-embed-twitter wp-block-embed is-type-rich is-provider-twitter\"><div class=\"wp-block-embed__wrapper\">\n<div class=\"twitter-tweet\"><blockquote class=\"twitter-tweet\" data-lang=\"es\"><p lang=\"es\" dir=\"ltr\">Ya estamos en el conversatorio con la periodista y activista <a href=\"https:\/\/twitter.com\/jarquinedgar?ref_src=twsrc%5Etfw\">@jarquinedgar<\/a>  junto con la defensora Yesica S\u00e1nchez Maya de la organizaci\u00f3n de <a href=\"https:\/\/twitter.com\/consorciooaxaca?ref_src=twsrc%5Etfw\">@consorciooaxaca<\/a> para hablar sobre el grave problema que representa la violencia feminicida. <br><br>Sigue la transmisi\u00f3n<a href=\"https:\/\/t.co\/VTKL8DrU0A\">https:\/\/t.co\/VTKL8DrU0A<\/a> <a href=\"https:\/\/t.co\/Rte1Wsanq8\">pic.twitter.com\/Rte1Wsanq8<\/a><\/p>&mdash; GESMujer (@GES_Mujer) <a href=\"https:\/\/twitter.com\/GES_Mujer\/status\/1326666232259555329?ref_src=twsrc%5Etfw\">11 de noviembre de 2020<\/a><\/blockquote><\/div>\n<\/div><\/figure>\n\n\n\n<p>Mientras que Soledad Jarqu\u00edn coincidi\u00f3 en que existe una realidad negada por las autoridades, quienes prefieren quedar bien en informes que atender verdaderamente la problem\u00e1tica, lo cual representa un fallo estructural en cualquier gobierno.&nbsp;<\/p>\n\n\n\n<p>Prueba de ello las cifras del Observatorio Ciudadano Nacional de Feminicidios que refieren que, de los m\u00e1s de 15 mil asesinatos violentos de mujeres, registrados en M\u00e9xico del 2015 al 2019, poco m\u00e1s del 23 por ciento se investigan y se reconocen como feminicidios.<\/p>\n\n\n\n<p>\u201cYo no s\u00e9 d\u00f3nde quieren colocar m\u00e1s del 70 por ciento de estos asesinatos, los colocan como asesinatos dolosos cuando hay evidencias claras que se cometieron feminicidio de acuerdo con la ley\u201d, refiri\u00f3 la periodista oaxaque\u00f1a.&nbsp;<\/p>\n\n\n\n<p>As\u00ed mismo, detall\u00f3 que la tipificaci\u00f3n del feminicidio lo coloca como un crimen de Estado, ya que desculpabiliza a las mujeres y responsabiliza a los gobiernos, de ah\u00ed que quieren a como d\u00e9 lugar reducir las cifras sin importar que la falta de sanci\u00f3n a los feminicidas se traduce en la permisibilidad de la violencia contra las mujeres por parte de las autoridades de los tres niveles de gobierno.&nbsp;<\/p>\n\n\n\n<p>Politizar la problem\u00e1tica social, en lugar de atenderla, es una constante del gobierno actual, de ah\u00ed que la Alerta de Violencia de G\u00e9nero s\u00f3lo fue aceptada para quedar bien, pero no con el compromiso de cumplir las recomendaciones que trae consigo.<\/p>\n\n\n\n<p>\u201cLa alerta es una muestra m\u00e1s de la falla del Estado. No ha cuidado la vida de las mujeres e inventan y crean un mecanismo que est\u00e1 mal interpretado por las autoridades a conveniencia. Pudieron utilizarla a favor, pero no fue as\u00ed. Con todo y mecanismo de emergencia hay m\u00e1s de 200 feminicidios desde su decreto\u201d, concluy\u00f3.&nbsp;<\/p>\n","protected":false},"excerpt":{"rendered":"<p>Evlin Arag\u00f3n\/Zona Roja. Oaxaca de Ju\u00e1rez, Oax., 12 de noviembre de 2020.- \u00abPensar que el&hellip;<\/p>\n","protected":false},"author":2,"featured_media":19992,"comment_status":"closed","ping_status":"open","sticky":false,"template":"","format":"standard","meta":{"_lmt_disableupdate":"","_lmt_disable":"","_jetpack_memberships_contains_paid_content":false,"footnotes":""},"categories":[109,47],"tags":[1001],"class_list":["post-19991","post","type-post","status-publish","format-standard","has-post-thumbnail","hentry","category-minuto-a-minuto","category-zona-gris","tag-grupo-de-estudios-sobre-la-mujer-rosario-castellanos"],"jetpack_featured_media_url":"https:\/\/zonaroja.com.mx\/wp-content\/uploads\/2020\/11\/Conversatorio-GES-Mujer.jpg","jetpack_sharing_enabled":true,"_links":{"self":[{"href":"https:\/\/zonaroja.com.mx\/index.php?rest_route=\/wp\/v2\/posts\/19991","targetHints":{"allow":["GET"]}}],"collection":[{"href":"https:\/\/zonaroja.com.mx\/index.php?rest_route=\/wp\/v2\/posts"}],"about":[{"href":"https:\/\/zonaroja.com.mx\/index.php?rest_route=\/wp\/v2\/types\/post"}],"author":[{"embeddable":true,"href":"https:\/\/zonaroja.com.mx\/index.php?rest_route=\/wp\/v2\/users\/2"}],"replies":[{"embeddable":true,"href":"https:\/\/zonaroja.com.mx\/index.php?rest_route=%2Fwp%2Fv2%2Fcomments&post=19991"}],"version-history":[{"count":1,"href":"https:\/\/zonaroja.com.mx\/index.php?rest_route=\/wp\/v2\/posts\/19991\/revisions"}],"predecessor-version":[{"id":19993,"href":"https:\/\/zonaroja.com.mx\/index.php?rest_route=\/wp\/v2\/posts\/19991\/revisions\/19993"}],"wp:featuredmedia":[{"embeddable":true,"href":"https:\/\/zonaroja.com.mx\/index.php?rest_route=\/wp\/v2\/media\/19992"}],"wp:attachment":[{"href":"https:\/\/zonaroja.com.mx\/index.php?rest_route=%2Fwp%2Fv2%2Fmedia&parent=19991"}],"wp:term":[{"taxonomy":"category","embeddable":true,"href":"https:\/\/zonaroja.com.mx\/index.php?rest_route=%2Fwp%2Fv2%2Fcategories&post=19991"},{"taxonomy":"post_tag","embeddable":true,"href":"https:\/\/zonaroja.com.mx\/index.php?rest_route=%2Fwp%2Fv2%2Ftags&post=19991"}],"curies":[{"name":"wp","href":"https:\/\/api.w.org\/{rel}","templated":true}]}}