{"id":19997,"date":"2020-11-12T22:23:15","date_gmt":"2020-11-13T04:23:15","guid":{"rendered":"http:\/\/www.zonaroja.com.mx\/?p=19997"},"modified":"2020-11-12T22:23:21","modified_gmt":"2020-11-13T04:23:21","slug":"dos-asesinados-y-dos-asaltos-violentos-saldo-del-jueves-en-oaxaca","status":"publish","type":"post","link":"https:\/\/zonaroja.com.mx\/?p=19997","title":{"rendered":"Dos asesinados y dos asaltos violentos, saldo del jueves en Oaxaca"},"content":{"rendered":"\n<p>Redacci\u00f3n\/Zona Roja.<\/p>\n\n\n\n<p>Oaxaca de Ju\u00e1rez, Oax., 12 de noviembre de 2020.- Dos personas perdieron la vida de manera violenta en las regiones Valles Centrales e Istmo de Tehuantepec, mientras que en la regi\u00f3n Cuenca se perpetraron dos asaltos armados a comercios.<\/p>\n\n\n\n<p>La ma\u00f1ana de hoy, en inmediaciones de la agencia Vicente Guerrero de la Villa de Zaachila, fue baleada una persona, que minutos m\u00e1s tarde perdi\u00f3 la vida; hasta esta noche a\u00fan no ha sido identificado formalmente.<\/p>\n\n\n\n<p>Mientras que en el entronque de la v\u00eda Trans\u00edstmica con la comunidad de Lagunas, El Barrio la Soledad, fue hallado el cuerpo de un individuo, con huellas de tortura.<\/p>\n\n\n\n<p>Seg\u00fan los datos preliminares de la Vicefiscal\u00eda Regional del Istmo, se trata de Rufino Carrasco Villaseca, de 48 a\u00f1os de edad, quien tuvo su domicilio en la colonia Barrio Ju\u00e1rez Sur de Mat\u00edas Romero.<\/p>\n\n\n\n<p>Hasta el momento se desconoce qui\u00e9n o qui\u00e9nes le dieron muerte y s\u00f3lo se tienen como indicios que la v\u00edspera hab\u00eda sido reportado como desaparecido o secuestrado; era propietario de un taller de reparaci\u00f3n y venta de radiadores.<\/p>\n\n\n\n<p>TUXTEPEC INSEGURO<\/p>\n\n\n\n<p>Por otra parte, la inseguridad persiste en Tuxtepec, donde la tarde de este jueves se perpetr\u00f3 el asalto a mano armada a una tienda departamental ubicada en el pleno centro de este municipio.<\/p>\n\n\n\n<p>Un empleado herido con arma blanca, varias personas en crisis nerviosa y una cuantiosa suma de dinero fue el saldo preliminar del asalto cometido por un sujeto, quien tambi\u00e9n portaba arma de fuego.<\/p>\n\n\n\n<p>El reporte policial indic\u00f3 que presuntamente un hombre vestido con el uniforme de la tienda Coppel ingres\u00f3 al establecimiento ubicado en la calle de Aldama, donde amag\u00f3 a los empleados, a uno de ellos lo hiri\u00f3 para despu\u00e9s darse a la fuga con rumbo desconocido.<\/p>\n\n\n\n<p>Al lugar arrib\u00f3 el cuerpo de emergencia de la Cruz Roja Mexicana para dar auxilio, as\u00ed como llegaron elementos de la Polic\u00eda Municipal y Estatal, que adem\u00e1s establecieron un operativo para tratar de ubicar al delincuente, pero no tuvieron \u00e9xito.<\/p>\n\n\n\n<p>Esta tienda tambi\u00e9n fue v\u00edctima de un violento asalto en el mes de julio del a\u00f1o pasado, donde elementos de seguridad de una empresa de valores lograron herir y detener a uno de los asaltantes.<\/p>\n\n\n\n<p>OTRO CASO<\/p>\n\n\n\n<p>Por la noche ocurri\u00f3 un segundo asalto, ahora a una tienda de conveniencia OXXO, ubicado en el bulevar S\u00f3stenes Bravo del fraccionamiento Fovissste, en Tuxtepec.<\/p>\n\n\n\n<p>Fueron al menos dos presuntos delincuentes que ingresaron al establecimiento, amagaron con armas a los empleados, se apoderaron de art\u00edculos y dinero, tras lo cual huyeron. En ambos casos no hay personas detenidas.<\/p>\n","protected":false},"excerpt":{"rendered":"<p>Redacci\u00f3n\/Zona Roja. Oaxaca de Ju\u00e1rez, Oax., 12 de noviembre de 2020.- Dos personas perdieron la&hellip;<\/p>\n","protected":false},"author":2,"featured_media":19998,"comment_status":"closed","ping_status":"open","sticky":false,"template":"","format":"standard","meta":{"_lmt_disableupdate":"","_lmt_disable":"","_jetpack_memberships_contains_paid_content":false,"footnotes":""},"categories":[109,51],"tags":[1382],"class_list":["post-19997","post","type-post","status-publish","format-standard","has-post-thumbnail","hentry","category-minuto-a-minuto","category-zona-roja","tag-lagunas-el-barrio-la-soledad"],"jetpack_featured_media_url":"https:\/\/zonaroja.com.mx\/wp-content\/uploads\/2020\/11\/ASesinado-El-Barrio.jpg","jetpack_sharing_enabled":true,"_links":{"self":[{"href":"https:\/\/zonaroja.com.mx\/index.php?rest_route=\/wp\/v2\/posts\/19997","targetHints":{"allow":["GET"]}}],"collection":[{"href":"https:\/\/zonaroja.com.mx\/index.php?rest_route=\/wp\/v2\/posts"}],"about":[{"href":"https:\/\/zonaroja.com.mx\/index.php?rest_route=\/wp\/v2\/types\/post"}],"author":[{"embeddable":true,"href":"https:\/\/zonaroja.com.mx\/index.php?rest_route=\/wp\/v2\/users\/2"}],"replies":[{"embeddable":true,"href":"https:\/\/zonaroja.com.mx\/index.php?rest_route=%2Fwp%2Fv2%2Fcomments&post=19997"}],"version-history":[{"count":1,"href":"https:\/\/zonaroja.com.mx\/index.php?rest_route=\/wp\/v2\/posts\/19997\/revisions"}],"predecessor-version":[{"id":19999,"href":"https:\/\/zonaroja.com.mx\/index.php?rest_route=\/wp\/v2\/posts\/19997\/revisions\/19999"}],"wp:featuredmedia":[{"embeddable":true,"href":"https:\/\/zonaroja.com.mx\/index.php?rest_route=\/wp\/v2\/media\/19998"}],"wp:attachment":[{"href":"https:\/\/zonaroja.com.mx\/index.php?rest_route=%2Fwp%2Fv2%2Fmedia&parent=19997"}],"wp:term":[{"taxonomy":"category","embeddable":true,"href":"https:\/\/zonaroja.com.mx\/index.php?rest_route=%2Fwp%2Fv2%2Fcategories&post=19997"},{"taxonomy":"post_tag","embeddable":true,"href":"https:\/\/zonaroja.com.mx\/index.php?rest_route=%2Fwp%2Fv2%2Ftags&post=19997"}],"curies":[{"name":"wp","href":"https:\/\/api.w.org\/{rel}","templated":true}]}}