{"id":20000,"date":"2020-11-12T22:30:35","date_gmt":"2020-11-13T04:30:35","guid":{"rendered":"http:\/\/www.zonaroja.com.mx\/?p=20000"},"modified":"2020-11-12T22:30:38","modified_gmt":"2020-11-13T04:30:38","slug":"no-baja-el-covid-en-oaxaca-hoy-150-positivos-y-15-fallecimientos","status":"publish","type":"post","link":"https:\/\/zonaroja.com.mx\/?p=20000","title":{"rendered":"No baja el Covid en Oaxaca; hoy 150 positivos y 15 fallecimientos"},"content":{"rendered":"\n<p>Redacci\u00f3n\/Zona Roja.<\/p>\n\n\n\n<p>Oaxaca de Ju\u00e1rez, Oax.12 de noviembre de 2020.- Los Servicios de Salud de Oaxaca (SSO) informaron que este d\u00eda se han contabilizado 150 casos nuevos de Covid-19, que suman 22 mil 656 casos acumulados en toda la entidad.<\/p>\n\n\n\n<p>As\u00ed mismo, mediante un comunicado, la instancia gubernamental expuso que se han notificado 36 mil 043 casos, de los cuales nueve mil 819 han sido negativos; tres mil 568 son sospechosos, 20 mil 257 se han recuperado, y lamentablemente se contabilizan 15 decesos, que suman mil 805.<\/p>\n\n\n\n<p>A\u00f1adi\u00f3 que a la fecha suman 952 m\u00e9dicos contagiados por Covid, de los cuales 944 se han recuperado; del personal de enfermer\u00eda mil 242 han dado positivos y se han recuperado mil 224; en tanto que de los 968 trabajadores de \u00e1reas afines a la salud que tambi\u00e9n se han contagiado, 932 se han recuperado.<\/p>\n\n\n\n<p>Sostuvo que la Jurisdicci\u00f3n Sanitaria n\u00famero uno Valles Centrales, presenta 15 mil 076 casos confirmados y 890 defunciones, Istmo dos mil 252 y 313 defunciones, Tuxtepec mil 856 y 267 defunciones, Mixteca mil 658 y 154 defunciones, Costa mil 170 y 116 defunciones y la Sierra 644 y 65 defunciones.<\/p>\n\n\n\n<figure class=\"wp-block-embed-twitter wp-block-embed is-type-rich is-provider-twitter\"><div class=\"wp-block-embed__wrapper\">\n<div class=\"twitter-tweet\"><blockquote class=\"twitter-tweet\" data-lang=\"es\"><p lang=\"es\" dir=\"ltr\"><a href=\"https:\/\/twitter.com\/hashtag\/%C3%9AltimoMinuto?src=hash&amp;ref_src=twsrc%5Etfw\">#\u00daltimoMinuto<\/a><br>En el caso de <a href=\"https:\/\/twitter.com\/hashtag\/Oaxaca?src=hash&amp;ref_src=twsrc%5Etfw\">#Oaxaca<\/a>, los Servicios de Salud informaron que en las \u00faltimas 24 horas se registraron 15 fallecimientos por Covid, para un total de mil 805; adem\u00e1s, 150 casos positivos, con lo que suman 22 mil 656.<a href=\"https:\/\/twitter.com\/hashtag\/Qu%C3%A9dateEnCasaA%C3%BAn?src=hash&amp;ref_src=twsrc%5Etfw\">#Qu\u00e9dateEnCasaA\u00fan<\/a> <a href=\"https:\/\/t.co\/g1Xhi9RcHf\">pic.twitter.com\/g1Xhi9RcHf<\/a><\/p>&mdash; Zona Roja Oaxaca (@MexRoja) <a href=\"https:\/\/twitter.com\/MexRoja\/status\/1327069877052456960?ref_src=twsrc%5Etfw\">13 de noviembre de 2020<\/a><\/blockquote><\/div>\n<\/div><\/figure>\n\n\n\n<p>Dijo que los 150 casos nuevos de COVID-19 se han registrado en 52 municipios, siendo los que mayor n\u00famero de casos presentan, el de Oaxaca de Ju\u00e1rez con 41, Santa Cruz Xococotl\u00e1n 10, San Juan Bautista Tuxtepec ocho, Villa de Zaachila siete, Huajuapan de Le\u00f3n y Salina Cruz seis cada uno, el resto cuatro, tres, dos y un caso.<\/p>\n\n\n\n<p>Dijo que de los 598 casos activos, la Jurisdicci\u00f3n Sanitaria n\u00famero uno Valles Centrales contabiliza 467, Mixteca 54, Costa 27, Sierra 22, Istmo y Tuxtepec 14 cada uno.<\/p>\n\n\n\n<p>En relaci\u00f3n a la ocupaci\u00f3n hospitalaria para pacientes con COVID-19, los SSO registran 23.1%, HRAEO 100%, Hospital de la Ni\u00f1ez Oaxaque\u00f1a 50%, SEDENA 30%, ISSSTE 35.8%, IMSS r\u00e9gimen ordinario 28.8%, IMSS Bienestar 28.2%, PEMEX 16.7%, SEMAR 35.3%, PRIVADO 37.5%. El total es del 32%, de los cuales el 36.5% es sin ventilador y el 24.3% son con ventilador.<\/p>\n\n\n\n<p>Durante este Buen Fin, los SSO recomiendan a la poblaci\u00f3n oaxaque\u00f1a hacer sus compras en l\u00ednea, y acudir a las tiendas f\u00edsicas cumpliendo con todas las medidas preventivas como: el uso correcto del cubrebocas, la sana distancia, el lavado frecuente de manos al ingresar o salir de establecimientos.<\/p>\n","protected":false},"excerpt":{"rendered":"<p>Redacci\u00f3n\/Zona Roja. Oaxaca de Ju\u00e1rez, Oax.12 de noviembre de 2020.- Los Servicios de Salud de&hellip;<\/p>\n","protected":false},"author":2,"featured_media":20001,"comment_status":"closed","ping_status":"open","sticky":false,"template":"","format":"standard","meta":{"_lmt_disableupdate":"","_lmt_disable":"","_jetpack_memberships_contains_paid_content":false,"footnotes":""},"categories":[109,47],"tags":[1512],"class_list":["post-20000","post","type-post","status-publish","format-standard","has-post-thumbnail","hentry","category-minuto-a-minuto","category-zona-gris","tag-coronavirus-oaxaca"],"jetpack_featured_media_url":"https:\/\/zonaroja.com.mx\/wp-content\/uploads\/2020\/11\/SSO-1-7.jpeg","jetpack_sharing_enabled":true,"_links":{"self":[{"href":"https:\/\/zonaroja.com.mx\/index.php?rest_route=\/wp\/v2\/posts\/20000","targetHints":{"allow":["GET"]}}],"collection":[{"href":"https:\/\/zonaroja.com.mx\/index.php?rest_route=\/wp\/v2\/posts"}],"about":[{"href":"https:\/\/zonaroja.com.mx\/index.php?rest_route=\/wp\/v2\/types\/post"}],"author":[{"embeddable":true,"href":"https:\/\/zonaroja.com.mx\/index.php?rest_route=\/wp\/v2\/users\/2"}],"replies":[{"embeddable":true,"href":"https:\/\/zonaroja.com.mx\/index.php?rest_route=%2Fwp%2Fv2%2Fcomments&post=20000"}],"version-history":[{"count":1,"href":"https:\/\/zonaroja.com.mx\/index.php?rest_route=\/wp\/v2\/posts\/20000\/revisions"}],"predecessor-version":[{"id":20002,"href":"https:\/\/zonaroja.com.mx\/index.php?rest_route=\/wp\/v2\/posts\/20000\/revisions\/20002"}],"wp:featuredmedia":[{"embeddable":true,"href":"https:\/\/zonaroja.com.mx\/index.php?rest_route=\/wp\/v2\/media\/20001"}],"wp:attachment":[{"href":"https:\/\/zonaroja.com.mx\/index.php?rest_route=%2Fwp%2Fv2%2Fmedia&parent=20000"}],"wp:term":[{"taxonomy":"category","embeddable":true,"href":"https:\/\/zonaroja.com.mx\/index.php?rest_route=%2Fwp%2Fv2%2Fcategories&post=20000"},{"taxonomy":"post_tag","embeddable":true,"href":"https:\/\/zonaroja.com.mx\/index.php?rest_route=%2Fwp%2Fv2%2Ftags&post=20000"}],"curies":[{"name":"wp","href":"https:\/\/api.w.org\/{rel}","templated":true}]}}