{"id":20013,"date":"2020-11-13T17:08:50","date_gmt":"2020-11-13T23:08:50","guid":{"rendered":"http:\/\/www.zonaroja.com.mx\/?p=20013"},"modified":"2020-11-13T17:08:54","modified_gmt":"2020-11-13T23:08:54","slug":"cuarto-informe-de-gobierno-impunidad-sello-de-fiscalia-organizaciones","status":"publish","type":"post","link":"https:\/\/zonaroja.com.mx\/?p=20013","title":{"rendered":"Cuarto Informe de Gobierno: impunidad, sello de Fiscal\u00eda: organizaciones"},"content":{"rendered":"\n<p>Evlin Arag\u00f3n\/Zona Roja.<\/p>\n\n\n\n<p>Oaxaca de Ju\u00e1rez, Oax., 13 de noviembre de 2020.- En v\u00edsperas del Cuarto \u00a0de Gobierno de Oaxaca, organizaciones sociales, afines a la Secci\u00f3n 22 del Sindicato Nacional de Trabajadores de la Educaci\u00f3n (SNTE), denunciaron la inseguridad y la impunidad que permea en la entidad , debido a una p\u00e9sima actuaci\u00f3n por parte de las autoridades estatales.<\/p>\n\n\n\n<p>\u201cHacemos el llamado al gobernador Alejandro Murat Hinojosa, para establecer di\u00e1logo p\u00fablico y urgente con el \u00fanico tema que es seguridad y justicia para los pueblo de Oaxaca\u201d, expresaron en conferencia de prensa, al interior del edificio hist\u00f3rico de la Secci\u00f3n del 22.<\/p>\n\n\n\n<p>Explicaron que este 2021 se ha convertido en uno de los a\u00f1os m\u00e1s violentos en la entidad oaxaque\u00f1a, prueba de ellos los incontables feminicidios que se registran en la entidad, pese a la declaratoria de Alerta de Violencia de G\u00e9nero; as\u00ed como los ataques a luchadores sociales, algunos de los cuales han muerto a consecuencia de los hechos.<\/p>\n\n\n\n<p>As\u00ed mismo, los asesinatos en pleno Centro Hist\u00f3rico; la ejecuci\u00f3n del dirigente Tomas Mart\u00ednez Pinacho; el conflicto en la zona triqui que no cesa y por el contrario se agudiza, la masacre en San Mateo del Mar, sin justicia para las v\u00edctimas; y la aprehensi\u00f3n de l\u00edderes sociales, son tan s\u00f3lo algunos ejemplos que reflejan el nivel de inseguridad e injusticia que prevalece en la entidad.<\/p>\n\n\n\n<figure class=\"wp-block-embed-twitter wp-block-embed is-type-rich is-provider-twitter\"><div class=\"wp-block-embed__wrapper\">\n<div class=\"twitter-tweet\"><blockquote class=\"twitter-tweet\" data-lang=\"es\"><p lang=\"es\" dir=\"ltr\"><a href=\"https:\/\/twitter.com\/hashtag\/ENVIVO?src=hash&amp;ref_src=twsrc%5Etfw\">#ENVIVO<\/a> <br>Oaxaca de Ju\u00e1rez, Oax., 13 de noviembre de 2020.- Conferencia de prensa de organizaciones sociales para exigir al gobierno de Alejandro Murat una mesa de di\u00e1logo ante impunidad en temas de justicia. <br><br>Aqu\u00ed la transmisi\u00f3n \ud83d\udc47 <a href=\"https:\/\/t.co\/q47FaZSo2P\">https:\/\/t.co\/q47FaZSo2P<\/a> <a href=\"https:\/\/t.co\/vmvg7IlqfG\">pic.twitter.com\/vmvg7IlqfG<\/a><\/p>&mdash; Zona Roja Oaxaca (@MexRoja) <a href=\"https:\/\/twitter.com\/MexRoja\/status\/1327288156253634560?ref_src=twsrc%5Etfw\">13 de noviembre de 2020<\/a><\/blockquote><\/div>\n<\/div><\/figure>\n\n\n\n<p>\u201cLa inseguridad y falta de justicia dejan cada vez m\u00e1s en evidencia al Ejecutivo, Legislativo y Judicial en Oaxaca como faltos de capacidad para sostener la gobernabilidad, las organizaciones no estamos dispuestas a normalizar la violencia y agresiones\u201d, manifestaron en su posicionamiento p\u00fablico los dirigentes de organizaciones, entre ellos Macario Otalo Padilla, del Frente Popular Revolucionario.\u00a0<\/p>\n\n\n\n<p>De igual forma, reclamaron que la clase pol\u00edtica est\u00e1 m\u00e1s preocupada en asegurar los megaproyectos y los negocios de los ricos, que por la situaci\u00f3n grave que vive el estado, que adem\u00e1s se enfrenta a una crisis econ\u00f3mica que incrementa la pobreza de la poblaci\u00f3n.\u00a0<\/p>\n\n\n\n<p>Por lo anterior, hicieron un llamado al pueblo de Oaxaca, a las organizaciones, colectivos, pero sobre todo a las v\u00edctimas de la inseguridad e injusticia a construir lazos para exigir que las autoridades garanticen la vida y seguridad de las familias oaxaque\u00f1as.&nbsp;<\/p>\n\n\n\n<p>\u201cNo tenemos la m\u00ednima confianza en el aparato del Estado, sin embargo, las organizaciones nos unimos y respaldamos la exigencia de una mesa p\u00fablica para dar seguimiento a los casos pendientes de justicia\u201d, indicaron.&nbsp;<\/p>\n\n\n\n<p>Finalmente, cuestionaron la actuaci\u00f3n de la Fiscal\u00eda General de Justicia de Oaxaca, a cargo de Rub\u00e9n Vasconcelos M\u00e9ndez, que proporciona informaci\u00f3n a cuentagotas, se compromete constantemente en castigar a los responsables, pero no existen acciones contundentes que permitan el acceso de la v\u00edctimas a la justicia y reparaci\u00f3n del da\u00f1o.&nbsp;<\/p>\n\n\n\n<p>A la par que no descartaron movilizaciones en el marco del informe del gobernador de Oaxaca, que se llevar\u00e1 a cabo el pr\u00f3ximo domingo.&nbsp;<\/p>\n","protected":false},"excerpt":{"rendered":"<p>Evlin Arag\u00f3n\/Zona Roja. Oaxaca de Ju\u00e1rez, Oax., 13 de noviembre de 2020.- En v\u00edsperas del&hellip;<\/p>\n","protected":false},"author":2,"featured_media":20014,"comment_status":"closed","ping_status":"open","sticky":false,"template":"","format":"standard","meta":{"_lmt_disableupdate":"","_lmt_disable":"","_jetpack_memberships_contains_paid_content":false,"footnotes":""},"categories":[109,47],"tags":[2210],"class_list":["post-20013","post","type-post","status-publish","format-standard","has-post-thumbnail","hentry","category-minuto-a-minuto","category-zona-gris","tag-organizaciones-sociales-impunidad"],"jetpack_featured_media_url":"https:\/\/zonaroja.com.mx\/wp-content\/uploads\/2020\/11\/Conferencia-de-prensa-organizaciones-sociales.jpg","jetpack_sharing_enabled":true,"_links":{"self":[{"href":"https:\/\/zonaroja.com.mx\/index.php?rest_route=\/wp\/v2\/posts\/20013","targetHints":{"allow":["GET"]}}],"collection":[{"href":"https:\/\/zonaroja.com.mx\/index.php?rest_route=\/wp\/v2\/posts"}],"about":[{"href":"https:\/\/zonaroja.com.mx\/index.php?rest_route=\/wp\/v2\/types\/post"}],"author":[{"embeddable":true,"href":"https:\/\/zonaroja.com.mx\/index.php?rest_route=\/wp\/v2\/users\/2"}],"replies":[{"embeddable":true,"href":"https:\/\/zonaroja.com.mx\/index.php?rest_route=%2Fwp%2Fv2%2Fcomments&post=20013"}],"version-history":[{"count":1,"href":"https:\/\/zonaroja.com.mx\/index.php?rest_route=\/wp\/v2\/posts\/20013\/revisions"}],"predecessor-version":[{"id":20015,"href":"https:\/\/zonaroja.com.mx\/index.php?rest_route=\/wp\/v2\/posts\/20013\/revisions\/20015"}],"wp:featuredmedia":[{"embeddable":true,"href":"https:\/\/zonaroja.com.mx\/index.php?rest_route=\/wp\/v2\/media\/20014"}],"wp:attachment":[{"href":"https:\/\/zonaroja.com.mx\/index.php?rest_route=%2Fwp%2Fv2%2Fmedia&parent=20013"}],"wp:term":[{"taxonomy":"category","embeddable":true,"href":"https:\/\/zonaroja.com.mx\/index.php?rest_route=%2Fwp%2Fv2%2Fcategories&post=20013"},{"taxonomy":"post_tag","embeddable":true,"href":"https:\/\/zonaroja.com.mx\/index.php?rest_route=%2Fwp%2Fv2%2Ftags&post=20013"}],"curies":[{"name":"wp","href":"https:\/\/api.w.org\/{rel}","templated":true}]}}