{"id":20020,"date":"2020-11-13T19:22:26","date_gmt":"2020-11-14T01:22:26","guid":{"rendered":"http:\/\/www.zonaroja.com.mx\/?p=20020"},"modified":"2020-11-13T19:23:34","modified_gmt":"2020-11-14T01:23:34","slug":"confirma-el-teeo-violencia-politica-por-razon-de-genero-en-xitla-y-en-matias-romero","status":"publish","type":"post","link":"https:\/\/zonaroja.com.mx\/?p=20020","title":{"rendered":"Ordena TEEO a Segego destituir a Comisionado Municipal en San Antonio de la Cal"},"content":{"rendered":"\n<p>Redacci\u00f3n\/Zona Roja.<\/p>\n\n\n\n<p>Oaxaca de Ju\u00e1rez, Oax., 13 de noviembre de 2020.- El Tribunal Electoral del Estado de Oaxaca (TEEO) confirm\u00f3 hoy dos casos de violencia pol\u00edtica por raz\u00f3n de g\u00e9nero, los municipios de Santa Cruz Xitla y Mat\u00edas Romero Avenda\u00f1o.<\/p>\n\n\n\n<p>Adem\u00e1s, en sesi\u00f3n p\u00fablica no presencial, el pleno del \u00f3rgano orden\u00f3 a la Secretar\u00eda General de Gobierno (Segego) deje sin efecto el nombramiento del actual Comisionado Municipal de San Antonio de la Cal.<\/p>\n\n\n\n<p>En el expediente del Juicio para la Protecci\u00f3n de los Derechos Pol\u00edtico Electorales de la Ciudadan\u00eda en el r\u00e9gimen de Sistema Normativos Internos, identificado con la clave JDC\/75\/2020, por unanimidad, los magistrados del Tribunal determinaron que el actual comisionado (Alfonso Escobar Mateos) rebas\u00f3 los 60 d\u00edas naturales en el cargo, como lo establece el art\u00edculo 79 fracci\u00f3n XV de la Constituci\u00f3n local.<\/p>\n\n\n\n<p>En consecuencia, pidieron a la Segego que conforme a sus facultades nombre a persona diversa, quien no podr\u00e1 ejercer en el cargo por m\u00e1s de 60 d\u00edas naturales.<\/p>\n\n\n\n<p>En el mismo expediente, el Pleno del TEEO escindi\u00f3 el agravio relativo al nombramiento del Consejo Municipal en San Antonio de la Cal, toda vez que este asunto se encuentra en estudio en la Sala Xalapa del Tribunal Electoral del Poder Judicial de la Federaci\u00f3n (TEPJF).<\/p>\n\n\n\n<p>VIOLENCIA DE G\u00c9NERO<\/p>\n\n\n\n<p>Por otra parte, el TEEO resolvi\u00f3 dos expedientes de violencia pol\u00edtica en raz\u00f3n de g\u00e9nero, en los municipios de Santa Cruz Xitla y Mat\u00edas Romero Avenda\u00f1o.<\/p>\n\n\n\n<p>El primero de estos casos, corresponde al Juicio para la Protecci\u00f3n de los Derechos Pol\u00edtico Electorales de la Ciudadan\u00eda en el r\u00e9gimen de Sistema Normativos Internos identificado con la clave JDCI\/41\/2020, por unanimidad, la magistrada y los magistrados de este Tribunal determinaron la restituci\u00f3n en el cargo como Regidora de Educaci\u00f3n de la actora, en el Ayuntamiento de Santa Cruz Xitla.<\/p>\n\n\n\n<p>En consecuencia, se le restituye a la actora sus derechos pol\u00edtico electorales, adem\u00e1s, se orden\u00f3 al S\u00edndico Municipal que efect\u00fae los pagos de dieta a la afectada y la convoque a sesiones de Cabildo.<\/p>\n\n\n\n<p>Por otro lado, la magistrada y los magistrados de este \u00f3rgano jurisdiccional de Oaxaca resolvieron en el Juicio para la Protecci\u00f3n de los Derechos Pol\u00edtico Electorales del Ciudadano identificado con la clave JDC\/47\/2020 y su acumulado JDC\/48\/2020; que se acredit\u00f3 la violencia pol\u00edtica en raz\u00f3n de g\u00e9nero en contra de la actora, consistente en la obstrucci\u00f3n en el cargo por parte de quien fung\u00eda como Presidente Municipal de Mat\u00edas Romero Avenda\u00f1o.<\/p>\n\n\n\n<p>Dado el clima de violencia, la actora permanece refugiada en un lugar diferente a esta localidad, en consecuencia, la magistrada y los magistrados del TEEO ordenaron a los integrantes del ayuntamiento responsable y a las autoridades vinculadas, permitir a la afectada que tenga acceso a la informaci\u00f3n oficial necesaria para cumplir con sus funciones.<\/p>\n\n\n\n<p>Adem\u00e1s, se orden\u00f3 al Consejo General del Instituto Estatal Electoral y de Participaci\u00f3n Ciudadana de Oaxaca inicie el proceso especial sancionador por este caso.<\/p>\n\n\n\n<p>Con esta resoluci\u00f3n, se dio cumplimiento a lo ordenado en la sentencia emitida por la Sala Regional Xalapa del Tribunal Electoral del Poder Judicial de la Federaci\u00f3n, en el expediente SX-JDC340\/2020 y acumulados SX-JDC341\/2020 y SX-JE-108\/2020.<\/p>\n","protected":false},"excerpt":{"rendered":"<p>Redacci\u00f3n\/Zona Roja. Oaxaca de Ju\u00e1rez, Oax., 13 de noviembre de 2020.- El Tribunal Electoral del&hellip;<\/p>\n","protected":false},"author":2,"featured_media":20021,"comment_status":"closed","ping_status":"open","sticky":false,"template":"","format":"standard","meta":{"_lmt_disableupdate":"","_lmt_disable":"","_jetpack_memberships_contains_paid_content":false,"footnotes":""},"categories":[109,47],"tags":[875],"class_list":["post-20020","post","type-post","status-publish","format-standard","has-post-thumbnail","hentry","category-minuto-a-minuto","category-zona-gris","tag-san-antonio-de-la-cal"],"jetpack_featured_media_url":"https:\/\/zonaroja.com.mx\/wp-content\/uploads\/2020\/11\/San-Antonio-de-la-Cal.jpg","jetpack_sharing_enabled":true,"_links":{"self":[{"href":"https:\/\/zonaroja.com.mx\/index.php?rest_route=\/wp\/v2\/posts\/20020","targetHints":{"allow":["GET"]}}],"collection":[{"href":"https:\/\/zonaroja.com.mx\/index.php?rest_route=\/wp\/v2\/posts"}],"about":[{"href":"https:\/\/zonaroja.com.mx\/index.php?rest_route=\/wp\/v2\/types\/post"}],"author":[{"embeddable":true,"href":"https:\/\/zonaroja.com.mx\/index.php?rest_route=\/wp\/v2\/users\/2"}],"replies":[{"embeddable":true,"href":"https:\/\/zonaroja.com.mx\/index.php?rest_route=%2Fwp%2Fv2%2Fcomments&post=20020"}],"version-history":[{"count":2,"href":"https:\/\/zonaroja.com.mx\/index.php?rest_route=\/wp\/v2\/posts\/20020\/revisions"}],"predecessor-version":[{"id":20023,"href":"https:\/\/zonaroja.com.mx\/index.php?rest_route=\/wp\/v2\/posts\/20020\/revisions\/20023"}],"wp:featuredmedia":[{"embeddable":true,"href":"https:\/\/zonaroja.com.mx\/index.php?rest_route=\/wp\/v2\/media\/20021"}],"wp:attachment":[{"href":"https:\/\/zonaroja.com.mx\/index.php?rest_route=%2Fwp%2Fv2%2Fmedia&parent=20020"}],"wp:term":[{"taxonomy":"category","embeddable":true,"href":"https:\/\/zonaroja.com.mx\/index.php?rest_route=%2Fwp%2Fv2%2Fcategories&post=20020"},{"taxonomy":"post_tag","embeddable":true,"href":"https:\/\/zonaroja.com.mx\/index.php?rest_route=%2Fwp%2Fv2%2Ftags&post=20020"}],"curies":[{"name":"wp","href":"https:\/\/api.w.org\/{rel}","templated":true}]}}