{"id":20040,"date":"2020-11-14T13:09:00","date_gmt":"2020-11-14T19:09:00","guid":{"rendered":"http:\/\/www.zonaroja.com.mx\/?p=20040"},"modified":"2020-11-14T13:09:04","modified_gmt":"2020-11-14T19:09:04","slug":"ninos-y-padres-de-familia-de-la-raya-sin-energia-electrica-y-con-inseguridad","status":"publish","type":"post","link":"https:\/\/zonaroja.com.mx\/?p=20040","title":{"rendered":"Ni\u00f1os y padres de familia de La Raya, sin energ\u00eda el\u00e9ctrica y con inseguridad"},"content":{"rendered":"\n<p>Yuridiana Sosa\/Zona Roja.<\/p>\n\n\n\n<p>Oaxaca de Ju\u00e1rez, Oax., 14 de noviembre de 2020.- Madres de familia y ni\u00f1os del paraje \u201cEl Horno\u00bb de San Juan Bautista La Raya, agencia de Santa Cruz Xoxocotl\u00e1n, demandaron a las autoridades municipales y estatales su intervenci\u00f3n para que la Comisi\u00f3n Federal de Electricidad concluya la conexi\u00f3n del servicio, del que carecen desde hace tres a\u00f1os.<\/p>\n\n\n\n<p>\u201cQuiero luz en mi calle para caminar\u201d, es el mensaje que porta un menor de edad durante la conferencia de prensa que los colonos ofrecieron para solicitar ayuda, pues han cursado por un largo proceso para obtener los servicios b\u00e1sicos, sin que hasta el momento se cubra ninguno.<\/p>\n\n\n\n<p>A pesar que el asentamiento fundado hace tres a\u00f1os en la agencia de La Raya, de Xoxocotl\u00e1n, se encuentra a pocos metros de la carretera federal 175, y es paso alterno ante bloqueos en el crucero del aeropuerto, las condiciones de la colonia son deplorables.<\/p>\n\n\n\n<p>En este asentamiento tambi\u00e9n carecen de agua potable y drenaje, pero el servicio que actualmente priorizan es el de energ\u00eda el\u00e9ctrica, pues los menores de edad de 30 familias, que estudian el nivel primaria y secundaria, presentan dificultades para acceder a sus clases en l\u00ednea, as\u00ed como para tener mayor seguridad en sus calles.<\/p>\n\n\n\n<figure class=\"wp-block-embed-twitter wp-block-embed is-type-rich is-provider-twitter\"><div class=\"wp-block-embed__wrapper\">\n<div class=\"twitter-tweet\"><blockquote class=\"twitter-tweet\" data-lang=\"es\"><p lang=\"es\" dir=\"ltr\">Vecinos del paraje \u201cEl Horno\u201d de San Juan Bautista La Raya, <a href=\"https:\/\/twitter.com\/hashtag\/Xoxocotl%C3%A1n?src=hash&amp;ref_src=twsrc%5Etfw\">#Xoxocotl\u00e1n<\/a>, denunciaron que desde hace tres a\u00f1os no les han conectado la energ\u00eda el\u00e9ctrica, lo cual genera una serie de problemas, entre ellos a la educaci\u00f3n a distancia de la ni\u00f1ez. Ninguna autoridad los atiende. <a href=\"https:\/\/t.co\/sC3vpNygBS\">pic.twitter.com\/sC3vpNygBS<\/a><\/p>&mdash; Zona Roja Oaxaca (@MexRoja) <a href=\"https:\/\/twitter.com\/MexRoja\/status\/1327451591482494982?ref_src=twsrc%5Etfw\">14 de noviembre de 2020<\/a><\/blockquote><\/div>\n<\/div><\/figure>\n\n\n\n<p>Madres de familia explicaron que piden prestada energ\u00eda el\u00e9ctrica de algunos vecinos de asentamientos cercanos que cuentan con este servicio, principalmente para cargar sus tel\u00e9fonos celulares para las clases de sus hijos.<\/p>\n\n\n\n<p>El representante de los afectados, Juan Pablo Angulo Mart\u00ednez, se\u00f1al\u00f3 que lograron la instalaci\u00f3n de postes, red de cableado y hasta la instalaci\u00f3n del transformador por parte de CFE, pero hace un a\u00f1o la obra se detuvo.<\/p>\n\n\n\n<p>Explic\u00f3 que autoridades del municipio vecino de \u00c1nimas Trujano interpusieron un recurso legal, en el que argumentan que esa propiedad es parte de terrenos ejidales, lo que par\u00f3 la obra de CFE.<\/p>\n\n\n\n<p>Sin embargo, el representante asegur\u00f3 que ese paraje se desincorpor\u00f3 legalmente de ese municipio desde 1949 y ser parte de Xoxocotl\u00e1n, aunque hasta el momento el presidente municipal, Alejandro L\u00f3pez Jarqu\u00edn, s\u00f3lo les pide paciencia a los habitantes, sin realizar alg\u00fan tipo de gesti\u00f3n para ayudarlos.<\/p>\n","protected":false},"excerpt":{"rendered":"<p>Yuridiana Sosa\/Zona Roja. Oaxaca de Ju\u00e1rez, Oax., 14 de noviembre de 2020.- Madres de familia&hellip;<\/p>\n","protected":false},"author":2,"featured_media":20041,"comment_status":"closed","ping_status":"open","sticky":false,"template":"","format":"standard","meta":{"_lmt_disableupdate":"","_lmt_disable":"","_jetpack_memberships_contains_paid_content":false,"footnotes":""},"categories":[109,47],"tags":[601],"class_list":["post-20040","post","type-post","status-publish","format-standard","has-post-thumbnail","hentry","category-minuto-a-minuto","category-zona-gris","tag-san-juan-bautista-la-raya"],"jetpack_featured_media_url":"https:\/\/zonaroja.com.mx\/wp-content\/uploads\/2020\/11\/Paraje-El-Horno-de-La-Raya.jpg","jetpack_sharing_enabled":true,"_links":{"self":[{"href":"https:\/\/zonaroja.com.mx\/index.php?rest_route=\/wp\/v2\/posts\/20040","targetHints":{"allow":["GET"]}}],"collection":[{"href":"https:\/\/zonaroja.com.mx\/index.php?rest_route=\/wp\/v2\/posts"}],"about":[{"href":"https:\/\/zonaroja.com.mx\/index.php?rest_route=\/wp\/v2\/types\/post"}],"author":[{"embeddable":true,"href":"https:\/\/zonaroja.com.mx\/index.php?rest_route=\/wp\/v2\/users\/2"}],"replies":[{"embeddable":true,"href":"https:\/\/zonaroja.com.mx\/index.php?rest_route=%2Fwp%2Fv2%2Fcomments&post=20040"}],"version-history":[{"count":1,"href":"https:\/\/zonaroja.com.mx\/index.php?rest_route=\/wp\/v2\/posts\/20040\/revisions"}],"predecessor-version":[{"id":20042,"href":"https:\/\/zonaroja.com.mx\/index.php?rest_route=\/wp\/v2\/posts\/20040\/revisions\/20042"}],"wp:featuredmedia":[{"embeddable":true,"href":"https:\/\/zonaroja.com.mx\/index.php?rest_route=\/wp\/v2\/media\/20041"}],"wp:attachment":[{"href":"https:\/\/zonaroja.com.mx\/index.php?rest_route=%2Fwp%2Fv2%2Fmedia&parent=20040"}],"wp:term":[{"taxonomy":"category","embeddable":true,"href":"https:\/\/zonaroja.com.mx\/index.php?rest_route=%2Fwp%2Fv2%2Fcategories&post=20040"},{"taxonomy":"post_tag","embeddable":true,"href":"https:\/\/zonaroja.com.mx\/index.php?rest_route=%2Fwp%2Fv2%2Ftags&post=20040"}],"curies":[{"name":"wp","href":"https:\/\/api.w.org\/{rel}","templated":true}]}}