{"id":20043,"date":"2020-11-14T14:21:51","date_gmt":"2020-11-14T20:21:51","guid":{"rendered":"http:\/\/www.zonaroja.com.mx\/?p=20043"},"modified":"2020-11-14T14:21:56","modified_gmt":"2020-11-14T20:21:56","slug":"tianguis-autogestivo-se-vuelve-a-instalar-exigen-castigo-a-agresores","status":"publish","type":"post","link":"https:\/\/zonaroja.com.mx\/?p=20043","title":{"rendered":"Tianguis Autogestivo se vuelve a instalar; exigen castigo a agresores"},"content":{"rendered":"\n<p>Yuridiana Sosa\/Zona Roja.<\/p>\n\n\n\n<p>Oaxaca de Ju\u00e1rez, Oax., 14 de noviembre de 2020.-&nbsp; Por tercer s\u00e1bado consecutivo, el Tianguis Autogestivo y Disidente, que integran principalmente mujeres, se instal\u00f3 en la plazuela de la parte posterior de la Casa de la Cultura en la capital de Oaxaca, desde el cual tambi\u00e9n exigen justicia por la violencia de g\u00e9nero.<\/p>\n\n\n\n<p>Las mujeres, que por protecci\u00f3n personal han preferido mantener oculta su identidad cubriendo sus rostros tras las agresiones recibidas la semana pasada, contin\u00faan con su actividad como una alternativa para generar ingresos por medio del trueque.<\/p>\n\n\n\n<p>Este s\u00e1bado, familiares de v\u00edctimas de feminicidio y cr\u00edmenes de Estado se pronunciaron contra la violencia ejercida hacia el tianguis por parte de la Polic\u00eda Municipal de Oaxaca de Ju\u00e1rez la semanada pasada y la cual, fue justificada d\u00edas despu\u00e9s por el edil Oswaldo Garc\u00eda Jarqu\u00edn.<\/p>\n\n\n\n<figure class=\"wp-block-embed-twitter wp-block-embed is-type-rich is-provider-twitter\"><div class=\"wp-block-embed__wrapper\">\n<div class=\"twitter-tweet\"><blockquote class=\"twitter-tweet\" data-lang=\"es\"><p lang=\"es\" dir=\"ltr\"><a href=\"https:\/\/twitter.com\/hashtag\/OaxacaGris?src=hash&amp;ref_src=twsrc%5Etfw\">#OaxacaGris<\/a><br>(a) Feministas e integrantes del Tianguis Autogestivo y Disidente que reiniciaron actividades en la plazuela detr\u00e1s de la <a href=\"https:\/\/twitter.com\/CCO_GobOax?ref_src=twsrc%5Etfw\">@CCO_GobOax<\/a>, leyeron hoy un pronunciamiento, en que repudiaron la violencia en contra de ellas el pasado s\u00e1bado, por parte del <a href=\"https:\/\/twitter.com\/MunicipioOaxaca?ref_src=twsrc%5Etfw\">@MunicipioOaxaca<\/a>. <a href=\"https:\/\/t.co\/eVGxTmABlq\">pic.twitter.com\/eVGxTmABlq<\/a><\/p>&mdash; Zona Roja Oaxaca (@MexRoja) <a href=\"https:\/\/twitter.com\/MexRoja\/status\/1327705610326925312?ref_src=twsrc%5Etfw\">14 de noviembre de 2020<\/a><\/blockquote><\/div>\n<\/div><\/figure>\n\n\n\n<p>Los familiares de v\u00edctimas de la violencia de g\u00e9nero tambi\u00e9n participaron en la plaza del 7 de noviembre, siendo testigos y v\u00edctimas de esos actos.<\/p>\n\n\n\n<p>\u201cLas autoridades prefieren mantener un parque vac\u00edo que apoyar a personas que necesitan del sustento diario, pero las plazas comerciarle est\u00e1n llenas, el &#8216;Buen Fin&#8217; las ha abarrotado; y es en esos espacios donde tambi\u00e9n se ha ejercido violencia, pero el Estado nunca actuar\u00e1 en contra de los empresarios\u201d, reclamaron los afectados.<\/p>\n\n\n\n<p>Pues el edil justific\u00f3 que la presencia policial se debi\u00f3 a una denuncia an\u00f3nima de vecinos, tanto por una supuesta invasi\u00f3n, como a que no cumpl\u00edan con las medidas de sanidad frente al Covid-19, a pesar que la instalaci\u00f3n es por parte de un grupo peque\u00f1o de mujeres.<\/p>\n\n\n\n<p>\u201cEl Estado antes de pensar el reprimir un tianguis autogestivo, deber\u00eda atender las denuncias por violencia, de feminicidios que no cesan. Le recordamos que reciben recursos, pero a las mujeres s\u00f3lo nos ven como cifras e ingresos monetarios\u201d, expres\u00f3 la denunciante.<\/p>\n\n\n\n<p>La mujer lament\u00f3 que la poblaci\u00f3n hasta el momento se preocupe m\u00e1s por los da\u00f1os a paredes o monumentos que por la vida de las mujeres, tan s\u00f3lo en lo que va del 2020, en Oaxaca se ha cometido el asesinato de 88 mujeres y m\u00e1s de 200 desaparecidas; casos que se suman a otro ciento de hechos que siguen en la impunidad de justicia.<\/p>\n\n\n\n<figure class=\"wp-block-embed-twitter wp-block-embed is-type-rich is-provider-twitter\"><div class=\"wp-block-embed__wrapper\">\n<div class=\"twitter-tweet\"><blockquote class=\"twitter-tweet\" data-lang=\"es\"><p lang=\"es\" dir=\"ltr\"><a href=\"https:\/\/twitter.com\/hashtag\/OaxacaGris?src=hash&amp;ref_src=twsrc%5Etfw\">#OaxacaGris<\/a><br>(b) As\u00ed mismo, recriminaron el alto n\u00famero de desapariciones de mujeres, feminicidios y violencia en contra de las mujeres, delitos que permanecen impunes en <a href=\"https:\/\/twitter.com\/hashtag\/Oaxaca?src=hash&amp;ref_src=twsrc%5Etfw\">#Oaxaca<\/a>; \u201cla violencia es desmedida, vivimos en un M\u00e9xico desigual\u201d, expusieron. <a href=\"https:\/\/t.co\/6GcZsUDraH\">pic.twitter.com\/6GcZsUDraH<\/a><\/p>&mdash; Zona Roja Oaxaca (@MexRoja) <a href=\"https:\/\/twitter.com\/MexRoja\/status\/1327706276394987520?ref_src=twsrc%5Etfw\">14 de noviembre de 2020<\/a><\/blockquote><\/div>\n<\/div><\/figure>\n\n\n\n<p>Este viernes por la noche, un grupo de vecinos del barrio de los \u201cSiete pr\u00edncipes\u201d, donde se ubica el tianguis en la calle de Santos de Degollado, se pronunciaron contra dicho tianguis al considerarlo una invasi\u00f3n y convertirlo en un punto de inseguridad para la zona.<\/p>\n\n\n\n<p>El tianguis se estableci\u00f3, de forma provisional, en el \u00e1rea que fue denominada plaza de la Libertad de Expresi\u00f3n.<\/p>\n\n\n\n<figure class=\"wp-block-embed-twitter wp-block-embed is-type-rich is-provider-twitter\"><div class=\"wp-block-embed__wrapper\">\n<div class=\"twitter-tweet\"><blockquote class=\"twitter-tweet\" data-lang=\"es\"><p lang=\"es\" dir=\"ltr\"><a href=\"https:\/\/twitter.com\/hashtag\/ENVIVO?src=hash&amp;ref_src=twsrc%5Etfw\">#ENVIVO<\/a> <br>Oaxaca de Ju\u00e1rez, Oax., 14 de noviembre de 2020.- Integrantes del Tianguis Autogestivo y Disidente se instalan en la plazuela ubicada en la parte posterior de la Casa de la Cultura Oaxaque\u00f1a.Hace una semana fueron desalojados.<br>Aqu\u00ed la transmisi\u00f3n:<a href=\"https:\/\/t.co\/EXrtVpC1a6\">https:\/\/t.co\/EXrtVpC1a6<\/a> <a href=\"https:\/\/t.co\/gnUiPBWJ1W\">pic.twitter.com\/gnUiPBWJ1W<\/a><\/p>&mdash; Zona Roja Oaxaca (@MexRoja) <a href=\"https:\/\/twitter.com\/MexRoja\/status\/1327655487777673219?ref_src=twsrc%5Etfw\">14 de noviembre de 2020<\/a><\/blockquote><\/div>\n<\/div><\/figure>\n","protected":false},"excerpt":{"rendered":"<p>Yuridiana Sosa\/Zona Roja. Oaxaca de Ju\u00e1rez, Oax., 14 de noviembre de 2020.-&nbsp; Por tercer s\u00e1bado&hellip;<\/p>\n","protected":false},"author":2,"featured_media":20044,"comment_status":"closed","ping_status":"open","sticky":false,"template":"","format":"standard","meta":{"_lmt_disableupdate":"","_lmt_disable":"","_jetpack_memberships_contains_paid_content":false,"footnotes":""},"categories":[109,47],"tags":[2184],"class_list":["post-20043","post","type-post","status-publish","format-standard","has-post-thumbnail","hentry","category-minuto-a-minuto","category-zona-gris","tag-tianguis-autogestivo-y-disidente-oaxaca"],"jetpack_featured_media_url":"https:\/\/zonaroja.com.mx\/wp-content\/uploads\/2020\/11\/Tianguis-Autogestivo-Oaxaca.jpg","jetpack_sharing_enabled":true,"_links":{"self":[{"href":"https:\/\/zonaroja.com.mx\/index.php?rest_route=\/wp\/v2\/posts\/20043","targetHints":{"allow":["GET"]}}],"collection":[{"href":"https:\/\/zonaroja.com.mx\/index.php?rest_route=\/wp\/v2\/posts"}],"about":[{"href":"https:\/\/zonaroja.com.mx\/index.php?rest_route=\/wp\/v2\/types\/post"}],"author":[{"embeddable":true,"href":"https:\/\/zonaroja.com.mx\/index.php?rest_route=\/wp\/v2\/users\/2"}],"replies":[{"embeddable":true,"href":"https:\/\/zonaroja.com.mx\/index.php?rest_route=%2Fwp%2Fv2%2Fcomments&post=20043"}],"version-history":[{"count":1,"href":"https:\/\/zonaroja.com.mx\/index.php?rest_route=\/wp\/v2\/posts\/20043\/revisions"}],"predecessor-version":[{"id":20045,"href":"https:\/\/zonaroja.com.mx\/index.php?rest_route=\/wp\/v2\/posts\/20043\/revisions\/20045"}],"wp:featuredmedia":[{"embeddable":true,"href":"https:\/\/zonaroja.com.mx\/index.php?rest_route=\/wp\/v2\/media\/20044"}],"wp:attachment":[{"href":"https:\/\/zonaroja.com.mx\/index.php?rest_route=%2Fwp%2Fv2%2Fmedia&parent=20043"}],"wp:term":[{"taxonomy":"category","embeddable":true,"href":"https:\/\/zonaroja.com.mx\/index.php?rest_route=%2Fwp%2Fv2%2Fcategories&post=20043"},{"taxonomy":"post_tag","embeddable":true,"href":"https:\/\/zonaroja.com.mx\/index.php?rest_route=%2Fwp%2Fv2%2Ftags&post=20043"}],"curies":[{"name":"wp","href":"https:\/\/api.w.org\/{rel}","templated":true}]}}