{"id":2005,"date":"2019-07-03T20:38:14","date_gmt":"2019-07-04T01:38:14","guid":{"rendered":"http:\/\/www.zonaroja.com.mx\/?p=2005"},"modified":"2019-07-03T20:48:59","modified_gmt":"2019-07-04T01:48:59","slug":"un-ejecutado-y-robo-a-cajero-en-noveno-dia-de-titular-sspo-y-primer-dia-de-pe","status":"publish","type":"post","link":"https:\/\/zonaroja.com.mx\/?p=2005","title":{"rendered":"Un ejecutado y robo a cajero, en noveno d\u00eda de titular SSPO y primer d\u00eda de PE"},"content":{"rendered":"\n<p>Ismael\nGarc\u00eda M.<\/p>\n\n\n\n<p>Oaxaca de\nJu\u00e1rez, Oax., 3 de julio de 2019.- Una persona ejecutada y un asalto violento\nen el Istmo, as\u00ed como el intento de robo de un cajero bancario en la regi\u00f3n de\nValles Centrales, es el saldo del noveno d\u00eda con nuevo titular de la Secretar\u00eda\nde Seguridad P\u00fablica de Oaxaca (SSPO) y el primero de nuevo comisionado de la\nPolic\u00eda Estatal.<\/p>\n\n\n\n<p>En el\ntranscurso de la madrugada de este mi\u00e9rcoles, individuos desconocidos intentaron\narrancar un cajero autom\u00e1tico de Santander, ubicado a un costado de la\ncarretera federal 190, a la altura del kil\u00f3metro 8.9, junto a una empresa de\npuertas de madera, en jurisdicci\u00f3n de San Sebasti\u00e1n Tutla.<\/p>\n\n\n\n<p>La puerta de cristal fue rota y el equipo da\u00f1ado &#8211;aunque a simple vista no se apreciaba que fuera robado el dep\u00f3sito del dinero&#8211;, as\u00ed como un barandal doblado fue parte de la escena en dicho lugar, ubicado en la parte oriente de la ciudad de Oaxaca. <\/p>\n\n\n\n<figure class=\"wp-block-embed-twitter wp-block-embed is-type-rich is-provider-twitter\"><div class=\"wp-block-embed__wrapper\">\n<div class=\"twitter-tweet\"><blockquote class=\"twitter-tweet\" data-lang=\"es\"><p lang=\"es\" dir=\"ltr\"><a href=\"https:\/\/twitter.com\/hashtag\/OaxacaRojo?src=hash&amp;ref_src=twsrc%5Etfw\">#OaxacaRojo<\/a><br>Tercer d\u00eda de asalto violento relacionado con bancos. En el transcurso de la madrugada de este mi\u00e9rcoles, fue vandalizado un cajero autom\u00e1tico ubicado en jurisdicci\u00f3n de San Sebasti\u00e1n Tutla, cerca de la capital de <a href=\"https:\/\/twitter.com\/hashtag\/Oaxaca?src=hash&amp;ref_src=twsrc%5Etfw\">#Oaxaca<\/a>; se desconoce el monto del robo. <a href=\"https:\/\/t.co\/fRZmdWa0Bt\">pic.twitter.com\/fRZmdWa0Bt<\/a><\/p>&mdash; Zona Roja Oaxaca (@MexRoja) <a href=\"https:\/\/twitter.com\/MexRoja\/status\/1146472652384509952?ref_src=twsrc%5Etfw\">3 de julio de 2019<\/a><\/blockquote><\/div>\n<\/div><\/figure>\n\n\n\n<p>Por otra\nparte, la tarde de hoy, en el camino de La Venta a La Ventosa, del municipio de\nJuchit\u00e1n de Zaragoza, una persona fue ejecutada a balazos en el interior de su\nautom\u00f3vil, marca Chevrolet, tipo Chevy.<\/p>\n\n\n\n<p>La v\u00edctima\nfue identificada como Alejandro P. H., originaria de Tabasco pero radicada en\nLa Venta, Juchit\u00e1n. <\/p>\n\n\n\n<p>En esa misma\nciudad de la regi\u00f3n del Istmo de Tehuantepec, poco m\u00e1s tarde un trabajador de\nla compa\u00f1\u00eda Banco Azteca fue asaltado, cuando caminaba por el callej\u00f3n La\nGarza, de la Quinta Secci\u00f3n.<\/p>\n\n\n\n<p>Dos\nindividuos lo amagaron con un arma de fuego para robarle su tel\u00e9fono celular y\ndinero, tras lo cual se dieron a la fuga a bordo de un mototaxi. En los dos\nprimeros casos no hay personas detenidas.<\/p>\n\n\n\n<p>En este \u00faltimo, fue detenido un individuo que se identific\u00f3 como Cristian de la C., a quien al revisarlo, le hallaron los art\u00edculos robados.<\/p>\n\n\n\n<p>NUEVO MANDO POLICIAL<\/p>\n\n\n\n<figure class=\"wp-block-embed-twitter wp-block-embed is-type-rich is-provider-twitter\"><div class=\"wp-block-embed__wrapper\">\n<div class=\"twitter-tweet\"><blockquote class=\"twitter-tweet\" data-lang=\"es\"><p lang=\"es\" dir=\"ltr\">Seguimos construyendo un <a href=\"https:\/\/twitter.com\/hashtag\/OaxacaSeguro?src=hash&amp;ref_src=twsrc%5Etfw\">#OaxacaSeguro<\/a>; el Secretario Ra\u00fal Ernesto Salcedo Rosales, toma protesta al comisario Ra\u00fal Antonio Castillejos Sol\u00eds como comisionado de la <a href=\"https:\/\/twitter.com\/Policia_GobOax?ref_src=twsrc%5Etfw\">@Policia_GobOax<\/a>. Se suma a las tareas operativas y acciones de seguridad en beneficio de las y los oaxaque\u00f1os. <a href=\"https:\/\/t.co\/HTIctM9rWS\">pic.twitter.com\/HTIctM9rWS<\/a><\/p>&mdash; Sr\u00eda. Seg. P\u00fab. Oax. (@SSP_GobOax) <a href=\"https:\/\/twitter.com\/SSP_GobOax\/status\/1146477583934140416?ref_src=twsrc%5Etfw\">3 de julio de 2019<\/a><\/blockquote><\/div>\n<\/div><\/figure>\n\n\n\n<p>En tanto, en el transcurso de la ma\u00f1ana, el titular de la SSPO, Ra\u00fal Ernesto Salcedo Rosales, tom\u00f3 protesta al comisario Ra\u00fal Antonio Castillejos Sol\u00eds &#8211;originario de Nuevo Le\u00f3n&#8211;, como Comisionado de la Polic\u00eda Estatal.<\/p>\n\n\n\n<p>El nuevo\nfuncionario se desempe\u00f1\u00f3 como titular de la Divisi\u00f3n de Seguridad Regional de\nla Polic\u00eda Federal. <\/p>\n\n\n\n<p>De acuerdo\ncon un comunicado, est\u00e1 certificado por el Federal Bureau Investigation (FBI,\npor sus siglas en ingl\u00e9s) por el curso Mexican American Liaison and Law\nEnforcement Training.<\/p>\n\n\n\n<p>Es licenciado\nen Derecho y Ciencias Sociales, egresado de la Universidad Aut\u00f3noma de Nuevo\nLe\u00f3n. Tiene especialidad en Alta Direcci\u00f3n para Formar Mandos Superiores de\nPolic\u00eda, impartido en la Academia Superior de Seguridad P\u00fablica, en San Lu\u00eds\nPotos\u00ed.<\/p>\n\n\n\n<p>En su\nexperiencia como docente, fue instructor en el Diplomado en Direcci\u00f3n Policial,\ndirigido a Jefes de Polic\u00eda Latinoamericanos. Esto, en la Academia Superior de\nSeguridad P\u00fablica Federal.<\/p>\n","protected":false},"excerpt":{"rendered":"<p>Ismael Garc\u00eda M. Oaxaca de Ju\u00e1rez, Oax., 3 de julio de 2019.- Una persona ejecutada&hellip;<\/p>\n","protected":false},"author":2,"featured_media":2006,"comment_status":"closed","ping_status":"open","sticky":false,"template":"","format":"standard","meta":{"_lmt_disableupdate":"","_lmt_disable":"","_jetpack_memberships_contains_paid_content":false,"footnotes":""},"categories":[109,51],"tags":[298,297],"class_list":["post-2005","post","type-post","status-publish","format-standard","has-post-thumbnail","hentry","category-minuto-a-minuto","category-zona-roja","tag-asalto-cajero-santander","tag-ejecutado-juchitan"],"jetpack_featured_media_url":"https:\/\/zonaroja.com.mx\/wp-content\/uploads\/2019\/07\/violencia-Oaxaca.jpg","jetpack_sharing_enabled":true,"_links":{"self":[{"href":"https:\/\/zonaroja.com.mx\/index.php?rest_route=\/wp\/v2\/posts\/2005","targetHints":{"allow":["GET"]}}],"collection":[{"href":"https:\/\/zonaroja.com.mx\/index.php?rest_route=\/wp\/v2\/posts"}],"about":[{"href":"https:\/\/zonaroja.com.mx\/index.php?rest_route=\/wp\/v2\/types\/post"}],"author":[{"embeddable":true,"href":"https:\/\/zonaroja.com.mx\/index.php?rest_route=\/wp\/v2\/users\/2"}],"replies":[{"embeddable":true,"href":"https:\/\/zonaroja.com.mx\/index.php?rest_route=%2Fwp%2Fv2%2Fcomments&post=2005"}],"version-history":[{"count":3,"href":"https:\/\/zonaroja.com.mx\/index.php?rest_route=\/wp\/v2\/posts\/2005\/revisions"}],"predecessor-version":[{"id":2010,"href":"https:\/\/zonaroja.com.mx\/index.php?rest_route=\/wp\/v2\/posts\/2005\/revisions\/2010"}],"wp:featuredmedia":[{"embeddable":true,"href":"https:\/\/zonaroja.com.mx\/index.php?rest_route=\/wp\/v2\/media\/2006"}],"wp:attachment":[{"href":"https:\/\/zonaroja.com.mx\/index.php?rest_route=%2Fwp%2Fv2%2Fmedia&parent=2005"}],"wp:term":[{"taxonomy":"category","embeddable":true,"href":"https:\/\/zonaroja.com.mx\/index.php?rest_route=%2Fwp%2Fv2%2Fcategories&post=2005"},{"taxonomy":"post_tag","embeddable":true,"href":"https:\/\/zonaroja.com.mx\/index.php?rest_route=%2Fwp%2Fv2%2Ftags&post=2005"}],"curies":[{"name":"wp","href":"https:\/\/api.w.org\/{rel}","templated":true}]}}