{"id":20053,"date":"2020-11-14T16:44:05","date_gmt":"2020-11-14T22:44:05","guid":{"rendered":"http:\/\/www.zonaroja.com.mx\/?p=20053"},"modified":"2020-11-14T16:44:09","modified_gmt":"2020-11-14T22:44:09","slug":"realizan-en-oaxaca-caravana-vehicular-por-los-derechos-y-la-dignidad","status":"publish","type":"post","link":"https:\/\/zonaroja.com.mx\/?p=20053","title":{"rendered":"Realizan en Oaxaca caravana vehicular por los derechos y la dignidad"},"content":{"rendered":"\n<p>Redacci\u00f3n\/Zona Roja.<\/p>\n\n\n\n<p>Oaxaca de Ju\u00e1rez, Oax., 14 de noviembre de 2020.- Organismos civiles y de distintas creencias religiosas protestaron hoy de manera pac\u00edfica en Oaxaca, ante las iniciativas que en fechas recientes se han presentado en el Congreso local.<\/p>\n\n\n\n<p>Ello porque \u201catentan contra la vida, contra nuestros hijos y en contra de los derechos que como padres tenemos, as\u00ed como en contra al derecho a la salud promovidas por legisladoras de Morena\u201d.<\/p>\n\n\n\n<p>En conferencia de prensa frente a la sede de la Defensor\u00eda de los Derechos Humanos del Pueblo de Oaxaca, se solidarizaron tambi\u00e9n con el Movimiento Nacional por la Salud, constituido por pap\u00e1s de ni\u00f1os con c\u00e1ncer.<\/p>\n\n\n\n<p>\u201cHacemos nuestra su lucha y pedimos que todo el recurso millonario destinado al aborto se aplique para adquirir los medicamentos que requieren los ni\u00f1os con c\u00e1ncer para salvar sus vidas\u201d, manifestaron en un posicionamiento.<\/p>\n\n\n\n<p>\u201cLos oaxaque\u00f1os estaremos atentos y no votaremos por candidatos o partidos que promuevan iniciativas absurdas en contra de la vida y la familia y que cierren los ojos frente a las verdaderas necesidades de la gente\u201d, expusieron.<\/p>\n\n\n\n<figure class=\"wp-block-embed-twitter wp-block-embed is-type-rich is-provider-twitter\"><div class=\"wp-block-embed__wrapper\">\n<div class=\"twitter-tweet\"><blockquote class=\"twitter-tweet\" data-lang=\"es\"><p lang=\"es\" dir=\"ltr\"><a href=\"https:\/\/twitter.com\/hashtag\/%C3%9AltimoMinuto?src=hash&amp;ref_src=twsrc%5Etfw\">#\u00daltimoMinuto<\/a><br>(1) Este s\u00e1bado, grupos de cristianos y cat\u00f3licos, as\u00ed como de organismos civiles, emitieron un pronunciamiento en la sede de la <a href=\"https:\/\/twitter.com\/DDHPO?ref_src=twsrc%5Etfw\">@DDHPO<\/a> en la capital, contra el aborto y a favor de la vida; pidieron a legisladores priorizar otras necesidades en Oaxaca y M\u00e9xico. <a href=\"https:\/\/t.co\/z5nXi6CJcH\">pic.twitter.com\/z5nXi6CJcH<\/a><\/p>&mdash; Zona Roja Oaxaca (@MexRoja) <a href=\"https:\/\/twitter.com\/MexRoja\/status\/1327686067877720064?ref_src=twsrc%5Etfw\">14 de noviembre de 2020<\/a><\/blockquote><\/div>\n<\/div><\/figure>\n\n\n\n<p>Entre otros temas, hablaron de la iniciativa presentada por la diputada Magaly L\u00f3pez Dom\u00ednguez, de Morena, para reformar los art\u00edculos 137, 137 ter y 137 Quarter del C\u00f3digo Civil para garantizar el derecho a la identidad de g\u00e9nero a partir de los 12 a\u00f1os de edad.<\/p>\n\n\n\n<p>Pidieron que se deseche y en su lugar se promueva la iniciativa de ley propuesta por el Movimiento Nacional por la Salud para garantizar la atenci\u00f3n a los ni\u00f1os con c\u00e1ncer.<\/p>\n\n\n\n<p>En cuanto a la propuesta de la legisladora Hilda Graciela P\u00e9rez Luis para declarar el 25 de septiembre de cada a\u00f1o, como el \u201cD\u00eda Estatal por el Derecho a Decidir de las Mujeres\u201d, con la intenci\u00f3n de instaurar el aborto como un derecho en el estado, &nbsp;pidieron que este punto de acuerdo se deseche.<\/p>\n\n\n\n<p>Lo anterior porque \u201cno puede celebrarse el d\u00eda que la C\u00e1mara de Diputados actu\u00f3 en contra de los ni\u00f1os, las mujeres y, el pueblo en general, al violar la Constituci\u00f3n del Estado, en su art\u00edculo 12 donde se protege y garantiza el derecho a la vida.<\/p>\n\n\n\n<p>\u201cTodo ser humano desde el momento de la fecundaci\u00f3n entra bajo la protecci\u00f3n de la ley se le reputa como nacido para todos los efectos legales hasta su muerte natural\u201d.<\/p>\n\n\n\n<p>\u201cReiteramos nuestro respetuoso llamado a los diputados locales y federales, as\u00ed como a nuestros senadores, que representen el sentir de los oaxaque\u00f1os enfoc\u00e1ndose en las verdaderas necesidades de la gente como son la salud, el empleo, y la educaci\u00f3n, la seguridad.<\/p>\n\n\n\n<figure class=\"wp-block-embed-twitter wp-block-embed is-type-rich is-provider-twitter\"><div class=\"wp-block-embed__wrapper\">\n<div class=\"twitter-tweet\"><blockquote class=\"twitter-tweet\" data-lang=\"es\"><p lang=\"es\" dir=\"ltr\"><a href=\"https:\/\/twitter.com\/hashtag\/%C3%9AltimoMinuto?src=hash&amp;ref_src=twsrc%5Etfw\">#\u00daltimoMinuto<\/a><br>(2) Tras el pronunciamiento, organismos civiles e iglesias cat\u00f3licas y evang\u00e9licas efectuaron una marcha caravana hacia la colonia Reforma y el centro de la ciudad de <a href=\"https:\/\/twitter.com\/hashtag\/Oaxaca?src=hash&amp;ref_src=twsrc%5Etfw\">#Oaxaca<\/a>, en que mostraron pancartas y banderines a favor de la vida y de las mujeres. <a href=\"https:\/\/t.co\/rFBScpfzmE\">pic.twitter.com\/rFBScpfzmE<\/a><\/p>&mdash; Zona Roja Oaxaca (@MexRoja) <a href=\"https:\/\/twitter.com\/MexRoja\/status\/1327692151745114112?ref_src=twsrc%5Etfw\">14 de noviembre de 2020<\/a><\/blockquote><\/div>\n<\/div><\/figure>\n\n\n\n<p>\u201cPara esto se necesita cercan\u00eda y di\u00e1logo con los afectados, as\u00ed como de conocimiento al servicio de la resoluci\u00f3n de las problem\u00e1ticas. Por nuestra parte, queremos ser colaboradores en el bien com\u00fan\u201d.<\/p>\n\n\n\n<p>\u201cLos oaxaque\u00f1os necesitamos que prioricen las verdaderas necesidades de su poblaci\u00f3n, ya que las iniciativas presentadas pretenden acabar con lo m\u00e1s valioso que tenemos, nuestras familias oaxaque\u00f1as\u201d, expusieron.<\/p>\n\n\n\n<p>Tras la lectura del posicionamiento, iniciaron una caravana de veh\u00edculos hacia la colonia Reforma y luego al centro de la ciudad, con la finalidad de difundir sus llamados de respeto a la vida.<\/p>\n\n\n\n<p>Aqu\u00ed la transmisi\u00f3n:<\/p>\n\n\n\n<figure class=\"wp-block-embed\"><div class=\"wp-block-embed__wrapper\">\n<div class=\"fb-video\" data-allowfullscreen=\"true\" data-href=\"https:\/\/www.facebook.com\/UnidadOaxVidayFamilia\/videos\/381127823123958\" style=\"background-color: #fff; display: inline-block;\"><\/div>\n<\/div><\/figure>\n","protected":false},"excerpt":{"rendered":"<p>Redacci\u00f3n\/Zona Roja. Oaxaca de Ju\u00e1rez, Oax., 14 de noviembre de 2020.- Organismos civiles y de&hellip;<\/p>\n","protected":false},"author":2,"featured_media":20054,"comment_status":"closed","ping_status":"open","sticky":false,"template":"","format":"standard","meta":{"_lmt_disableupdate":"","_lmt_disable":"","_jetpack_memberships_contains_paid_content":false,"footnotes":""},"categories":[109,46],"tags":[2213],"class_list":["post-20053","post","type-post","status-publish","format-standard","has-post-thumbnail","hentry","category-minuto-a-minuto","category-zona-blanca","tag-provida-y-contra-el-aborto-en-oaxaca"],"jetpack_featured_media_url":"https:\/\/zonaroja.com.mx\/wp-content\/uploads\/2020\/11\/Conferencia-asociaciones-a-favor-de-la-vida..jpg","jetpack_sharing_enabled":true,"_links":{"self":[{"href":"https:\/\/zonaroja.com.mx\/index.php?rest_route=\/wp\/v2\/posts\/20053","targetHints":{"allow":["GET"]}}],"collection":[{"href":"https:\/\/zonaroja.com.mx\/index.php?rest_route=\/wp\/v2\/posts"}],"about":[{"href":"https:\/\/zonaroja.com.mx\/index.php?rest_route=\/wp\/v2\/types\/post"}],"author":[{"embeddable":true,"href":"https:\/\/zonaroja.com.mx\/index.php?rest_route=\/wp\/v2\/users\/2"}],"replies":[{"embeddable":true,"href":"https:\/\/zonaroja.com.mx\/index.php?rest_route=%2Fwp%2Fv2%2Fcomments&post=20053"}],"version-history":[{"count":1,"href":"https:\/\/zonaroja.com.mx\/index.php?rest_route=\/wp\/v2\/posts\/20053\/revisions"}],"predecessor-version":[{"id":20055,"href":"https:\/\/zonaroja.com.mx\/index.php?rest_route=\/wp\/v2\/posts\/20053\/revisions\/20055"}],"wp:featuredmedia":[{"embeddable":true,"href":"https:\/\/zonaroja.com.mx\/index.php?rest_route=\/wp\/v2\/media\/20054"}],"wp:attachment":[{"href":"https:\/\/zonaroja.com.mx\/index.php?rest_route=%2Fwp%2Fv2%2Fmedia&parent=20053"}],"wp:term":[{"taxonomy":"category","embeddable":true,"href":"https:\/\/zonaroja.com.mx\/index.php?rest_route=%2Fwp%2Fv2%2Fcategories&post=20053"},{"taxonomy":"post_tag","embeddable":true,"href":"https:\/\/zonaroja.com.mx\/index.php?rest_route=%2Fwp%2Fv2%2Ftags&post=20053"}],"curies":[{"name":"wp","href":"https:\/\/api.w.org\/{rel}","templated":true}]}}