{"id":20079,"date":"2020-11-15T07:45:15","date_gmt":"2020-11-15T13:45:15","guid":{"rendered":"http:\/\/www.zonaroja.com.mx\/?p=20079"},"modified":"2020-11-15T07:45:18","modified_gmt":"2020-11-15T13:45:18","slug":"mediacion-en-linea-mecanismo-alterno-de-solucion-de-controversias-poder-judicial","status":"publish","type":"post","link":"https:\/\/zonaroja.com.mx\/?p=20079","title":{"rendered":"Mediaci\u00f3n en l\u00ednea, mecanismo alterno de soluci\u00f3n de controversias: Poder Judicial"},"content":{"rendered":"\n<p>Redacci\u00f3n\/Zona Roja.<\/p>\n\n\n\n<p>Oaxaca de Ju\u00e1rez, Oax., 15 de noviembre de noviembre de 2020.- El impacto de las nuevas tecnolog\u00edas y, en particular el uso de internet, ha hecho posible el establecimiento de nuevos m\u00e9todos para la resoluci\u00f3n de conflictos.<\/p>\n\n\n\n<p>Es por ello que, con el objetivo de privilegiar la salud de las y los servidores p\u00fablicos del Poder Judicial del Estado de Oaxaca, as\u00ed como la de los usuarios, a trav\u00e9s del Centro de Justicia Alternativa se estableci\u00f3 el servicio de Mediaci\u00f3n en L\u00ednea.<\/p>\n\n\n\n<p>Con este procedimiento, las personas pueden lograr acuerdos de manera r\u00e1pida y efectiva protegiendo su salud f\u00edsica y emocional durante el proceso, adem\u00e1s de contar con la atenci\u00f3n de parte de alguna mediadora o mediador especializado quien, de manera imparcial, intervendr\u00e1 con el prop\u00f3sito de ayudar a las partes a resolver sus diferencias y mejorar sus relaciones en el futuro, coment\u00f3 la directora del \u00e1rea, Betzzaida Cruz Mendoza.<\/p>\n\n\n\n<p>Explic\u00f3 que el proceso inicia con el env\u00edo de una solicitud al correo electr\u00f3nico mediaci\u00f3nadistanciacja@hotmail.com en la cual, las y los interesados deber\u00e1n escribir su nombre completo, domicilio, n\u00famero telef\u00f3nico de contacto y correo electr\u00f3nico personal, as\u00ed como el nombre de la persona con quien se presenta la controversia, su domicilio, n\u00famero telef\u00f3nico y correo electr\u00f3nico personal (si cuenta con \u00e9l).<\/p>\n\n\n\n<p>Asimismo, coment\u00f3, deber\u00e1 manifestar el tipo de problema en el que requiere el apoyo del Centro de Justicia Alternativa y expresar la voluntad de iniciar el proceso de manera virtual. De igual manera, dicha solicitud deber\u00e1 ser acompa\u00f1ada con una identificaci\u00f3n o documento oficial que acredite la personalidad del solicitante.<\/p>\n\n\n\n<p>Las sesiones se llevan a cabo a trav\u00e9s de los medios electr\u00f3nicos necesarios, cumpliendo con las etapas y metodolog\u00edas que se requieran para una mediaci\u00f3n a distancia efectiva. Este procedimiento concluye una vez que la o el mediador se pone en contacto con ambas partes y de llegar a un acuerdo, se formaliza un convenio para ratificarlo en el Centro de Justicia Alternativa.<\/p>\n\n\n\n<p>Para cualquier duda o aclaraci\u00f3n, las personas pueden comunicarse al 951 514 91 91, 951 514 14 71 o a la lada sin costo 800 82 16 789, de lunes a viernes en un horario de 09:00 a 16:00 horas y s\u00e1bado de 10:00 a 13:00 horas.<\/p>\n\n\n\n<p>Con la Mediaci\u00f3n en L\u00ednea, mediante la cual en el periodo de julio de este a\u00f1o a finales del mes octubre se hab\u00edan atendido 191 asuntos, el Poder Judicial del Estado avanza en la implementaci\u00f3n de sistemas procesales m\u00e1s modernos y t\u00e9cnicos que resulten econ\u00f3micos, pr\u00e1cticos y accesibles a la ciudadan\u00eda.<\/p>\n","protected":false},"excerpt":{"rendered":"<p>Redacci\u00f3n\/Zona Roja. Oaxaca de Ju\u00e1rez, Oax., 15 de noviembre de noviembre de 2020.- El impacto&hellip;<\/p>\n","protected":false},"author":2,"featured_media":20077,"comment_status":"closed","ping_status":"open","sticky":false,"template":"","format":"standard","meta":{"_lmt_disableupdate":"","_lmt_disable":"","_jetpack_memberships_contains_paid_content":false,"footnotes":""},"categories":[109,46],"tags":[223],"class_list":["post-20079","post","type-post","status-publish","format-standard","has-post-thumbnail","hentry","category-minuto-a-minuto","category-zona-blanca","tag-poder-judicial-de-oaxaca"],"jetpack_featured_media_url":"https:\/\/zonaroja.com.mx\/wp-content\/uploads\/2020\/11\/LIC-BETZZAIDA-CRUZ.jpg","jetpack_sharing_enabled":true,"_links":{"self":[{"href":"https:\/\/zonaroja.com.mx\/index.php?rest_route=\/wp\/v2\/posts\/20079","targetHints":{"allow":["GET"]}}],"collection":[{"href":"https:\/\/zonaroja.com.mx\/index.php?rest_route=\/wp\/v2\/posts"}],"about":[{"href":"https:\/\/zonaroja.com.mx\/index.php?rest_route=\/wp\/v2\/types\/post"}],"author":[{"embeddable":true,"href":"https:\/\/zonaroja.com.mx\/index.php?rest_route=\/wp\/v2\/users\/2"}],"replies":[{"embeddable":true,"href":"https:\/\/zonaroja.com.mx\/index.php?rest_route=%2Fwp%2Fv2%2Fcomments&post=20079"}],"version-history":[{"count":1,"href":"https:\/\/zonaroja.com.mx\/index.php?rest_route=\/wp\/v2\/posts\/20079\/revisions"}],"predecessor-version":[{"id":20080,"href":"https:\/\/zonaroja.com.mx\/index.php?rest_route=\/wp\/v2\/posts\/20079\/revisions\/20080"}],"wp:featuredmedia":[{"embeddable":true,"href":"https:\/\/zonaroja.com.mx\/index.php?rest_route=\/wp\/v2\/media\/20077"}],"wp:attachment":[{"href":"https:\/\/zonaroja.com.mx\/index.php?rest_route=%2Fwp%2Fv2%2Fmedia&parent=20079"}],"wp:term":[{"taxonomy":"category","embeddable":true,"href":"https:\/\/zonaroja.com.mx\/index.php?rest_route=%2Fwp%2Fv2%2Fcategories&post=20079"},{"taxonomy":"post_tag","embeddable":true,"href":"https:\/\/zonaroja.com.mx\/index.php?rest_route=%2Fwp%2Fv2%2Ftags&post=20079"}],"curies":[{"name":"wp","href":"https:\/\/api.w.org\/{rel}","templated":true}]}}