{"id":20084,"date":"2020-11-15T08:46:16","date_gmt":"2020-11-15T14:46:16","guid":{"rendered":"http:\/\/www.zonaroja.com.mx\/?p=20084"},"modified":"2020-11-15T08:46:19","modified_gmt":"2020-11-15T14:46:19","slug":"arremete-salomon-jara-contra-sus-propios-companeros-de-morena","status":"publish","type":"post","link":"https:\/\/zonaroja.com.mx\/?p=20084","title":{"rendered":"Arremete Salom\u00f3n Jara contra sus propios compa\u00f1eros de Morena"},"content":{"rendered":"\n<p>Redacci\u00f3n\/Zona Roja.<\/p>\n\n\n\n<p>Oaxaca de Ju\u00e1rez, Oax., 15 de noviembre de 2020.- Debido a que fue reconvenido por la polic\u00eda municipal de Santa Cruz Xoxocotl\u00e1n a no realizar actos masivos para evitar contagios por Covid-19, el senador Salom\u00f3n Jara Cruz arremeti\u00f3 contra sus propios compa\u00f1eros de Morena.<\/p>\n\n\n\n<p>El pasado viernes, el legislador efectu\u00f3 diversas reuniones con cientos de personas en diversos municipios, entre ellos Xoxocotl\u00e1n y Oaxaca de Ju\u00e1rez. En el primer sitio, lo hizo en la colonia Francisco I. Madero.<\/p>\n\n\n\n<p>\u201cVarias llamadas ciudadanas a nuestro C-2 nos estaban reportando aglomeraci\u00f3n de personas, la polic\u00eda municipal acudi\u00f3 y certific\u00f3 la existencia de una reuni\u00f3n informativa, de esas que hace Salom\u00f3n Jara, disfrazadas de reuni\u00f3n informativa, donde no ten\u00edan ning\u00fan tipo de medidas sanitarias.<\/p>\n\n\n\n<figure class=\"wp-block-embed-twitter wp-block-embed is-type-rich is-provider-twitter\"><div class=\"wp-block-embed__wrapper\">\n<div class=\"twitter-tweet\"><blockquote class=\"twitter-tweet\" data-lang=\"es\"><p lang=\"es\" dir=\"ltr\">En respuesta, el responsable de Seguridad P\u00fablica Municipal de Xoxocotl\u00e1n, Edy Caballero (<a href=\"https:\/\/twitter.com\/edycaballero?ref_src=twsrc%5Etfw\">@edycaballero<\/a>) dijo que el enojo del senador <a href=\"https:\/\/twitter.com\/salomonj?ref_src=twsrc%5Etfw\">@salomonj<\/a> fue porque la polic\u00eda acudi\u00f3 a conminar a los asistentes a la reuni\u00f3n masiva para que la cancelaran,a fin de evitar contagios de Covid. <a href=\"https:\/\/t.co\/JOklQRnZaA\">pic.twitter.com\/JOklQRnZaA<\/a><\/p>&mdash; Zona Roja Oaxaca (@MexRoja) <a href=\"https:\/\/twitter.com\/MexRoja\/status\/1327972711465775105?ref_src=twsrc%5Etfw\">15 de noviembre de 2020<\/a><\/blockquote><\/div>\n<\/div><\/figure>\n\n\n\n<p>\u201cMuchos de los compa\u00f1eros que estaban ah\u00ed no ten\u00edan cubrebocas, no hab\u00eda un filtro de sanitizaci\u00f3n al ingresar a la reuni\u00f3n; sin embargo, hubo personas que se identificaron como escoltas del senador Salom\u00f3n Jara, que con mucha prepotencia intimidaron a nuestra polic\u00eda municipal, dijeron que nos ten\u00edamos que retirar\u201d, narr\u00f3 en una entrevista radiof\u00f3nica el responsable de Seguridad Municipal de Xoxocotl\u00e1n, Edy Caballero.<\/p>\n\n\n\n<p>Expuso que como autoridad administrativa, lo que se hizo fue emitir recomendaciones a la poblaci\u00f3n, a fin de abstenerse de realizar reuniones masivas para evitar contagios.<\/p>\n\n\n\n<p>\u201cEl senador hace una serie de se\u00f1alamientos; no deber\u00eda espantarse con el petate del muerto; \u00e9l est\u00e1 acostumbrado a enga\u00f1ar a las comunidades queriendo disfrazar esas dichosas reuniones informativas en nombre del Presidente L\u00f3pez Obrador cuando en realidad sabemos a ciencia cierta que se encuentra haciendo proselitismo como supuesto candidato a gobernador, cuando no tiene ninguna posibilidad\u201d, dijo.<\/p>\n\n\n\n<figure class=\"wp-block-embed-twitter wp-block-embed is-type-rich is-provider-twitter\"><div class=\"wp-block-embed__wrapper\">\n<div class=\"twitter-tweet\"><blockquote class=\"twitter-tweet\" data-lang=\"es\"><p lang=\"es\" dir=\"ltr\">Debido a que fue exhibido por sostener una reuni\u00f3n masiva con militantes de Morena en Santa Cruz <a href=\"https:\/\/twitter.com\/hashtag\/Xoxocotl%C3%A1n?src=hash&amp;ref_src=twsrc%5Etfw\">#Xoxocotl\u00e1n<\/a>, el senador <a href=\"https:\/\/twitter.com\/salomonj?ref_src=twsrc%5Etfw\">@salomonj<\/a> arremeti\u00f3 contra el director de Seguridad P\u00fablica Municipal, Edy Caballero, y lo desconoci\u00f3 pese a ser su compa\u00f1ero de partido. <a href=\"https:\/\/t.co\/hwB4JrxOKE\">pic.twitter.com\/hwB4JrxOKE<\/a><\/p>&mdash; Zona Roja Oaxaca (@MexRoja) <a href=\"https:\/\/twitter.com\/MexRoja\/status\/1327969601016119297?ref_src=twsrc%5Etfw\">15 de noviembre de 2020<\/a><\/blockquote><\/div>\n<\/div><\/figure>\n\n\n\n<p>Previo a ello, durante la reuni\u00f3n en Xoxocotl\u00e1n, Salom\u00f3n Jara arremeti\u00f3 contra Edy Caballero por interferir en su encuentro masivo y disuadirlos a terminarla para evitar la diseminaci\u00f3n del Covid.<\/p>\n\n\n\n<p>\u201cHab\u00eda llegado un se\u00f1or que es creo comandante de la polic\u00eda; se llama Edy Caballero, \u00bfs\u00ed lo conocen?, creo que fue tesorero del municipio, y hubo pleito interno, creo que cuando estaban contando algunos pesos, faltaban unos centavos, y mejor lo mandaron de comandante.<\/p>\n\n\n\n<p>\u201cEl se\u00f1or Edy Caballero est\u00e1 muy pegado con el presidente municipal Alejandro Jarqu\u00edn&#8230; Ahora, \u00a1est\u00e1 formando comit\u00e9s de Morena! \u00a1Miren ustedes!, est\u00e1 formado comit\u00e9s de Morena! \u00a1Hasta d\u00f3nde ha llegado\u00bb, expuso.<\/p>\n\n\n\n<p>Morenistas que se encontraban en el lugar, lamentaron las expresiones den senador Jara Cruz, pues Edy Caballero ha estado participando en reuniones a invitaci\u00f3n de integrantes de Morena, entre ellos la diputada Magaly L\u00f3pez, seg\u00fan expusieron.<\/p>\n","protected":false},"excerpt":{"rendered":"<p>Redacci\u00f3n\/Zona Roja. Oaxaca de Ju\u00e1rez, Oax., 15 de noviembre de 2020.- Debido a que fue&hellip;<\/p>\n","protected":false},"author":2,"featured_media":20085,"comment_status":"closed","ping_status":"open","sticky":false,"template":"","format":"standard","meta":{"_lmt_disableupdate":"","_lmt_disable":"","_jetpack_memberships_contains_paid_content":false,"footnotes":""},"categories":[109,47],"tags":[939],"class_list":["post-20084","post","type-post","status-publish","format-standard","has-post-thumbnail","hentry","category-minuto-a-minuto","category-zona-gris","tag-salomon-jara-cruz"],"jetpack_featured_media_url":"https:\/\/zonaroja.com.mx\/wp-content\/uploads\/2020\/11\/Salomon-Jara-reunion.jpg","jetpack_sharing_enabled":true,"_links":{"self":[{"href":"https:\/\/zonaroja.com.mx\/index.php?rest_route=\/wp\/v2\/posts\/20084","targetHints":{"allow":["GET"]}}],"collection":[{"href":"https:\/\/zonaroja.com.mx\/index.php?rest_route=\/wp\/v2\/posts"}],"about":[{"href":"https:\/\/zonaroja.com.mx\/index.php?rest_route=\/wp\/v2\/types\/post"}],"author":[{"embeddable":true,"href":"https:\/\/zonaroja.com.mx\/index.php?rest_route=\/wp\/v2\/users\/2"}],"replies":[{"embeddable":true,"href":"https:\/\/zonaroja.com.mx\/index.php?rest_route=%2Fwp%2Fv2%2Fcomments&post=20084"}],"version-history":[{"count":1,"href":"https:\/\/zonaroja.com.mx\/index.php?rest_route=\/wp\/v2\/posts\/20084\/revisions"}],"predecessor-version":[{"id":20086,"href":"https:\/\/zonaroja.com.mx\/index.php?rest_route=\/wp\/v2\/posts\/20084\/revisions\/20086"}],"wp:featuredmedia":[{"embeddable":true,"href":"https:\/\/zonaroja.com.mx\/index.php?rest_route=\/wp\/v2\/media\/20085"}],"wp:attachment":[{"href":"https:\/\/zonaroja.com.mx\/index.php?rest_route=%2Fwp%2Fv2%2Fmedia&parent=20084"}],"wp:term":[{"taxonomy":"category","embeddable":true,"href":"https:\/\/zonaroja.com.mx\/index.php?rest_route=%2Fwp%2Fv2%2Fcategories&post=20084"},{"taxonomy":"post_tag","embeddable":true,"href":"https:\/\/zonaroja.com.mx\/index.php?rest_route=%2Fwp%2Fv2%2Ftags&post=20084"}],"curies":[{"name":"wp","href":"https:\/\/api.w.org\/{rel}","templated":true}]}}