{"id":20087,"date":"2020-11-15T11:44:10","date_gmt":"2020-11-15T17:44:10","guid":{"rendered":"http:\/\/www.zonaroja.com.mx\/?p=20087"},"modified":"2020-11-15T11:44:14","modified_gmt":"2020-11-15T17:44:14","slug":"quitan-con-violencia-a-manifestantes-que-obstruian-a-comitiva-de-murat","status":"publish","type":"post","link":"https:\/\/zonaroja.com.mx\/?p=20087","title":{"rendered":"Quitan con violencia a manifestantes que obstru\u00edan a comitiva de Murat"},"content":{"rendered":"\n<p>Evlin Arag\u00f3n\/Zona Roja.<\/p>\n\n\n\n<p>Oaxaca de Ju\u00e1rez, Oax., 15 de noviembre de 2020.- Pese al madruguete por parte del Ejecutivo estatal, Alejandro Murat, para entregar el Cuarto Informe de Actividades, la protesta no falt\u00f3 este domingo.<\/p>\n\n\n\n<p>Fueron familiares de una ni\u00f1a, v\u00edctima de violencia sexual, quienes arribaron con una lona en la avenida Guadalupe Hinojosa, en inmediaciones de la Universidad An\u00e1huac, para intentar hablar con el mandatario y pedir que les ayude a obtener justicia, ante la omisi\u00f3n por parte de la Fiscal\u00eda General del Estado.&nbsp;<\/p>\n\n\n\n<p>Portando una lona con la imagen del agresor sexual, realizaron su protesta pac\u00edfica para dar con el paradero de J. E. C. A., quien desde el a\u00f1o pasado cuenta con una orden de aprehensi\u00f3n en el estado de Oaxaca por el delito de violaci\u00f3n sexual agravada en contra de una menor de edad.&nbsp;&nbsp;<\/p>\n\n\n\n<p>Sin embargo, al paso de la comitiva, un elemento de la Polic\u00eda Vial del Estado y guardias de seguridad de Murat Hinojosa bajaron de inmediato y empujaron al padre de familia, para que la comitiva pasara sin contratiempo.<\/p>\n\n\n\n<figure class=\"wp-block-embed-twitter wp-block-embed is-type-rich is-provider-twitter\"><div class=\"wp-block-embed__wrapper\">\n<div class=\"twitter-tweet\"><blockquote class=\"twitter-tweet\" data-lang=\"es\"><p lang=\"es\" dir=\"ltr\"><a href=\"https:\/\/twitter.com\/hashtag\/OaxacaGris?src=hash&amp;ref_src=twsrc%5Etfw\">#OaxacaGris<\/a><br>Este fue el momento en que fue retirada con violencia una persona -que protestaba para exigir la detenci\u00f3n de un presunto violador-, para que pasara la comitiva del gobernador <a href=\"https:\/\/twitter.com\/alejandromurat?ref_src=twsrc%5Etfw\">@alejandromurat<\/a>, tras acudir al Congreso del Estado a entregar su <a href=\"https:\/\/twitter.com\/hashtag\/4toInformeOaxaca?src=hash&amp;ref_src=twsrc%5Etfw\">#4toInformeOaxaca<\/a>. <a href=\"https:\/\/t.co\/0HyXCj1AVo\">pic.twitter.com\/0HyXCj1AVo<\/a><\/p>&mdash; Zona Roja Oaxaca (@MexRoja) <a href=\"https:\/\/twitter.com\/MexRoja\/status\/1328023400997027841?ref_src=twsrc%5Etfw\">15 de noviembre de 2020<\/a><\/blockquote><\/div>\n<\/div><\/figure>\n\n\n\n<p>Desde la semana pasada, Daniel y Mar\u00eda de Jes\u00fas, padre y madre de la ni\u00f1a, han hecho viral un video para denunciar la inacci\u00f3n por parte de la Fiscal\u00eda General de Justicia del Estado que, lejos de capturar al agresor, lo dej\u00f3 escapar y ahora no responde a los llamados de la familia que \u00fanicamente reclama se agilicen los procesos para sancionar a quien le arruin\u00f3 la vida a una menor de 12 a\u00f1os.&nbsp;&nbsp;<\/p>\n\n\n\n<p>La omisi\u00f3n de las autoridades les oblig\u00f3 a interponer un juicio de amparo en contra del fiscal Rub\u00e9n Vasconcelos M\u00e9ndez, de la Fiscal\u00eda Especializada en Delitos contra la Mujer y la Agencia Estatal de Investigaciones, a quienes acusan de no cumplir con la orden de aprensi\u00f3n que tiene como objetivo poner tras las rejas al se\u00f1alado como agresor.&nbsp;&nbsp;<\/p>\n\n\n\n<p>Con la esperanza de, esta vez, s\u00ed ser atendidos por las autoridades se hicieron presentes en inmediaciones del Congreso local donde a muy temprana hora arrib\u00f3 el gobernador para entregar el documento correspondiente a su informe de actividades.\u00a0<\/p>\n\n\n\n<figure class=\"wp-block-embed-twitter wp-block-embed is-type-rich is-provider-twitter\"><div class=\"wp-block-embed__wrapper\">\n<div class=\"twitter-tweet\"><blockquote class=\"twitter-tweet\" data-lang=\"es\"><p lang=\"es\" dir=\"ltr\"><a href=\"https:\/\/twitter.com\/hashtag\/%C3%9AltimoMinuto?src=hash&amp;ref_src=twsrc%5Etfw\">#\u00daltimoMinuto<\/a> <br>Pese al madruguete, las protestas contra el gobernador <a href=\"https:\/\/twitter.com\/alejandromurat?ref_src=twsrc%5Etfw\">@alejandromurat<\/a> no faltaron, tanto durante la sesi\u00f3n del <a href=\"https:\/\/twitter.com\/CongresoOaxLXIV?ref_src=twsrc%5Etfw\">@CongresoOaxLXIV<\/a> al entregar su Cuarto Informe, como en el exterior, donde reclamaron la b\u00fasqueda de desaparecidos. <a href=\"https:\/\/t.co\/s5r6eeArTZ\">pic.twitter.com\/s5r6eeArTZ<\/a><\/p>&mdash; Zona Roja Oaxaca (@MexRoja) <a href=\"https:\/\/twitter.com\/MexRoja\/status\/1327989182447439883?ref_src=twsrc%5Etfw\">15 de noviembre de 2020<\/a><\/blockquote><\/div>\n<\/div><\/figure>\n\n\n\n<p>Pero lejos de mostrar sensibilidad, el convoy compuesto de dos camionetas y m\u00e1s de cinco motocicletas que trasladaba al gobernador par\u00f3 \u00fanicamente por 15 segundos para el retiro de la protesta y sigui\u00f3 como si nada, con lo que una vez m\u00e1s la familia de la ni\u00f1a agredida sexualmente fue ignorada por las autoridades estatales.\u00a0<\/p>\n\n\n\n<p>Mientras tanto un grupo de bur\u00f3cratas acarreados, que desde ayer fueron obligados a entregar propaganda del Cuarto Informe de Gobierno en los diferentes cruceros de la ciudad, coreaban y echaban porras al paso de la comitiva oficial intentando callar la protesta, que, aunque peque\u00f1a retrata la impunidad que existe en la entidad.\u00a0<\/p>\n\n\n\n<figure class=\"wp-block-embed-twitter wp-block-embed is-type-rich is-provider-twitter\"><div class=\"wp-block-embed__wrapper\">\n<div class=\"twitter-tweet\"><blockquote class=\"twitter-tweet\" data-lang=\"es\"><p lang=\"es\" dir=\"ltr\">#u#\u00daltimoMinuto <br>Mientras bur\u00f3cratas acarreados coreaban al paso de la comitiva oficial, luego del Cuarto Informe, un grupo de familiares de v\u00edctimas de desaparici\u00f3n interceptaron la camioneta del gobernador <a href=\"https:\/\/twitter.com\/alejandromurat?ref_src=twsrc%5Etfw\">@alejandromurat<\/a>;sin embargo, lo retir\u00f3 de inmediato la <a href=\"https:\/\/twitter.com\/PolVial_GobOax?ref_src=twsrc%5Etfw\">@PolVial_GobOax<\/a>. <a href=\"https:\/\/t.co\/hP2RkLI4s1\">pic.twitter.com\/hP2RkLI4s1<\/a><\/p>&mdash; Zona Roja Oaxaca (@MexRoja) <a href=\"https:\/\/twitter.com\/MexRoja\/status\/1327991848074297345?ref_src=twsrc%5Etfw\">15 de noviembre de 2020<\/a><\/blockquote><\/div>\n<\/div><\/figure>\n","protected":false},"excerpt":{"rendered":"<p>Evlin Arag\u00f3n\/Zona Roja. Oaxaca de Ju\u00e1rez, Oax., 15 de noviembre de 2020.- Pese al madruguete&hellip;<\/p>\n","protected":false},"author":2,"featured_media":20088,"comment_status":"closed","ping_status":"open","sticky":false,"template":"","format":"standard","meta":{"_lmt_disableupdate":"","_lmt_disable":"","_jetpack_memberships_contains_paid_content":false,"footnotes":""},"categories":[109,47],"tags":[2216],"class_list":["post-20087","post","type-post","status-publish","format-standard","has-post-thumbnail","hentry","category-minuto-a-minuto","category-zona-gris","tag-cuarto-informe-de-gobierno-oaxaca"],"jetpack_featured_media_url":"https:\/\/zonaroja.com.mx\/wp-content\/uploads\/2020\/11\/Protesta-informe-gobernador.jpg","jetpack_sharing_enabled":true,"_links":{"self":[{"href":"https:\/\/zonaroja.com.mx\/index.php?rest_route=\/wp\/v2\/posts\/20087","targetHints":{"allow":["GET"]}}],"collection":[{"href":"https:\/\/zonaroja.com.mx\/index.php?rest_route=\/wp\/v2\/posts"}],"about":[{"href":"https:\/\/zonaroja.com.mx\/index.php?rest_route=\/wp\/v2\/types\/post"}],"author":[{"embeddable":true,"href":"https:\/\/zonaroja.com.mx\/index.php?rest_route=\/wp\/v2\/users\/2"}],"replies":[{"embeddable":true,"href":"https:\/\/zonaroja.com.mx\/index.php?rest_route=%2Fwp%2Fv2%2Fcomments&post=20087"}],"version-history":[{"count":1,"href":"https:\/\/zonaroja.com.mx\/index.php?rest_route=\/wp\/v2\/posts\/20087\/revisions"}],"predecessor-version":[{"id":20089,"href":"https:\/\/zonaroja.com.mx\/index.php?rest_route=\/wp\/v2\/posts\/20087\/revisions\/20089"}],"wp:featuredmedia":[{"embeddable":true,"href":"https:\/\/zonaroja.com.mx\/index.php?rest_route=\/wp\/v2\/media\/20088"}],"wp:attachment":[{"href":"https:\/\/zonaroja.com.mx\/index.php?rest_route=%2Fwp%2Fv2%2Fmedia&parent=20087"}],"wp:term":[{"taxonomy":"category","embeddable":true,"href":"https:\/\/zonaroja.com.mx\/index.php?rest_route=%2Fwp%2Fv2%2Fcategories&post=20087"},{"taxonomy":"post_tag","embeddable":true,"href":"https:\/\/zonaroja.com.mx\/index.php?rest_route=%2Fwp%2Fv2%2Ftags&post=20087"}],"curies":[{"name":"wp","href":"https:\/\/api.w.org\/{rel}","templated":true}]}}