{"id":20090,"date":"2020-11-15T12:02:29","date_gmt":"2020-11-15T18:02:29","guid":{"rendered":"http:\/\/www.zonaroja.com.mx\/?p=20090"},"modified":"2020-11-15T12:04:50","modified_gmt":"2020-11-15T18:04:50","slug":"casi-de-madrugada-sesiona-y-concluye-diputacion-permanente","status":"publish","type":"post","link":"https:\/\/zonaroja.com.mx\/?p=20090","title":{"rendered":"Casi de madrugada sesiona y concluye Diputaci\u00f3n Permanente"},"content":{"rendered":"\n<p>Evlin Arag\u00f3n\/Zona Roja.<\/p>\n\n\n\n<p>Oaxaca de Ju\u00e1rez, Oax., 15 de noviembre de 2020.- Casi de madrugada, sin convocatoria a la prensa y con prisa fue clausurada este domingo la Diputaci\u00f3n Permanente de la 64 Legislatura de Oaxaca.<\/p>\n\n\n\n<p>La presidenta del \u00f3rgano, Elisa Zepeda Lagunas, present\u00f3 el informe en donde manifest\u00f3 que se mantuvieron vigilantes de los asuntos p\u00fablicos para velar siempre por los derechos humanos de las personas, la no discriminaci\u00f3n y trabajar a favor de la no violencia de ni\u00f1as, ni\u00f1os y mujeres.\u00a0 <\/p>\n\n\n\n<p>La sesi\u00f3n se llev\u00f3 a cabo antes de las siete de la ma\u00f1ana, previo a la entrega del Cuarto Informe del gobernador de Oaxaca, en la cual tambi\u00e9n se realiz\u00f3 la clausura de la Diputaci\u00f3n Permanente, perteneciente al segundo receso del segundo a\u00f1o legal de la 64 Legislatura local.<\/p>\n\n\n\n<p>La legisladora que fungi\u00f3 como presidenta, inform\u00f3 que se atendieron 243 asuntos legislativos, de los cuales: 106 fueron iniciativas con proyecto de decretos, 95 puntos de acuerdos, 42 dict\u00e1menes, as\u00ed como un n\u00famero importante de pronunciamientos ante diferentes problem\u00e1ticas sociales.&nbsp;<\/p>\n\n\n\n<p>Zepeda Lagunas detall\u00f3 que a lo largo de la diputaci\u00f3n permanente se pronunciaron en contra de la discriminaci\u00f3n en contra de los pueblos y comunidades ind\u00edgenas y afromexicanos; se aprobaron las minutas que reforman la Constituci\u00f3n Federal en materia juventud y de movilidad y seguridad vial; ponderaron las iniciativas y proposiciones que buscan erradicar la violencia en contra de mujeres y ni\u00f1as.<\/p>\n\n\n\n<figure class=\"wp-block-embed-twitter wp-block-embed is-type-rich is-provider-twitter\"><div class=\"wp-block-embed__wrapper\">\n<div class=\"twitter-tweet\"><blockquote class=\"twitter-tweet\" data-lang=\"es\"><p lang=\"es\" dir=\"ltr\">Imag\u00ednate, en redes dec\u00edan que a las 13 horas en vivo. La Constituci\u00f3n establece que alas 11 horas inicie la sesi\u00f3n de apertura y de informe <a href=\"https:\/\/t.co\/cCwauI3qyJ\">https:\/\/t.co\/cCwauI3qyJ<\/a><\/p>&mdash; rosy ramales (@rosyramales) <a href=\"https:\/\/twitter.com\/rosyramales\/status\/1327965264223285249?ref_src=twsrc%5Etfw\">15 de noviembre de 2020<\/a><\/blockquote><\/div>\n<\/div><\/figure>\n\n\n\n<p>As\u00ed mismo, erradicar los actos corrupci\u00f3n ejercidos por las autoridades estatales, hacer efectivo los \u00f3rganos internos de control en el Poder Judicial y Fiscal\u00eda General; proteger los derechos de los pueblos y comunidad ind\u00edgena y afromexicana; derecho menstrual de las mujeres, derechos de la ni\u00f1ez a una paternidad responsable, as\u00ed como guarda y custodia de menores v\u00edctimas indirectas de feminicidios.<\/p>\n\n\n\n<p>Todo lo anterior dijo, con la intenci\u00f3n de garantizar los derechos humanos de las personas, cumpliendo as\u00ed con el compromiso adquirido con el pueblo de Oaxaca desde el momento que asumieron el cargo.&nbsp;&nbsp;<\/p>\n\n\n\n<p>\u201cAgradezco a las diputadas y diputados que depositaron la confianza para elegir una diputaci\u00f3n permanente comprometida con el pueblo de Oaxaca y con los derechos humanos y los derechos de las mujeres\u201d, refiri\u00f3.&nbsp;<\/p>\n\n\n\n<p>Finalmente, y siendo las 6:58 horas, quedaron clausurados formalmente los trabajos legislativos de la Diputaci\u00f3n Permanente.&nbsp;<\/p>\n","protected":false},"excerpt":{"rendered":"<p>Evlin Arag\u00f3n\/Zona Roja. Oaxaca de Ju\u00e1rez, Oax., 15 de noviembre de 2020.- Casi de madrugada,&hellip;<\/p>\n","protected":false},"author":2,"featured_media":20092,"comment_status":"closed","ping_status":"open","sticky":false,"template":"","format":"standard","meta":{"_lmt_disableupdate":"","_lmt_disable":"","_jetpack_memberships_contains_paid_content":false,"footnotes":""},"categories":[109,47],"tags":[2216],"class_list":["post-20090","post","type-post","status-publish","format-standard","has-post-thumbnail","hentry","category-minuto-a-minuto","category-zona-gris","tag-cuarto-informe-de-gobierno-oaxaca"],"jetpack_featured_media_url":"https:\/\/zonaroja.com.mx\/wp-content\/uploads\/2020\/11\/FOTO-2-Clausura-de-la-Diputacion-Permanente-del-Congreso-del-Estado.jpg","jetpack_sharing_enabled":true,"_links":{"self":[{"href":"https:\/\/zonaroja.com.mx\/index.php?rest_route=\/wp\/v2\/posts\/20090","targetHints":{"allow":["GET"]}}],"collection":[{"href":"https:\/\/zonaroja.com.mx\/index.php?rest_route=\/wp\/v2\/posts"}],"about":[{"href":"https:\/\/zonaroja.com.mx\/index.php?rest_route=\/wp\/v2\/types\/post"}],"author":[{"embeddable":true,"href":"https:\/\/zonaroja.com.mx\/index.php?rest_route=\/wp\/v2\/users\/2"}],"replies":[{"embeddable":true,"href":"https:\/\/zonaroja.com.mx\/index.php?rest_route=%2Fwp%2Fv2%2Fcomments&post=20090"}],"version-history":[{"count":2,"href":"https:\/\/zonaroja.com.mx\/index.php?rest_route=\/wp\/v2\/posts\/20090\/revisions"}],"predecessor-version":[{"id":20093,"href":"https:\/\/zonaroja.com.mx\/index.php?rest_route=\/wp\/v2\/posts\/20090\/revisions\/20093"}],"wp:featuredmedia":[{"embeddable":true,"href":"https:\/\/zonaroja.com.mx\/index.php?rest_route=\/wp\/v2\/media\/20092"}],"wp:attachment":[{"href":"https:\/\/zonaroja.com.mx\/index.php?rest_route=%2Fwp%2Fv2%2Fmedia&parent=20090"}],"wp:term":[{"taxonomy":"category","embeddable":true,"href":"https:\/\/zonaroja.com.mx\/index.php?rest_route=%2Fwp%2Fv2%2Fcategories&post=20090"},{"taxonomy":"post_tag","embeddable":true,"href":"https:\/\/zonaroja.com.mx\/index.php?rest_route=%2Fwp%2Fv2%2Ftags&post=20090"}],"curies":[{"name":"wp","href":"https:\/\/api.w.org\/{rel}","templated":true}]}}