{"id":20100,"date":"2020-11-15T18:25:33","date_gmt":"2020-11-16T00:25:33","guid":{"rendered":"http:\/\/www.zonaroja.com.mx\/?p=20100"},"modified":"2020-11-15T18:25:41","modified_gmt":"2020-11-16T00:25:41","slug":"presenta-murat-informe-a-puerta-cerrada-logros-en-su-mayoria-federales","status":"publish","type":"post","link":"https:\/\/zonaroja.com.mx\/?p=20100","title":{"rendered":"Presenta Murat informe a puerta cerrada; logros, en su mayor\u00eda federales"},"content":{"rendered":"\n<p>Evlin Arag\u00f3n\/Zona Roja.<\/p>\n\n\n\n<p>Oaxaca de Ju\u00e1rez, Oax., 15 de noviembre de 2020.- Bajo el argumento de la pandemia de Covid-19, el gobernador de Oaxaca, Alejandro Murat Hinojosa, rindi\u00f3 v\u00eda la Corporaci\u00f3n Oaxaque\u00f1a de Radio y Televisi\u00f3n su Cuarto Informe de actividades.<\/p>\n\n\n\n<p>Pese a la dificultad del a\u00f1o, asegur\u00f3 que la entidad est\u00e1 de pie, con la frente en alto y lista para la nueva etapa de desarrollo, y destac\u00f3 el plan anticipado con el que se ha hecho frente a la contingencia sanitaria.&nbsp;<\/p>\n\n\n\n<p>Y es que de acuerdo con el mandatario la implementaci\u00f3n de dicho plan, que se hizo antes de que el virus alcanzar\u00e1 a la entidad, permiti\u00f3 la conclusi\u00f3n de por lo menos cuatro hospitales nuevos, saldando de a poco la deuda de centro hospitalarios inconclusos que dejo la administraci\u00f3n anterior.&nbsp;<\/p>\n\n\n\n<p>Toco con el acompa\u00f1amiento de la Federaci\u00f3n, lo que permiti\u00f3 una inversi\u00f3n de 357 millones de pesos para la compra de equipamiento y material para el personal m\u00e9dico que se encuentra, todav\u00eda, en la primera l\u00ednea de atenci\u00f3n de la pandemia a quienes dijo se les ha otorgado el est\u00edmulo prometido.&nbsp;&nbsp;<\/p>\n\n\n\n<p>Lo anterior ha sido refutado con protestas que hoy en d\u00eda mantiene personal de Salud en Oaxaca, a las afueras de la dependencia, y que durante los \u00faltimos meses reclam\u00f3 la falta de material de protecci\u00f3n que les permitiera atender sin riesgo a la poblaci\u00f3n infectada por el coronavirus y que incluso han utilizado las redes sociales para denunciar las carencias.&nbsp;<\/p>\n\n\n\n<p>A\u00fan as\u00ed, el mandatario estatal manifest\u00f3 que ha cumplido en tiempo y forma con el sector que permanece en la primera l\u00ednea de atenci\u00f3n, incluso destac\u00f3 la construcci\u00f3n del Hospital Covid M\u00f3vil donde han salido por propio pie las personas que ah\u00ed han sido internadas, ante las complicaciones de salud por la pandemia.&nbsp;<\/p>\n\n\n\n<p>En esta \u00e1rea recalc\u00f3 el existo de las campa\u00f1as \u201cReto 40 d\u00edas\u201d, \u201cYo me guardo por Oaxaca\u201d y \u201cTe quiero con salud\u201d, las cuales dijo redujeron los efectos de la contingencia sanitaria que hoy tiene cifras de 22 mil 882 casos confirmados y mil 819 defunciones en la entidad.&nbsp;<\/p>\n\n\n\n<p>Mientras que en materia econ\u00f3mica Murat Hinojosa asegur\u00f3 que Oaxaca mantiene un crecimiento sostenido de un tres por ciento, informaci\u00f3n respaldada por el INEGI que, adem\u00e1s refiere que la entidad fue la que menos empleos perdi\u00f3 a pesar de las adversidades en materia de salud.<\/p>\n\n\n\n<p>Explic\u00f3 que la entidad fue la primera en inyectar mil millones de pesos para mitigar el desempleo, dotar de 12 mil subsidios a m\u00e1s de 900 mil micro, peque\u00f1as y medianas empresas lo cual redujo el despido masivo de trabajadoras y trabajadores, as\u00ed como condonar el impuesto al hospedaje y reducir en un 50 por ciento el impuesto a la n\u00f3mina, adem\u00e1s de otros est\u00edmulos fiscales<\/p>\n\n\n\n<p>En materia de seguridad asegur\u00f3 que el estado es de los diez m\u00e1s seguros a nivel nacional, adem\u00e1s que destac\u00f3 una nueva red de comunicaci\u00f3n abierta de car\u00e1cter federal con la intenci\u00f3n de garantizar la integridad y el patrimonio de las familias.&nbsp;<\/p>\n\n\n\n<p>Lo expuesto por el mandatario no corresponde a las declaraciones cada m\u00e1s recurrentes por parte de las organizaciones sociales que refieren que la inseguridad y la impunidad son el gran tal\u00f3n de Aquiles de eta administraci\u00f3n en la que cada vez es m\u00e1s com\u00fan escuchar de homicidios, feminicidios y violencias de cualquier tipo.&nbsp;<\/p>\n\n\n\n<p>Pese a ello celebr\u00f3 no haber utilizado la fuerza p\u00fablica en lo cuatro a\u00f1os de su administraci\u00f3n, ello debido a la existencia de una gobernabilidad, estabilidad y paz social, que permite caminar libremente por las calles, negando completamente la cada vez m\u00e1s grave problem\u00e1tica de desapariciones de j\u00f3venes que ha alertado a las organizaciones feministas en la entidad.<\/p>\n\n\n\n<p>Adem\u00e1s destac\u00f3 la re ingenier\u00eda en la seguridad que ha reducido en 30 por ciento la incidencia delictiva durante este 2020, el cierre del penal de Ixcotel, as\u00ed como la forma de 46 convenios de conciliaci\u00f3n en comunidades con conflictos agrarios diferencia de los seis que se resolvieron en la administraci\u00f3n<\/p>\n\n\n\n<p>Y aunque reconoci\u00f3 que las mujeres siguen siendo v\u00edctima de violencia de g\u00e9nero asegur\u00f3 que se trabaja en acciones de prevenci\u00f3n y atenci\u00f3n de la econom\u00eda de las mujeres para empoderarlas y que puedan salir adelante, incluso en municipios que han sido decretados con Alerta de Violencia de G\u00e9nero, sin ahondar m\u00e1s en el tema y omitiendo las vergonzosas cifras de 471 feminicidios en lo que va de su administraci\u00f3n de acuerdo con el recuento del Grupo de Estudios sobre la Mujer \u201cRosario Castellanos\u201d.<\/p>\n\n\n\n<p>Durante las m\u00e1s de dos horas que dur\u00f3 el material audiovisual, que se transmiti\u00f2 por la Corporaci\u00f3n Oaxaque\u00f1a de Radio y Televisi\u00f3n (CORTV), el gobernador destac\u00f3 historias de oaxaque\u00f1as y oaxaque\u00f1os exitosos, as\u00ed como el discurso de que mientras creas en ti se puede salir adelante, sin explicar que \u00fanicamente aplica para unos cuantos, ya que las condiciones sociales y econ\u00f3micas, no s\u00f3lo del estado sino de todo el pa\u00eds, impiden que el grueso de la poblaci\u00f3n salga adelante con solo so\u00f1arlo.&nbsp;&nbsp;<\/p>\n","protected":false},"excerpt":{"rendered":"<p>Evlin Arag\u00f3n\/Zona Roja. Oaxaca de Ju\u00e1rez, Oax., 15 de noviembre de 2020.- Bajo el argumento&hellip;<\/p>\n","protected":false},"author":2,"featured_media":12839,"comment_status":"closed","ping_status":"open","sticky":false,"template":"","format":"standard","meta":{"_lmt_disableupdate":"","_lmt_disable":"","_jetpack_memberships_contains_paid_content":false,"footnotes":""},"categories":[109,47],"tags":[2216],"class_list":["post-20100","post","type-post","status-publish","format-standard","has-post-thumbnail","hentry","category-minuto-a-minuto","category-zona-gris","tag-cuarto-informe-de-gobierno-oaxaca"],"jetpack_featured_media_url":"https:\/\/zonaroja.com.mx\/wp-content\/uploads\/2020\/05\/Hospital-de-la-Mujer-y-el-Ni\u00f1o.jpeg","jetpack_sharing_enabled":true,"_links":{"self":[{"href":"https:\/\/zonaroja.com.mx\/index.php?rest_route=\/wp\/v2\/posts\/20100","targetHints":{"allow":["GET"]}}],"collection":[{"href":"https:\/\/zonaroja.com.mx\/index.php?rest_route=\/wp\/v2\/posts"}],"about":[{"href":"https:\/\/zonaroja.com.mx\/index.php?rest_route=\/wp\/v2\/types\/post"}],"author":[{"embeddable":true,"href":"https:\/\/zonaroja.com.mx\/index.php?rest_route=\/wp\/v2\/users\/2"}],"replies":[{"embeddable":true,"href":"https:\/\/zonaroja.com.mx\/index.php?rest_route=%2Fwp%2Fv2%2Fcomments&post=20100"}],"version-history":[{"count":1,"href":"https:\/\/zonaroja.com.mx\/index.php?rest_route=\/wp\/v2\/posts\/20100\/revisions"}],"predecessor-version":[{"id":20101,"href":"https:\/\/zonaroja.com.mx\/index.php?rest_route=\/wp\/v2\/posts\/20100\/revisions\/20101"}],"wp:featuredmedia":[{"embeddable":true,"href":"https:\/\/zonaroja.com.mx\/index.php?rest_route=\/wp\/v2\/media\/12839"}],"wp:attachment":[{"href":"https:\/\/zonaroja.com.mx\/index.php?rest_route=%2Fwp%2Fv2%2Fmedia&parent=20100"}],"wp:term":[{"taxonomy":"category","embeddable":true,"href":"https:\/\/zonaroja.com.mx\/index.php?rest_route=%2Fwp%2Fv2%2Fcategories&post=20100"},{"taxonomy":"post_tag","embeddable":true,"href":"https:\/\/zonaroja.com.mx\/index.php?rest_route=%2Fwp%2Fv2%2Ftags&post=20100"}],"curies":[{"name":"wp","href":"https:\/\/api.w.org\/{rel}","templated":true}]}}